{"id":1622,"date":"2021-06-24T12:50:14","date_gmt":"2021-06-24T12:50:14","guid":{"rendered":"https:\/\/covid1984.nohost.me\/blog\/?p=1622"},"modified":"2022-08-20T11:05:02","modified_gmt":"2022-08-20T11:05:02","slug":"le-boycott-du-pass-sanitaire-montre-son-efficacite","status":"publish","type":"post","link":"https:\/\/crudelis.fr\/site\/covid1984\/2021\/06\/24\/le-boycott-du-pass-sanitaire-montre-son-efficacite\/","title":{"rendered":"Le boycott du pass sanitaire montre son efficacit\u00e9"},"content":{"rendered":"\n<p>Les festivals d'\u00e9t\u00e9 n'arrivent pas \u00e0 remplir leur jauge r\u00e9duite \u00e0 5000 places en raison du pass sanitaire.<br>Et ce faisant demande l'annulation du pass sanitaire.<\/p>\n\n\n\n<!--more-->\n\n\n\n<p><a rel=\"noreferrer noopener\" href=\"https:\/\/www.leparisien.fr\/culture-loisirs\/on-est-tous-grave-en-colere-le-pass-sanitaire-plombe-les-grands-festivals-dete-24-06-2021-FLXP2RE2VBB6RKKM5ZZYQGOOSU.php\" data-type=\"URL\" data-id=\"https:\/\/www.leparisien.fr\/culture-loisirs\/on-est-tous-grave-en-colere-le-pass-sanitaire-plombe-les-grands-festivals-dete-24-06-2021-FLXP2RE2VBB6RKKM5ZZYQGOOSU.php\" target=\"_blank\">Le Parisien - \u00abOn est tous grave en gal\u00e8re\u00bb : le pass sanitaire plombe les grands festivals d\u2019\u00e9t\u00e9<\/a><br><em>Temps de lecture: 5-6 minutes.<\/em><\/p>\n\n\n\n<hr class=\"wp-block-separator is-style-dots\" \/>\n\n\n\n<blockquote class=\"wp-block-quote is-layout-flow wp-block-quote-is-layout-flow\"><p><em>Alors que le Printemps de Bourges affiche quasi complet cette semaine avec des jauges limit\u00e9es \u00e0 1000 spectateurs, les festivals d\u2019\u00e9t\u00e9 qui misent sur les concerts de 5000 personnes, comme les Vieilles Charrues et les Francofolies, n\u2019arrivent pas \u00e0 remplir. En cause : le pass sanitaire, qui freine les r\u00e9servations.<\/em><\/p><cite>Eric Bureau pour Le Parisien<\/cite><\/blockquote>\n\n\n\n<blockquote class=\"wp-block-quote is-layout-flow wp-block-quote-is-layout-flow\"><p><em><em>D\u2019autant plus \u00e9tonnant que tous ces artistes peuvent habituellement remplir sans probl\u00e8me des salles immenses type l\u2019Accor Arena, l\u2019ex Bercy et ses 20 000 spectateurs, voire des stades.<\/em><\/em><\/p><cite>Eric Bureau pour Le Parisien<\/cite><\/blockquote>\n\n\n\n<blockquote class=\"wp-block-quote is-layout-flow wp-block-quote-is-layout-flow\"><p><em><em><em>Les festivals voulant accueillir entre 1000 et 5000 spectateurs par concert qui ont d\u00e9cid\u00e9 de se maintenir co\u00fbte que co\u00fbte cet \u00e9t\u00e9 pensaient que ce dispositif sanitaire contraignant mais simple les aiderait \u00e0 rassurer les festivaliers. En fait, il les handicape lourdement. Et plus les jours approchent, plus les organisateurs de ces \u00e9v\u00e9nements sont inquiets.<\/em><\/em><\/em><\/p><cite>Eric Bureau pour Le Parisien<\/cite><\/blockquote>\n\n\n\n<blockquote class=\"wp-block-quote is-layout-flow wp-block-quote-is-layout-flow\"><p><em><em><em>\u00ab On est tous grave en gal\u00e8re, avoue Alain Navarro, le directeur de Pause Guitare. Aucun de mes grands concerts n\u2019est rempli. Jamais je n\u2019aurais pens\u00e9 gal\u00e9rer pour remplir Soprano et Jean-Louis Aubert et on a vendu 1 000 places. Par contre, les concerts au grand th\u00e9\u00e2tre sont presque remplis parce qu\u2019ils sont en dessous de 1 000 places <em>(NDLR : et ne n\u00e9cessitent pas de pass sanitaire)<\/em>. Le public nous explique qu\u2019il n\u2019a pas envie de se d\u00e9placer \u00e0 90 % \u00e0 cause du pass sanitaire.<\/em><\/em><\/em><\/p><cite>Eric Bureau pour Le Parisien<\/cite><\/blockquote>\n\n\n\n<blockquote class=\"wp-block-quote is-layout-flow wp-block-quote-is-layout-flow\"><p><em><em><em>Alain Navarro, lui, demande carr\u00e9ment l\u2019abandon du pass sanitaire pour les festivals en plein air. \u00ab Pourquoi devrions nous le garder alors que les parcs de loisirs n\u2019en demandent pas ? \u00bb, demande-t-il. \u00ab Notre situation est d\u2019autant plus incompr\u00e9hensible qu\u2019il n\u2019y a pas besoin de pass sanitaire pour aller au Puy du Fou, ajoute G\u00e9rard Pont. Il y a deux poids deux mesures. On se bat pour que le pass sanitaire soit abandonn\u00e9 et vite. \u00bb<\/em><\/em><\/em><\/p><cite>Eric Bureau pour Le Parisien<\/cite><\/blockquote>\n\n\n\n<blockquote class=\"wp-block-quote is-layout-flow wp-block-quote-is-layout-flow\"><p><em><em><em>Ces deux festivals et d\u2019autres multiplient les d\u00e9marches aupr\u00e8s de leurs \u00e9lus locaux, de leurs syndicats nationaux et du minist\u00e8re de la Culture pour que le gouvernement les entende. \u00ab Vu l\u2019urgence, il n\u2019y a que cette d\u00e9cision qui peut nous sauver, estime le directeur de Pause Guitare, tr\u00e8s agac\u00e9.<\/em><\/em><\/em><\/p><cite>Eric Bureau pour Le Parisien<\/cite><\/blockquote>\n","protected":false},"excerpt":{"rendered":"<p>Les festivals d'\u00e9t\u00e9 n'arrivent pas \u00e0 remplir leur jauge r\u00e9duite \u00e0 5000 places en raison du pass sanitaire.Et ce faisant demande l'annulation du pass sanitaire.<\/p>\n","protected":false},"author":2,"featured_media":0,"comment_status":"open","ping_status":"open","sticky":false,"template":"","format":"standard","meta":{"footnotes":""},"categories":[2,77],"tags":[],"class_list":["post-1622","post","type-post","status-publish","format-standard","hentry","category-actualite","category-covid19"],"_links":{"self":[{"href":"https:\/\/crudelis.fr\/site\/covid1984\/wp-json\/wp\/v2\/posts\/1622","targetHints":{"allow":["GET"]}}],"collection":[{"href":"https:\/\/crudelis.fr\/site\/covid1984\/wp-json\/wp\/v2\/posts"}],"about":[{"href":"https:\/\/crudelis.fr\/site\/covid1984\/wp-json\/wp\/v2\/types\/post"}],"author":[{"embeddable":true,"href":"https:\/\/crudelis.fr\/site\/covid1984\/wp-json\/wp\/v2\/users\/2"}],"replies":[{"embeddable":true,"href":"https:\/\/crudelis.fr\/site\/covid1984\/wp-json\/wp\/v2\/comments?post=1622"}],"version-history":[{"count":1,"href":"https:\/\/crudelis.fr\/site\/covid1984\/wp-json\/wp\/v2\/posts\/1622\/revisions"}],"predecessor-version":[{"id":2141,"href":"https:\/\/crudelis.fr\/site\/covid1984\/wp-json\/wp\/v2\/posts\/1622\/revisions\/2141"}],"wp:attachment":[{"href":"https:\/\/crudelis.fr\/site\/covid1984\/wp-json\/wp\/v2\/media?parent=1622"}],"wp:term":[{"taxonomy":"category","embeddable":true,"href":"https:\/\/crudelis.fr\/site\/covid1984\/wp-json\/wp\/v2\/categories?post=1622"},{"taxonomy":"post_tag","embeddable":true,"href":"https:\/\/crudelis.fr\/site\/covid1984\/wp-json\/wp\/v2\/tags?post=1622"}],"curies":[{"name":"wp","href":"https:\/\/api.w.org\/{rel}","templated":true}]}}