{"id":1626,"date":"2021-06-25T12:19:24","date_gmt":"2021-06-25T12:19:24","guid":{"rendered":"https:\/\/covid1984.nohost.me\/blog\/?p=1626"},"modified":"2022-08-20T11:05:02","modified_gmt":"2022-08-20T11:05:02","slug":"comprendre-les-donnees-de-mortalite-europeenne-pour-prendre-les-bonnes-decisions","status":"publish","type":"post","link":"https:\/\/crudelis.fr\/site\/covid1984\/2021\/06\/25\/comprendre-les-donnees-de-mortalite-europeenne-pour-prendre-les-bonnes-decisions\/","title":{"rendered":"Comprendre les donn\u00e9es de mortalit\u00e9 europ\u00e9enne pour prendre les bonnes d\u00e9cisions"},"content":{"rendered":"\n<p>Nouvelle vid\u00e9o de D\u00e9coder l'\u00e9co qui explique, chiffres et graphiques \u00e0 l 'appui, les pics de mortalit\u00e9s de l'ann\u00e9e 2020 et 2021.<br>Loin de la propagande officielle, ces informations corroborent les avertissements de nombreux m\u00e9decins. L'absence de soin est la principale raison de la mortalit\u00e9.<\/p>\n\n\n\n<!--more-->\n\n\n\n<p><a rel=\"noreferrer noopener\" href=\"https:\/\/odysee.com\/@decoderleco:c\/comprendre-les-donn%C3%A9es-de-mortalit%C3%A9:e?\" data-type=\"URL\" data-id=\"https:\/\/odysee.com\/@decoderleco:c\/comprendre-les-donn%C3%A9es-de-mortalit%C3%A9:e?\" target=\"_blank\">Odysee - Comprendre les donn\u00e9es de mortalit\u00e9 europ\u00e9enne pour prendre les bonnes d\u00e9cisions Partie 1<\/a><br><em>Temps de lecture: 16 minutes.<\/em><\/p>\n\n\n\n<p><a rel=\"noreferrer noopener\" href=\"https:\/\/odysee.com\/@decoderleco:c\/mortalite_europe_2:4\" target=\"_blank\" data-type=\"URL\" data-id=\"https:\/\/odysee.com\/@decoderleco:c\/mortalite_europe_2:4\">Odysee - Comprendre les donn\u00e9es de mortalit\u00e9 europ\u00e9enne pour prendre les bonnes d\u00e9cisions Partie 2<\/a><br><em>Temps de lecture: 35 minutes.<\/em><\/p>\n\n\n\n<p>Une retranscription est disponible<br><a href=\"https:\/\/www.agoravox.fr\/actualites\/politique\/article\/la-mortalite-en-europe-l-urgence-d-233716\" data-type=\"URL\" data-id=\"https:\/\/www.agoravox.fr\/actualites\/politique\/article\/la-mortalite-en-europe-l-urgence-d-233716\" target=\"_blank\" rel=\"noreferrer noopener\">AgoraVox - La mortalit\u00e9 en Europe\u00a0: l\u2019urgence d\u2019arr\u00eater la psychose<\/a><br><em>Temps de lecture: 112-144 minutes.<\/em><\/p>\n\n\n\n<hr class=\"wp-block-separator is-style-dots\" \/>\n\n\n\n<blockquote class=\"wp-block-quote is-layout-flow wp-block-quote-is-layout-flow\"><p><em>Du point de vue de la mortalit\u00e9, l\u2019ann\u00e9e 2020 est comparable au reste de la d\u00e9cennie pour une majorit\u00e9 de pays d\u2019Europe<\/em><\/p><cite>D\u00e9coder l\u2019\u00e9co<\/cite><\/blockquote>\n\n\n\n<blockquote class=\"wp-block-quote is-layout-flow wp-block-quote-is-layout-flow\"><p><em><em>Pour l\u2019Islande, la Norv\u00e8ge et le Danemark , l\u2019ann\u00e9e 2020 est en fait l\u2019ann\u00e9e la moins mortelle de toute leur histoire. Dans ces pays, les habitants ne sont jamais moins morts qu\u2019en 2020. Ce n\u2019est pas pour autant qu\u2019ils n\u2019ont pas de morts attribu\u00e9s \u00e0 la Covid-19,\u00a0mais dans ces pays, malgr\u00e9 la pand\u00e9mie annonc\u00e9e, l\u2019ann\u00e9e 2020 est le record absolu de plus faible mortalit\u00e9.<\/em><\/em><\/p><p><em>L\u2019Allemagne, la Su\u00e8de, la Finlande, l\u2019Estonie et la Lituanie ont v\u00e9cu la 2e ann\u00e9e la moins mortelle de toute leur histoire. Seule l\u2019ann\u00e9e 2019 a enregistr\u00e9 moins de d\u00e9c\u00e8s. En effet, pour l\u2019\u00e9crasante majorit\u00e9 des pays d\u2019Europe, l\u2019ann\u00e9e 2019 a \u00e9t\u00e9 un record de sous-mortalit\u00e9 qui sera tr\u00e8s difficile \u00e0 battre, m\u00eame en enfermant toute la population.<\/em><\/p><p><em>Une majorit\u00e9 des pays d\u2019Europe, dont la France, a v\u00e9cu une ann\u00e9e 2020 dans la norme de la d\u00e9cennie.<\/em><\/p><cite>D\u00e9coder l\u2019\u00e9co<\/cite><\/blockquote>\n\n\n\n<blockquote class=\"wp-block-quote is-layout-flow wp-block-quote-is-layout-flow\"><p><em><em><em>L\u2019ann\u00e9e 2020 pr\u00e9sent\u00e9e comme une h\u00e9catombe mondiale, n\u2019est en fait qu\u2019une ann\u00e9e pendant laquelle, au pire, les humains sont morts dans les m\u00eames proportions que l\u2019ann\u00e9e 2010. Ce qui est montr\u00e9 depuis 6 mois pour la France sur la cha\u00eene D\u00e9coder l\u2019\u00e9co, est donc r\u00e9plicable pour tous les pays pour lesquels des donn\u00e9es sont disponibles.<\/em><\/em><\/em><\/p><cite>D\u00e9coder l\u2019\u00e9co<\/cite><\/blockquote>\n\n\n\n<blockquote class=\"wp-block-quote is-layout-flow wp-block-quote-is-layout-flow\"><p><em>L\u2019ann\u00e9e 2019 a connu une mortalit\u00e9 extr\u00eamement faible partout en Europe. Il semble banal de penser que si des morts sont \u00e9vit\u00e9s une ann\u00e9e, elles finiront par se r\u00e9percuter sur les ann\u00e9es suivantes et non pas ne plus jamais survenir. Encore en 2020, on ne peut pas \u00e9viter la mort, au mieux on la repousse.<\/em><\/p><cite>D\u00e9coder l\u2019\u00e9co<\/cite><\/blockquote>\n\n\n\n<blockquote class=\"wp-block-quote is-layout-flow wp-block-quote-is-layout-flow\"><p><em><em><em>Parmi les 9 pays ayant connu une surmortalit\u00e9 au mois de mars-avril, 7 ont mis en place un confinement \u00e0 cette p\u00e9riode. Dans tous ces pays, le seuil de surmortalit\u00e9 a \u00e9t\u00e9 franchis apr\u00e8s le d\u00e9but du confinement. En tenant compte du d\u00e9lai d\u2019arriv\u00e9e des donn\u00e9es, on conclue que la d\u00e9cision du confinement n\u2019a jamais pu \u00eatre d\u00e9clench\u00e9e par r\u00e9action \u00e0 une surmortalit\u00e9.<\/em><\/em><\/em><\/p><cite>D\u00e9coder l\u2019\u00e9co<\/cite><\/blockquote>\n\n\n\n<blockquote class=\"wp-block-quote is-layout-flow wp-block-quote-is-layout-flow\"><p><em>Beaucoup de journalistes \u00e9crivent que le confinement strict a permis de sauver de nombreuses vies par l\u2019absence des accidents de voiture. Il est ais\u00e9 de quantifier le nombre de vies sauv\u00e9es au maximum par une telle mesure. Il y a environ 3 600 d\u00e9c\u00e8s sur la route par an en France, soit 300 par mois, cela fait environ 600 d\u00e9c\u00e8s sur la p\u00e9riode de confinement. Les \u00be de ces d\u00e9c\u00e8s concernent des moins de 65 ans.<\/em><\/p><cite>D\u00e9coder l\u2019\u00e9co<\/cite><\/blockquote>\n\n\n\n<blockquote class=\"wp-block-quote is-layout-flow wp-block-quote-is-layout-flow\"><p><em><em>Parall\u00e8lement, le 7 mai 2020, dans son bulletin \u00e9pid\u00e9miologique, Sant\u00e9 publique France tire la sonnette d\u2019alarme sur le renoncement au soin. En France, environ 120 000 infarctus sont d\u00e9nombr\u00e9s chaque ann\u00e9e, soit 20 000 attendus pendant la p\u00e9riode de confinement. De m\u00eame, 150\u00a0000\u00a0AVC sont comptabilis\u00e9s chaque ann\u00e9e, soit 25 000 en 2 mois. Contrairement aux accidents de la route, les AVC et les infarctus touchent majoritairement le m\u00eame public que les victimes de la Covid.<\/em><\/em><\/p><cite>D\u00e9coder l\u2019\u00e9co<\/cite><\/blockquote>\n\n\n\n<blockquote class=\"wp-block-quote is-layout-flow wp-block-quote-is-layout-flow\"><p><em>Ce choix de ne pas laisser les m\u00e9decins de ville proposer de traitements dans le cadre d\u2019une infection respiratoire aigu\u00eb pendant les mois de mars et d\u2019avril, a entra\u00een\u00e9 une d\u00e9gradation sans pr\u00e9c\u00e9dent de l\u2019\u00e9tat de sant\u00e9 des patients. La non-prescription d\u2019antibiotiques aura permis aux bact\u00e9ries de prolif\u00e9rer chez les patients \u00e2g\u00e9s et affaiblis. Ainsi, \u00e0 partir de fin mars, de nombreux fran\u00e7ais dont l\u2019\u00e9tat de sant\u00e9 s\u2019est d\u00e9grad\u00e9 \u00e0 leur domicile affluent dans les services hospitaliers.<\/em><\/p><cite>D\u00e9coder l\u2019\u00e9co<\/cite><\/blockquote>\n\n\n\n<blockquote class=\"wp-block-quote is-layout-flow wp-block-quote-is-layout-flow\"><p><em><em><em>Ainsi, 50 % des patients arrivant \u00e0 l\u2019h\u00f4pital sont plac\u00e9s en r\u00e9animation d\u00e8s de le premier jour et 17% des patients d\u00e9c\u00e8dent d\u00e8s le premier jour. Ces ratios \u00e9normes prouvent que les patient arrivent trop tard \u00e0 l\u2019h\u00f4pital.<\/em><\/em><\/em><\/p><cite>D\u00e9coder l\u2019\u00e9co<\/cite><\/blockquote>\n\n\n\n<blockquote class=\"wp-block-quote is-layout-flow wp-block-quote-is-layout-flow\"><p><em><em><em>Ainsi, la d\u00e9rogation du d\u00e9cret ne propose pas l\u2019utilisation d\u2019un s\u00e9datif, mais d\u2019un m\u00e9dicament d\u00e9clenchant l\u2019arr\u00eat de la respiration du patient et donc son d\u00e9c\u00e8s anticip\u00e9. Le d\u00e9cret a eu cours du 28 mars au 11 mai, soit dans la p\u00e9riode exacte sur laquelle est constat\u00e9e le plus fort nombre de d\u00e9c\u00e8s depuis la canicule de 2003. L\u2019analyse des ventes de Rivotril en pharmacie dans sa forme injectable refl\u00e8te l\u2019ampleur de l\u2019utilisation de ce produit.<\/em><\/em><\/em><\/p><cite>D\u00e9coder l\u2019\u00e9co<\/cite><\/blockquote>\n\n\n\n<blockquote class=\"wp-block-quote is-layout-flow wp-block-quote-is-layout-flow\"><p><em>Ainsi, contrairement aux antibiotiques, les ventes de bo\u00eetes Rivotril dans a forme injectable ont augment\u00e9 de 59\u00a0% au mois de mars et de 227\u00a0% en avril relativement \u00e0 la moyenne observ\u00e9e entre 2017 et 2019. Cette augmentation sur mars-avril repr\u00e9sente 1 700 bo\u00eetes du produit et plus de l\u2019habitude. Pr\u00e9cisons que chaque bo\u00eete contient 6 ampoules dont une \u00e0 2 sont utilis\u00e9es par patient dans le cadre d\u2019une fin de vie. Ces statistiques ne refl\u00e8tent que partiellement l\u2019utilisation de cette mol\u00e9cule, car elles ne prennent pas en compte les doses qui ne sont pas distribu\u00e9es par les pharmacies de ville, par exemple en provenance directe de l\u2019h\u00f4pital. On s\u2019\u00e9tonne par la suite que la consommation de ce produit dans sa forme injectable n\u2019ait pas retrouv\u00e9 son ancien niveau. Entre mars 2020 et mars 2021, ce sont 6 150 bo\u00eetes suppl\u00e9mentaires \u00e0 l\u2019habitude qui ont \u00e9t\u00e9 vendues, soit plus de 36 000 ampoules.<\/em><\/p><cite>D\u00e9coder l\u2019\u00e9co<\/cite><\/blockquote>\n\n\n\n<blockquote class=\"wp-block-quote is-layout-flow wp-block-quote-is-layout-flow\"><p><em><em>De nombreux pays europ\u00e9ens pr\u00e9sentent une mortalit\u00e9 saisonni\u00e8re forte et pr\u00e9coce d\u00e8s octobre 2020. Seuls quelques pays \u00e9chappent \u00e0 cette hausse des d\u00e9c\u00e8s : Chypre, Malte, le Danemark, l\u2019Islande, la Norv\u00e8ge et la Finlande. Pour les pays concern\u00e9s cependant, la hausse de mortalit\u00e9 est simultan\u00e9e, rendant, encore une fois, impossible la seule cause d\u2019un unique virus se propageant en Europe. Nous notons de surcro\u00eet, que la g\u00e9n\u00e9ralisation du port du masque, les gestes barri\u00e8re, les fermetures de nombreux lieux publics, les jauges de publics dans les commerces, la profusion de gel hydroalcoolique ou encore la diffusion du t\u00e9l\u00e9travail, n\u2019ont absolument pas emp\u00each\u00e9 la mortalit\u00e9 hivernale d\u2019\u00eatre aux m\u00eames niveaux, voire l\u00e9g\u00e8rement sup\u00e9rieur \u00e0 ce qui est observ\u00e9 d\u2019habitude.<\/em><\/em><\/p><cite>D\u00e9coder l\u2019\u00e9co<\/cite><\/blockquote>\n\n\n\n<blockquote class=\"wp-block-quote is-layout-flow wp-block-quote-is-layout-flow\"><p><em><em><em>La campagne de vaccinale grippale arrive tardivement dans l\u2019ann\u00e9e. Elle est concomitante \u00e0 la hausse de mortalit\u00e9 hivernale.<\/em><\/em><\/em><\/p><cite>D\u00e9coder l\u2019\u00e9co<\/cite><\/blockquote>\n\n\n\n<blockquote class=\"wp-block-quote is-layout-flow wp-block-quote-is-layout-flow\"><p><em><em><em>Concernant la Hongrie, on note une concomitance parfaite entre le d\u00e9but de la campagne vaccinale contre la Covid-19 et une tr\u00e8s forte hausse de la mortalit\u00e9 pour atteindre le maximum connu en d\u00e9cembre pour les plus de 65 ans. Pour les moins de 65 ans, la situation est pire que 2 mois auparavant. Il s\u2019agit m\u00eame d\u2019un record absolu pour toute la p\u00e9riode o\u00f9 nous disposons de donn\u00e9es sur Eurostat (2013).<\/em><\/em><\/em><\/p><cite>D\u00e9coder l\u2019\u00e9co<\/cite><\/blockquote>\n\n\n\n<blockquote class=\"wp-block-quote is-layout-flow wp-block-quote-is-layout-flow\"><p><em>Si on prend en compte l\u2019\u00e9volution de la pyramide des \u00e2ges en Hongrie et la forte baisse du nombre de moins de 40 ans, il s\u2019agit \u00e9galement de la p\u00e9riode connaissant le plus de d\u00e9c\u00e8s de jeunes enregistr\u00e9s. \u00c9tant commun\u00e9ment admis que les jeunes ne d\u00e9c\u00e8dent quasiment jamais d\u2019infections respiratoires aigu\u00ebs contract\u00e9es pendant l\u2019hiver, et pas plus de la Covid-19, le nombre de causes possibles de cette surmortalit\u00e9 est limit\u00e9e. M\u00eame si certains affirmeront que la cause viendrait d\u2019un nouveau virus, cela signifierait qu\u2019il serait apparu uniquement depuis la campagne vaccinale.<\/em><\/p><cite>D\u00e9coder l\u2019\u00e9co<\/cite><\/blockquote>\n\n\n\n<blockquote class=\"wp-block-quote is-layout-flow wp-block-quote-is-layout-flow\"><p><em><em><em>Pour la France, les diff\u00e9rentes mesures identifi\u00e9es participent m\u00e9caniquement \u00e0 une augmentation des d\u00e9c\u00e8s sans que l\u2019on puisse quantifier un quelconque impact b\u00e9n\u00e9fique. D\u00e8s lors, si la mortalit\u00e9 n\u2019est finalement pas exceptionnelle, est-il raisonnable d\u2019entretenir un climat de peur, de maintenir les r\u00e8gles liberticides en place et de lancer des campagnes de vaccinations d\u2019une ampleur jamais connue r\u00e9alis\u00e9es \u00e0 partir de produits exp\u00e9rimentaux ?<\/em><\/em><\/em><\/p><cite>D\u00e9coder l\u2019\u00e9co<\/cite><\/blockquote>\n\n\n\n<blockquote class=\"wp-block-quote is-layout-flow wp-block-quote-is-layout-flow\"><p><em><em><em>Nous observons que tous les pays europ\u00e9ens ayant d\u00e9marr\u00e9 en masse une campagne de vaccination contre la Covid-19 ont des taux de mortalit\u00e9 inhabituels pour la saison. Les pays ayant le plus massivement vaccin\u00e9s ont des taux de mortalit\u00e9 chez leurs jeunes jamais \u00e9gal\u00e9s jusqu\u2019\u00e0 maintenant.<\/em><\/em><\/em><\/p><cite>D\u00e9coder l\u2019\u00e9co<\/cite><\/blockquote>\n","protected":false},"excerpt":{"rendered":"<p>Nouvelle vid\u00e9o de D\u00e9coder l'\u00e9co qui explique, chiffres et graphiques \u00e0 l 'appui, les pics de mortalit\u00e9s de l'ann\u00e9e 2020 et 2021.Loin de la propagande officielle, ces informations corroborent les avertissements de nombreux m\u00e9decins. L'absence de soin est la principale raison de la mortalit\u00e9.<\/p>\n","protected":false},"author":2,"featured_media":0,"comment_status":"open","ping_status":"open","sticky":false,"template":"","format":"standard","meta":{"footnotes":""},"categories":[77,12,17,19],"tags":[21,28],"class_list":["post-1626","post","type-post","status-publish","format-standard","hentry","category-covid19","category-mortalite","category-ressources","category-vaccin","tag-confinement","tag-relativiser"],"_links":{"self":[{"href":"https:\/\/crudelis.fr\/site\/covid1984\/wp-json\/wp\/v2\/posts\/1626","targetHints":{"allow":["GET"]}}],"collection":[{"href":"https:\/\/crudelis.fr\/site\/covid1984\/wp-json\/wp\/v2\/posts"}],"about":[{"href":"https:\/\/crudelis.fr\/site\/covid1984\/wp-json\/wp\/v2\/types\/post"}],"author":[{"embeddable":true,"href":"https:\/\/crudelis.fr\/site\/covid1984\/wp-json\/wp\/v2\/users\/2"}],"replies":[{"embeddable":true,"href":"https:\/\/crudelis.fr\/site\/covid1984\/wp-json\/wp\/v2\/comments?post=1626"}],"version-history":[{"count":1,"href":"https:\/\/crudelis.fr\/site\/covid1984\/wp-json\/wp\/v2\/posts\/1626\/revisions"}],"predecessor-version":[{"id":2140,"href":"https:\/\/crudelis.fr\/site\/covid1984\/wp-json\/wp\/v2\/posts\/1626\/revisions\/2140"}],"wp:attachment":[{"href":"https:\/\/crudelis.fr\/site\/covid1984\/wp-json\/wp\/v2\/media?parent=1626"}],"wp:term":[{"taxonomy":"category","embeddable":true,"href":"https:\/\/crudelis.fr\/site\/covid1984\/wp-json\/wp\/v2\/categories?post=1626"},{"taxonomy":"post_tag","embeddable":true,"href":"https:\/\/crudelis.fr\/site\/covid1984\/wp-json\/wp\/v2\/tags?post=1626"}],"curies":[{"name":"wp","href":"https:\/\/api.w.org\/{rel}","templated":true}]}}