{"id":1634,"date":"2021-07-06T11:58:12","date_gmt":"2021-07-06T11:58:12","guid":{"rendered":"https:\/\/covid1984.nohost.me\/blog\/?p=1634"},"modified":"2022-08-20T11:04:14","modified_gmt":"2022-08-20T11:04:14","slug":"le-pass-sanitaire-supprime-dans-une-foire-suite-au-boycott-des-visiteurs","status":"publish","type":"post","link":"https:\/\/crudelis.fr\/site\/covid1984\/2021\/07\/06\/le-pass-sanitaire-supprime-dans-une-foire-suite-au-boycott-des-visiteurs\/","title":{"rendered":"Le pass sanitaire supprim\u00e9 dans une foire suite au boycott des visiteurs"},"content":{"rendered":"\n<p>D\u00e9j\u00e0 de <a href=\"https:\/\/crudelis.fr\/site\/covid1984\/2021\/06\/24\/le-boycott-du-pass-sanitaire-montre-son-efficacite\/\" data-type=\"URL\" data-id=\"https:\/\/crudelis.fr\/site\/covid1984\/2021\/06\/24\/le-boycott-du-pass-sanitaire-montre-son-efficacite\/\" target=\"_blank\" rel=\"noreferrer noopener\">nombreux festivals se plaignant<\/a> de ne pas avoir de public en raison du pass sanitaire, c'est au tour de la foire de Tours.<\/p>\n\n\n\n<!--more-->\n\n\n\n<p><a rel=\"noreferrer noopener\" href=\"https:\/\/www.francebleu.fr\/infos\/economie-social\/enieme-revirement-a-la-foire-de-tours-plus-de-pass-sanitaire-apres-la-fronde-des-exposants-1625245105\" target=\"_blank\">France bleu - Eni\u00e8me revirement \u00e0 la Foire de Tours : plus de pass sanitaire apr\u00e8s la fronde des exposants<\/a><br><em>Temps de lecture: 4-5 minutes.<\/em><\/p>\n\n\n\n<hr class=\"wp-block-separator has-css-opacity is-style-dots\"\/>\n\n\n\n<blockquote class=\"wp-block-quote is-layout-flow wp-block-quote-is-layout-flow\"><p><em>Le pass sanitaire n'est finalement plus obligatoire pour entrer sur la Foire de Tours, depuis ce vendredi soir. Un \u00e9ni\u00e8me rebondissement, un jour seulement apr\u00e8s l'obligation du pass jeudi soir. Exposants et organisateurs, en col\u00e8re, sont maintenant soulag\u00e9s.<\/em><\/p><cite><em>Chlo\u00e9 Martin pour France Bleu Touraine<\/em><\/cite><\/blockquote>\n\n\n\n<blockquote class=\"wp-block-quote is-layout-flow wp-block-quote-is-layout-flow\"><p><em><em><em>\"Super, plus de pass !\"<\/em>. Les exposants de la Foire de Tours font exploser leur joie, en apprenant la nouvelle. <em>\"On va enfin pouvoir travailler et retrouver le public qu'on attendait !\"<\/em>. Aux abords des stands, c'est le soulagement apr\u00e8s une premi\u00e8re journ\u00e9e d'ouverture du salon d\u00e9sert\u00e9e par le public, ce vendredi 2 juillet, apr\u00e8s l'obligation la veille de pr\u00e9senter un pass sanitaire.<\/em><\/em><\/p><cite><em>Chlo\u00e9 Martin pour France Bleu Touraine<\/em><\/cite><\/blockquote>\n","protected":false},"excerpt":{"rendered":"<p>D\u00e9j\u00e0 de nombreux festivals se plaignant de ne pas avoir de public en raison du pass sanitaire, c'est au tour de la foire de Tours.<\/p>\n","protected":false},"author":2,"featured_media":0,"comment_status":"open","ping_status":"open","sticky":false,"template":"","format":"standard","meta":{"footnotes":""},"categories":[2,77],"tags":[],"class_list":["post-1634","post","type-post","status-publish","format-standard","hentry","category-actualite","category-covid19"],"_links":{"self":[{"href":"https:\/\/crudelis.fr\/site\/covid1984\/wp-json\/wp\/v2\/posts\/1634","targetHints":{"allow":["GET"]}}],"collection":[{"href":"https:\/\/crudelis.fr\/site\/covid1984\/wp-json\/wp\/v2\/posts"}],"about":[{"href":"https:\/\/crudelis.fr\/site\/covid1984\/wp-json\/wp\/v2\/types\/post"}],"author":[{"embeddable":true,"href":"https:\/\/crudelis.fr\/site\/covid1984\/wp-json\/wp\/v2\/users\/2"}],"replies":[{"embeddable":true,"href":"https:\/\/crudelis.fr\/site\/covid1984\/wp-json\/wp\/v2\/comments?post=1634"}],"version-history":[{"count":1,"href":"https:\/\/crudelis.fr\/site\/covid1984\/wp-json\/wp\/v2\/posts\/1634\/revisions"}],"predecessor-version":[{"id":1966,"href":"https:\/\/crudelis.fr\/site\/covid1984\/wp-json\/wp\/v2\/posts\/1634\/revisions\/1966"}],"wp:attachment":[{"href":"https:\/\/crudelis.fr\/site\/covid1984\/wp-json\/wp\/v2\/media?parent=1634"}],"wp:term":[{"taxonomy":"category","embeddable":true,"href":"https:\/\/crudelis.fr\/site\/covid1984\/wp-json\/wp\/v2\/categories?post=1634"},{"taxonomy":"post_tag","embeddable":true,"href":"https:\/\/crudelis.fr\/site\/covid1984\/wp-json\/wp\/v2\/tags?post=1634"}],"curies":[{"name":"wp","href":"https:\/\/api.w.org\/{rel}","templated":true}]}}