{"id":165,"date":"2020-11-02T12:01:06","date_gmt":"2020-11-02T12:01:06","guid":{"rendered":"https:\/\/covid1984.nohost.me\/?p=165"},"modified":"2022-08-20T11:10:37","modified_gmt":"2022-08-20T11:10:37","slug":"pr-toussaint-macron-detruit-methodiquement-la-societe-et-lavenir-de-la-jeunesse","status":"publish","type":"post","link":"https:\/\/crudelis.fr\/site\/covid1984\/2020\/11\/02\/pr-toussaint-macron-detruit-methodiquement-la-societe-et-lavenir-de-la-jeunesse\/","title":{"rendered":"Pr Toussaint - \"Macron d\u00e9truit m\u00e9thodiquement la soci\u00e9t\u00e9 et l'avenir de la jeunesse\""},"content":{"rendered":"\n<p>Une int\u00e9ressante interview du Pr Toussaint sur Sud Radio le 15 octobre 2020.<\/p>\n\n\n\n<!--more-->\n\n\n\n<p><a rel=\"noreferrer noopener\" href=\"https:\/\/www.dailymotion.com\/video\/x7wu5nk\" data-type=\"URL\" data-id=\"https:\/\/www.dailymotion.com\/video\/x7wu5nk\" target=\"_blank\">dailymotion - Pr Toussaint - \"Macron d\u00e9truit m\u00e9thodiquement la soci\u00e9t\u00e9 et l'avenir de la jeunesse\"<\/a><br><em>8 minutes.<\/em><\/p>\n\n\n\n<hr class=\"wp-block-separator is-style-dots\" \/>\n\n\n\n<blockquote class=\"wp-block-quote is-style-default is-layout-flow wp-block-quote-is-layout-flow\"><p><em>[\u2026] Il ne s'agit pas d'une deuxi\u00e8me vague, il s'agit d'une augmentation lente mais continue, \u00e0 laquelle il faut r\u00e9pondre par des moyens sanitaires. C'\u00e9tait des mesures d'organisations sanitaire que la situation exigeait de l'\u00e9tat, or l\u00e0 il y renonce et il se met \u00e0 d\u00e9truire m\u00e9thodiquement la soci\u00e9t\u00e9 et l'avenir de la jeunesse.<\/em><\/p><cite>Pr Jean-Fran\u00e7ois Toussaint<\/cite><\/blockquote>\n\n\n\n<blockquote class=\"wp-block-quote is-style-default is-layout-flow wp-block-quote-is-layout-flow\"><p><em>[\u2026] On va avoir cette continuelle augmentation, lente, tr\u00e8s lente [\u2026]. Et cette augmentation de la mortalit\u00e9, elle aussi tr\u00e8s lente [\u2026], on voit qu'elle est proportionnelle \u00e0 ce qu'on a par ailleurs sur l'augmentation de la mortalit\u00e9 toute causes. C'est \u00e0 dire que vous avez de fin ao\u00fbt jusqu'\u00e0 \u00e0 fin janvier une augmentation de 50% de la mortalit\u00e9 toutes causes [\u2026]<\/em><\/p><cite>Pr Jean-Fran\u00e7ois Toussaint<\/cite><\/blockquote>\n","protected":false},"excerpt":{"rendered":"<p>Une int\u00e9ressante interview du Pr Toussaint sur Sud Radio le 15 octobre 2020.<\/p>\n","protected":false},"author":2,"featured_media":0,"comment_status":"open","ping_status":"open","sticky":false,"template":"","format":"standard","meta":{"footnotes":""},"categories":[2,77,9,12,16],"tags":[28,32],"class_list":["post-165","post","type-post","status-publish","format-standard","hentry","category-actualite","category-covid19","category-interview","category-mortalite","category-reanimation","tag-relativiser","tag-video"],"_links":{"self":[{"href":"https:\/\/crudelis.fr\/site\/covid1984\/wp-json\/wp\/v2\/posts\/165","targetHints":{"allow":["GET"]}}],"collection":[{"href":"https:\/\/crudelis.fr\/site\/covid1984\/wp-json\/wp\/v2\/posts"}],"about":[{"href":"https:\/\/crudelis.fr\/site\/covid1984\/wp-json\/wp\/v2\/types\/post"}],"author":[{"embeddable":true,"href":"https:\/\/crudelis.fr\/site\/covid1984\/wp-json\/wp\/v2\/users\/2"}],"replies":[{"embeddable":true,"href":"https:\/\/crudelis.fr\/site\/covid1984\/wp-json\/wp\/v2\/comments?post=165"}],"version-history":[{"count":1,"href":"https:\/\/crudelis.fr\/site\/covid1984\/wp-json\/wp\/v2\/posts\/165\/revisions"}],"predecessor-version":[{"id":2352,"href":"https:\/\/crudelis.fr\/site\/covid1984\/wp-json\/wp\/v2\/posts\/165\/revisions\/2352"}],"wp:attachment":[{"href":"https:\/\/crudelis.fr\/site\/covid1984\/wp-json\/wp\/v2\/media?parent=165"}],"wp:term":[{"taxonomy":"category","embeddable":true,"href":"https:\/\/crudelis.fr\/site\/covid1984\/wp-json\/wp\/v2\/categories?post=165"},{"taxonomy":"post_tag","embeddable":true,"href":"https:\/\/crudelis.fr\/site\/covid1984\/wp-json\/wp\/v2\/tags?post=165"}],"curies":[{"name":"wp","href":"https:\/\/api.w.org\/{rel}","templated":true}]}}