{"id":1654,"date":"2021-07-15T12:24:39","date_gmt":"2021-07-15T12:24:39","guid":{"rendered":"https:\/\/covid1984.nohost.me\/blog\/?p=1654"},"modified":"2022-08-20T11:04:13","modified_gmt":"2022-08-20T11:04:13","slug":"avant-projet-de-loi-de-la-dictature-sanitaire","status":"publish","type":"post","link":"https:\/\/crudelis.fr\/site\/covid1984\/2021\/07\/15\/avant-projet-de-loi-de-la-dictature-sanitaire\/","title":{"rendered":"Avant-projet de loi de la dictature sanitaire"},"content":{"rendered":"\n<p>Apr\u00e8s avoir annonc\u00e9 l'arriv\u00e9e iminente de ce type de loi, annonces moqu\u00e9es publiquement. La r\u00e9alit\u00e9 s'impose face aux incr\u00e9dules.<br>La dictature sanitaire est en passe de devenir r\u00e9alit\u00e9 en France. Le pays des droits de l'homme.<\/p>\n\n\n\n<p>Comme je l'ai d\u00e9j\u00e0 dit ici, Castex l'avait annonc\u00e9, trop t\u00f4t, en d\u00e9cembre dernier par son <a rel=\"noreferrer noopener\" href=\"https:\/\/crudelis.fr\/site\/covid1984\/2020\/12\/22\/etat-durgence-permanent-et-vaccin-obligatoire\/\" target=\"_blank\">Projet de loi instituant un r\u00e9gime p\u00e9renne de gestion des urgences sanitaires<\/a>. Le projet de loi revient aujourd'hui dans un climat beaucoup plus m\u00fbr.<\/p>\n\n\n\n<!--more-->\n\n\n\n<p><a href=\"https:\/\/www.publicsenat.fr\/article\/parlementaire\/document-l-avant-projet-de-loi-sur-l-obligation-vaccinale-et-le-passe\" target=\"_blank\" rel=\"noreferrer noopener\">Public S\u00e9nat - [Document] L\u2019avant-projet de loi sur l\u2019obligation vaccinale et le passe sanitaire g\u00e9n\u00e9ralis\u00e9<\/a><br><em>Temps de lecture: 10-15 minutes.<\/em><\/p>\n\n\n\n<hr class=\"wp-block-separator has-css-opacity is-style-dots\"\/>\n\n\n\n<blockquote class=\"wp-block-quote is-layout-flow wp-block-quote-is-layout-flow\"><p><em>Des sanctions p\u00e9nales sont m\u00eame pr\u00e9vues par le texte, pouvant aller jusqu\u2019\u00e0 6 mois de prison et 10.000 euros d\u2019amende pour les clients qui n\u2019ont pas le passe sanitaire. Les responsables des \u00e9tablissements qui ne contr\u00f4leraient pas le passe sanitaire seront eux passible d\u2019un an de prison et de 45.000 euros d\u2019amende.<\/em><\/p><cite>Fran\u00e7ois Vignal pour Public S\u00e9nat<\/cite><\/blockquote>\n\n\n\n<blockquote class=\"wp-block-quote is-layout-flow wp-block-quote-is-layout-flow\"><p><em><em>L\u2019isolement contraint des personnes d\u00e9clar\u00e9es positives au covid-19 sera cette fois mis en place.<\/em><\/em><\/p><cite>Fran\u00e7ois Vignal pour Public S\u00e9nat<\/cite><\/blockquote>\n\n\n\n<blockquote class=\"wp-block-quote is-layout-flow wp-block-quote-is-layout-flow\"><p><em><em><em>A d\u00e9faut de pr\u00e9senter \u00e0 leur employeur les documents mentionn\u00e9s au 1\u00b0 et 2\u00b0<\/em><\/em><\/em>[ndlr: Pass sanitaire]<em><em><em>, les salari\u00e9s ne peuvent plus exercer l\u2019activit\u00e9 mentionn\u00e9e \u00e0 l\u2019alin\u00e9a pr\u00e9c\u00e9dent. Le fait pour un salari\u00e9 de ne plus pouvoir exercer pendant une p\u00e9riode de plus de deux mois en application du pr\u00e9sent alin\u00e9a justifie son licenciement.<\/em><\/em><\/em><\/p><cite>Projet de loi<\/cite><\/blockquote>\n\n\n\n<blockquote class=\"wp-block-quote is-layout-flow wp-block-quote-is-layout-flow\"><p><em><em><em>Le fait, pour un exploitant d\u2019un lieu ou \u00e9tablissement, le responsable d\u2019un \u00e9v\u00e9nement ou un exploitant de service de transport, de ne pas contr\u00f4ler la d\u00e9tention par les personnes qui souhaitent y acc\u00e9der des documents mentionn\u00e9s aux 1\u00b0 et 2\u00b0 du A est puni d\u2019un an d\u2019emprisonnement et de 45 000 euros d\u2019amende.<\/em><\/em><\/em><\/p><cite>Projet de loi<\/cite><\/blockquote>\n\n\n\n<blockquote class=\"wp-block-quote is-layout-flow wp-block-quote-is-layout-flow\"><p><em><em><em>A d\u00e9faut d\u2019avoir pr\u00e9sent\u00e9 le justificatif mentionn\u00e9 au II ou, pour la dur\u00e9e de validit\u00e9 de celui-ci, d\u2019un certificat de r\u00e9tablissement apr\u00e8s une contamination par la covid 19, selon le cas, \u00e0 leur employeur, \u00e0 leur organisme d\u2019assurance maladie de rattachement ou \u00e0 l\u2019agence r\u00e9gionale de sant\u00e9 comp\u00e9tente, les professionnels concern\u00e9s :<\/em><\/em><\/em><\/p><p><em><em><em>1\u00b0 Ne peuvent plus exercer l\u2019activit\u00e9 mentionn\u00e9e au I, \u00e0 compter du lendemain de la publication de la pr\u00e9sente loi, \u00e0 moins de pr\u00e9senter le r\u00e9sultat de l\u2019examen de d\u00e9pistage virologique ne concluant pas \u00e0 une contamination par la covid-19 ;<\/em><\/em><\/em><\/p><cite>Projet de loi<\/cite><\/blockquote>\n\n\n\n<blockquote class=\"wp-block-quote is-layout-flow wp-block-quote-is-layout-flow\"><p><em><em><em>Le fait pour un professionnel de ne plus pouvoir exercer pendant une p\u00e9riode de plus de deux mois en application du pr\u00e9sent III justifie son licenciement.<\/em><\/em><\/em><\/p><cite>Projet de loi<\/cite><\/blockquote>\n","protected":false},"excerpt":{"rendered":"<p>Apr\u00e8s avoir annonc\u00e9 l'arriv\u00e9e iminente de ce type de loi, annonces moqu\u00e9es publiquement. La r\u00e9alit\u00e9 s'impose face aux incr\u00e9dules.La dictature sanitaire est en passe de devenir r\u00e9alit\u00e9 en France. Le pays des droits de l'homme. Comme je l'ai d\u00e9j\u00e0 dit ici, Castex l'avait annonc\u00e9, trop t\u00f4t, en d\u00e9cembre dernier par son Projet de loi instituant un r\u00e9gime p\u00e9renne de gestion des urgences sanitaires. Le projet de loi revient aujourd'hui dans un climat beaucoup plus m\u00fbr.<\/p>\n","protected":false},"author":2,"featured_media":0,"comment_status":"open","ping_status":"open","sticky":false,"template":"","format":"standard","meta":{"footnotes":""},"categories":[77,6,17,19],"tags":[25],"class_list":["post-1654","post","type-post","status-publish","format-standard","hentry","category-covid19","category-democratie","category-ressources","category-vaccin","tag-officiel"],"_links":{"self":[{"href":"https:\/\/crudelis.fr\/site\/covid1984\/wp-json\/wp\/v2\/posts\/1654","targetHints":{"allow":["GET"]}}],"collection":[{"href":"https:\/\/crudelis.fr\/site\/covid1984\/wp-json\/wp\/v2\/posts"}],"about":[{"href":"https:\/\/crudelis.fr\/site\/covid1984\/wp-json\/wp\/v2\/types\/post"}],"author":[{"embeddable":true,"href":"https:\/\/crudelis.fr\/site\/covid1984\/wp-json\/wp\/v2\/users\/2"}],"replies":[{"embeddable":true,"href":"https:\/\/crudelis.fr\/site\/covid1984\/wp-json\/wp\/v2\/comments?post=1654"}],"version-history":[{"count":1,"href":"https:\/\/crudelis.fr\/site\/covid1984\/wp-json\/wp\/v2\/posts\/1654\/revisions"}],"predecessor-version":[{"id":2018,"href":"https:\/\/crudelis.fr\/site\/covid1984\/wp-json\/wp\/v2\/posts\/1654\/revisions\/2018"}],"wp:attachment":[{"href":"https:\/\/crudelis.fr\/site\/covid1984\/wp-json\/wp\/v2\/media?parent=1654"}],"wp:term":[{"taxonomy":"category","embeddable":true,"href":"https:\/\/crudelis.fr\/site\/covid1984\/wp-json\/wp\/v2\/categories?post=1654"},{"taxonomy":"post_tag","embeddable":true,"href":"https:\/\/crudelis.fr\/site\/covid1984\/wp-json\/wp\/v2\/tags?post=1654"}],"curies":[{"name":"wp","href":"https:\/\/api.w.org\/{rel}","templated":true}]}}