{"id":1730,"date":"2021-08-24T13:21:55","date_gmt":"2021-08-24T13:21:55","guid":{"rendered":"https:\/\/covid1984.nohost.me\/blog\/?p=1730"},"modified":"2022-08-20T11:04:12","modified_gmt":"2022-08-20T11:04:12","slug":"en-israel-2-doses-de-pfizer-ne-suffisent-plus","status":"publish","type":"post","link":"https:\/\/crudelis.fr\/site\/covid1984\/2021\/08\/24\/en-israel-2-doses-de-pfizer-ne-suffisent-plus\/","title":{"rendered":"En Isra\u00ebl, 2 doses de Pfizer ne suffisent plus"},"content":{"rendered":"\n<p>Tandis que <a rel=\"noreferrer noopener\" href=\"https:\/\/twitter.com\/BFMTV\/status\/1429851631487750146\" target=\"_blank\">V\u00e9ran annonce<\/a> le d\u00e9marrage en France de la 3e dose, le premier ministre isra\u00e9lien annonce clairement que 2 doses ne sont plus suffisantes.<br>Longtemps moqu\u00e9 par les covidistes, les injections perp\u00e9tuelles et le pass sanitaire en abonnement s'installe tranquillement.<\/p>\n\n\n\n<!--more-->\n\n\n\n<figure class=\"wp-block-table\"><table class=\"has-background\" style=\"background-color:#f3f4f5\"><tbody><tr><td class=\"has-text-align-center\" data-align=\"center\"><strong>SOURCE OFFICIELLE<\/strong><br><br>Cet article est issue d'une source officielle.<\/td><\/tr><\/tbody><\/table><\/figure>\n\n\n\n<p><a rel=\"noreferrer noopener\" href=\"https:\/\/www.gov.il\/en\/departments\/news\/spoke_start220821\" data-type=\"URL\" data-id=\"https:\/\/www.gov.il\/en\/departments\/news\/spoke_start220821\" target=\"_blank\">gov.il - PM Bennett\u2019s Remarks at the Start of the Weekly Cabinet Meeting<\/a><br><em>Temps de lecture: 9-11 minutes.<\/em><\/p>\n\n\n\n<hr class=\"wp-block-separator is-style-dots\" \/>\n\n\n\n<blockquote class=\"wp-block-quote is-layout-flow wp-block-quote-is-layout-flow\"><p><em>Over the weekend, we approved third doses of the vaccine for people aged 40 and over, and again, we are the first in the world to do so.<\/em><br>---<br><em>Au cours du week-end, nous avons approuv\u00e9 les troisi\u00e8mes doses du vaccin pour les personnes \u00e2g\u00e9es de 40 ans et plus, et l\u00e0 encore, nous sommes les premiers au monde \u00e0 le faire.<\/em><\/p><cite>Naftali Bennett, Premier ministre isra\u00e9lien<\/cite><\/blockquote>\n\n\n\n<blockquote class=\"wp-block-quote is-layout-flow wp-block-quote-is-layout-flow\"><p><em><em>A very important point that the public must internalize, and which I think most people do not yet understand: Paradoxically, the most vulnerable group right now are those people who have been inoculated with two doses and not the third.<\/em><\/em><br>---<br><em>Un point tr\u00e8s important que le public doit int\u00e9rioriser, et que je pense que la plupart des gens ne comprennent pas encore : Paradoxalement, le groupe le plus vuln\u00e9rable \u00e0 l'heure actuelle est celui des personnes qui ont \u00e9t\u00e9 inocul\u00e9es avec deux doses et pas la troisi\u00e8me.<\/em><\/p><cite>Naftali Bennett, Premier ministre isra\u00e9lien<\/cite><\/blockquote>\n\n\n\n<blockquote class=\"wp-block-quote is-layout-flow wp-block-quote-is-layout-flow\"><p><em><em><em>This is because they are going around with the sense that they are protected because they have received the two doses. They do not understand that the second dose erodes over time against the Delta strain and that they must be inoculated with the third dose quickly.<\/em><\/em><\/em><br>---<br><em>En effet, ils ont l'impression d'\u00eatre prot\u00e9g\u00e9s parce qu'ils ont re\u00e7u les deux doses. Ils ne comprennent pas que la deuxi\u00e8me dose s'\u00e9rode avec le temps contre la souche Delta et qu'ils doivent \u00eatre inocul\u00e9s rapidement avec la troisi\u00e8me dose.<\/em><\/p><cite>Naftali Bennett, Premier ministre isra\u00e9lien<\/cite><\/blockquote>\n\n\n\n<blockquote class=\"wp-block-quote is-layout-flow wp-block-quote-is-layout-flow\"><p><em><em><em>Therefore, the directive to younger people is to get vaccinated as quickly as possible with the third dose. Very soon, we will lower the age even further. But in the meantime, be more careful than you have been previously.<\/em><\/em><\/em><br>---<br><em>Par cons\u00e9quent, la directive aux plus jeunes est de se faire vacciner le plus rapidement possible avec la troisi\u00e8me dose. Tr\u00e8s bient\u00f4t, nous abaisserons encore davantage l'\u00e2ge. Mais en attendant, soyez plus prudent que vous ne l'avez \u00e9t\u00e9 auparavant.<\/em><\/p><cite>Naftali Bennett, Premier ministre isra\u00e9lien<\/cite><\/blockquote>\n\n\n\n<blockquote class=\"wp-block-quote is-layout-flow wp-block-quote-is-layout-flow\"><p><em><em><em>My advice to all world leaders right now, and I am telling them this: Implement the third inoculation right away. Do not wait. Give it five months from the second dose of the vaccine - otherwise you are under the false illusion of being protected. We will continue with that.<\/em><\/em><\/em><br>---<br><em>Mon conseil \u00e0 tous les dirigeants du monde en ce moment, et je le leur dis : Mettez en \u0153uvre la troisi\u00e8me inoculation tout de suite. N'attendez pas. Donnez-lui cinq mois \u00e0 partir de la deuxi\u00e8me dose du vaccin - sinon vous avez la fausse illusion d'\u00eatre prot\u00e9g\u00e9s. Nous allons poursuivre dans cette voie.<\/em><\/p><cite>Naftali Bennett, Premier ministre isra\u00e9lien<\/cite><\/blockquote>\n","protected":false},"excerpt":{"rendered":"<p>Tandis que V\u00e9ran annonce le d\u00e9marrage en France de la 3e dose, le premier ministre isra\u00e9lien annonce clairement que 2 doses ne sont plus suffisantes.Longtemps moqu\u00e9 par les covidistes, les injections perp\u00e9tuelles et le pass sanitaire en abonnement s'installe tranquillement.<\/p>\n","protected":false},"author":2,"featured_media":0,"comment_status":"open","ping_status":"open","sticky":false,"template":"","format":"standard","meta":{"footnotes":""},"categories":[2,77,14,19],"tags":[22,25,31],"class_list":["post-1730","post","type-post","status-publish","format-standard","hentry","category-actualite","category-covid19","category-pourquoi","category-vaccin","tag-great-reset","tag-officiel","tag-vaccin"],"_links":{"self":[{"href":"https:\/\/crudelis.fr\/site\/covid1984\/wp-json\/wp\/v2\/posts\/1730","targetHints":{"allow":["GET"]}}],"collection":[{"href":"https:\/\/crudelis.fr\/site\/covid1984\/wp-json\/wp\/v2\/posts"}],"about":[{"href":"https:\/\/crudelis.fr\/site\/covid1984\/wp-json\/wp\/v2\/types\/post"}],"author":[{"embeddable":true,"href":"https:\/\/crudelis.fr\/site\/covid1984\/wp-json\/wp\/v2\/users\/2"}],"replies":[{"embeddable":true,"href":"https:\/\/crudelis.fr\/site\/covid1984\/wp-json\/wp\/v2\/comments?post=1730"}],"version-history":[{"count":1,"href":"https:\/\/crudelis.fr\/site\/covid1984\/wp-json\/wp\/v2\/posts\/1730\/revisions"}],"predecessor-version":[{"id":2135,"href":"https:\/\/crudelis.fr\/site\/covid1984\/wp-json\/wp\/v2\/posts\/1730\/revisions\/2135"}],"wp:attachment":[{"href":"https:\/\/crudelis.fr\/site\/covid1984\/wp-json\/wp\/v2\/media?parent=1730"}],"wp:term":[{"taxonomy":"category","embeddable":true,"href":"https:\/\/crudelis.fr\/site\/covid1984\/wp-json\/wp\/v2\/categories?post=1730"},{"taxonomy":"post_tag","embeddable":true,"href":"https:\/\/crudelis.fr\/site\/covid1984\/wp-json\/wp\/v2\/tags?post=1730"}],"curies":[{"name":"wp","href":"https:\/\/api.w.org\/{rel}","templated":true}]}}