{"id":1762,"date":"2021-12-28T13:09:38","date_gmt":"2021-12-28T13:09:38","guid":{"rendered":"https:\/\/covid1984.nohost.me\/blog\/?p=1762"},"modified":"2022-08-20T11:02:20","modified_gmt":"2022-08-20T11:02:20","slug":"medecine-dhier-medecine-daujourdhui","status":"publish","type":"post","link":"https:\/\/crudelis.fr\/site\/covid1984\/2021\/12\/28\/medecine-dhier-medecine-daujourdhui\/","title":{"rendered":"M\u00e9decine d\u2019hier - M\u00e9decine d\u2019aujourd\u2019hui"},"content":{"rendered":"<p>Du petit bobo au virus ravageur, les humains comme les <a href=\"https:\/\/lejournal.cnrs.fr\/articles\/ces-animaux-qui-se-soignent-tout-seuls\" target=\"_blank\" rel=\"noreferrer noopener\">animaux<\/a> ont toujours cherch\u00e9 des solutions pour se soigner. Depuis la naissance de la Terre, la vie s\u2019est propag\u00e9e au fil du temps et la nature s\u2019est dot\u00e9e de rem\u00e8des qui ont gu\u00e9ri beaucoup de maux. D\u00e9j\u00e0 \u00e0 l\u2019\u00e9poque des hommes pr\u00e9historiques, la recherche de rem\u00e8des faisait partie de leurs pr\u00e9occupations. D\u2019apr\u00e8s Pierre Thillaud, professeur d\u2019histoire de la m\u00e9decine, \u00ab\u00a0<a href=\"https:\/\/sante.lefigaro.fr\/article\/les-hommes-prehistoriques-deja-tres-ferus-de-medecine\/\" target=\"_blank\" rel=\"noreferrer noopener\">Les maux dont souffraient nos anc\u00eatres sont les m\u00eames que les n\u00f4tres<\/a>\u00a0\u00bb<\/p>\n<p><a href=\"https:\/\/www.pod.fr\/acheter-vendre-officine-pharmacie\/l-histoire-de-la-pharmacie\/\" target=\"_blank\" rel=\"noreferrer noopener\">L\u2019histoire de la pharmacie<\/a> et des m\u00e9dicaments commence vers 8 500 avant notre \u00e8re, \u00e0 l\u2019\u00e9poque N\u00e9olithique. \u00c0 l\u2019aide de plantes m\u00e9dicinales et d\u2019extraits d\u2019animaux, l\u2019art de gu\u00e9rir \u00e9merge.<\/p>\n<p>Quelques fouilles sur un site n\u00e9olithique ont r\u00e9v\u00e9l\u00e9 le plus vieux t\u00e9moignage d\u2019<a href=\"https:\/\/www.inrap.fr\/une-operation-chirurgicale-il-y-7000-ans-la-plus-ancienne-amputation-decouverte-5010\" target=\"_blank\" rel=\"noreferrer noopener\">un acte chirurgical datant de 6 900 ans<\/a>. Il s\u2019agit d\u2019une amputation d\u2019un bras r\u00e9ussi sur un homme \u00e2g\u00e9. Toutes les images radiologiques r\u00e9v\u00e8lent des signes de cicatrisation osseuse. Il ne s'agirait pas d'une amputation accidentelle mais d'un v\u00e9ritable choix m\u00e9dical. La cicatrisation osseuse signale la survie du patient et l'absence d'infection, t\u00e9moignage d'une bonne asepsie. Si la pratique de la tr\u00e9panation est bien attest\u00e9e dans l'Europe n\u00e9olithique, les preuves d'autres types d'interventions chirurgicales, l'amputation notamment, sont rarissimes.<\/p>\n<p>En 1991 dans les Alpes du Tyrol, une momie \u00e2g\u00e9e de 5 000 ans nomm\u00e9e <a href=\"http:\/\/www.lefigaro.fr\/sciences\/2012\/02\/29\/01008-20120229ARTFIG00459-tzi-avait-des-possibles-origines-corses.php\" target=\"_blank\" rel=\"noreferrer noopener\">\u00d6tzi<\/a> a \u00e9t\u00e9 retrouv\u00e9e. Bien conserv\u00e9, cet homme d\u2019une quarantaine d\u2019ann\u00e9es a conserv\u00e9 tous ses v\u00eatements, armes et quelques affaires personnelles. Ce qui a permis aux chercheurs de mieux comprendre la vie de cet homme. Les chercheurs ont d\u00e9couvert qu\u2019\u00d6tzi souffrait d\u2019arthrose. Certains tatouages se situaient sur des parties du corps douloureuses. Cela a \u00e9t\u00e9 interpr\u00e9t\u00e9 comme <em>\u00ab <a href=\"https:\/\/sante.lefigaro.fr\/actualite\/2015\/06\/19\/23859-quelle-medecine-hommes-neolithique-avaient-ils-developpe\" target=\"_blank\" rel=\"noreferrer noopener\">une th\u00e9rapie pour calmer la souffrance de parties du corps, peut-\u00eatre \u00e0 l'origine de douleurs rhumatismales<\/a> \u00bb<\/em> Il y avait \u00e9galement dans un de ses sacs, des v\u00e9g\u00e9taux non destin\u00e9s \u00e0 la nutrition qui pourraient avoir \u00e9t\u00e9 des rem\u00e8des.<\/p>\n<p>Depuis leurs origines, les hommes ont \u00e9tudi\u00e9 les vertus th\u00e9rapeutiques des plantes. De nombreux t\u00e9moignages de cette science nous sont parvenus depuis l'Antiquit\u00e9 et <a href=\"https:\/\/sante.lefigaro.fr\/actualite\/2013\/04\/15\/20347-phytotherapie-travers-siecles\" target=\"_blank\" rel=\"noreferrer noopener\">cette m\u00e9decine continue encore aujourd'hui \u00e0 \u00eatre employ\u00e9e par des millions de personnes \u00e0 travers le monde<\/a>. Parmi les quelques 250 000 esp\u00e8ces v\u00e9g\u00e9tales connues \u00e0 travers le monde, l\u2019OMS a r\u00e9pertori\u00e9 plus de 20 000 plantes aux vertus m\u00e9dicinales dont environ 1 200 constituent la pharmacop\u00e9e courante. La phytoth\u00e9rapie, l\u2019art de soigner par les fruits, les racines, les plantes et autres substances naturelles ont toujours \u00e9t\u00e9 connus pour leurs propri\u00e9t\u00e9s nutritives mais aussi pour leurs vertus curatives.<\/p>\n<p><a href=\"https:\/\/sante.lefigaro.fr\/sante\/traitement\/phytotherapie\/son-histoire\" target=\"_blank\" rel=\"noreferrer noopener\">Le premier texte connu sur la phytoth\u00e9rapie a \u00e9t\u00e9 r\u00e9dig\u00e9 par les Sum\u00e9riens, 3 000 ans avant notre \u00e8re.<\/a> Durant des milliers d\u2019ann\u00e9es, la phytoth\u00e9rapie a constitu\u00e9 la principale source de rem\u00e8des contre de nombreuses maladies.<\/p>\n<hr class=\"wp-block-separator has-css-opacity is-style-default\" \/>\n<p><a href=\"https:\/\/fr.wikipedia.org\/wiki\/Histoire_de_l%27h%C3%B4pital\" target=\"_blank\" rel=\"noreferrer noopener\">L\u2019h\u00f4pital appara\u00eet au 6<sup>e<\/sup> si\u00e8cle<\/a> pour devenir une institution publique administr\u00e9e par l\u2019\u00e9glise catholique, alors religion d\u2019\u00e9tat, \u00e0 l\u2019int\u00e9rieur m\u00eame des monast\u00e8res. Quelques si\u00e8cles plus tard, au <a href=\"https:\/\/www.passeportsante.net\/fr\/Actualites\/Dossiers\/DossierComplexe.aspx?doc=medecin-moyen-age\" target=\"_blank\" rel=\"noreferrer noopener\">moyen-\u00e2ge<\/a>, la m\u00e9decine s\u2019affirme comme une discipline scientifique et appara\u00eet alors comme une discipline de pointe. Les premi\u00e8res universit\u00e9s europ\u00e9ennes se d\u00e9veloppent pour enseigner un savoir tir\u00e9 de l\u2019Antiquit\u00e9. \u00c0 l\u2019\u00e9poque, les femmes ont une place importante dans la m\u00e9decine. <a href=\"https:\/\/fr.wikipedia.org\/wiki\/Trotula_de_Salerne\" target=\"_blank\" rel=\"noreferrer noopener\">Trotula de Salerne<\/a>, <a href=\"https:\/\/fr.wiktionary.org\/wiki\/m%C3%A9decienne\" target=\"_blank\" rel=\"noreferrer noopener\">m\u00e9decienne<\/a> et chirurgienne du 11<sup>e<\/sup> si\u00e8cle, \u00e9tudia \u00e0 l'\u00e9cole de m\u00e9decine de Salerne puis devint enseignante et praticienne au dispensaire attenant o\u00f9 l'on soignait de riches italiens, des Crois\u00e9s de retour d'Orient et des \u00e9trangers venus de toutes parts. Mais <a href=\"https:\/\/viesaufeminin.weebly.com\/antiquiteacute-romaine---femmes-meacutedecin.html\" target=\"_blank\" rel=\"noreferrer noopener\">d\u2019autres femmes<\/a> ont marqu\u00e9 leur temps, telle Constantia Calenda, R\u00e9becca Guarna et Abbela qui elles aussi, ont travaill\u00e9 en tant que <a href=\"https:\/\/www.medarus.org\/Medecins\/MedecinsTextes\/divers_institutions\/medecine_2_moyen-age.html\" target=\"_blank\" rel=\"noreferrer noopener\">m\u00e9decin \u00e0 Salerne<\/a>.<\/p>\n<p>Mais du 15<sup>e<\/sup> si\u00e8cle et jusqu\u2019au 17<sup>e <\/sup>si\u00e8cle, la <a href=\"https:\/\/florilegeswebjournal.com\/2019\/10\/28\/la-chasse-aux-sorcieres\/\" target=\"_blank\" rel=\"noreferrer noopener\">chasse aux sorci\u00e8res<\/a> a connu des moments difficiles. La pers\u00e9cution de certaines personnes, souvent des femmes, est organis\u00e9e par l'Inquisition pour lutter contre l'h\u00e9r\u00e9sie \u00e0 laquelle on associe la sorcellerie. <a href=\"https:\/\/www.pressenza.com\/fr\/2020\/02\/femmes-02-les-sorcieres-etaient-elles-des-guerisseuses\/\" target=\"_blank\" rel=\"noreferrer noopener\">Ces femmes<\/a>, provenant surtout des classes populaires, sont souvent des sages-femmes ou des gu\u00e9risseuses qui d\u00e9tiennent un certain savoir, ce qui leur donne un r\u00f4le contraire aux normes de l'\u00e9poque.<\/p>\n<p>Si <a href=\"https:\/\/fr.linkfang.org\/wiki\/Histoire_de_la_chirurgie\" target=\"_blank\" rel=\"noreferrer noopener\">la chirurgie existe depuis la pr\u00e9histoire<\/a>, elle sera consid\u00e9r\u00e9e comme un acte de barbarie \u00e0 partir du 15<sup>e<\/sup> si\u00e8cle. C\u2019est au 16<sup>e<\/sup> si\u00e8cle que la <a href=\"https:\/\/www.futura-sciences.com\/sciences\/questions-reponses\/epoque-moderne-histoire-medecine-medecins-chirurgiens-sous-ancien-regime-11617\/\" target=\"_blank\" rel=\"noreferrer noopener\">m\u00e9decine prend un nouveau chemin<\/a>. De L\u00e9onard De Vinci qui a travaill\u00e9 sur l'anatomie scientifique en diss\u00e9quant des cadavres \u00e0 Ambroise Par\u00e9, qui a pratiqu\u00e9 la chirurgie sur les champs de batailles, la m\u00e9decine prend un nouvel essor.<\/p>\n<hr class=\"wp-block-separator has-css-opacity\" \/>\n<p>La m\u00e9decine elle aussi, a ses histoires. Celle de l\u2019\u00e9pid\u00e9mie meurtri\u00e8re de <a href=\"https:\/\/www.midilibre.fr\/2021\/01\/01\/dune-epidemie-a-lautre-la-peste-frappe-en-1628-9287434.php\" target=\"_blank\" rel=\"noreferrer noopener\">peste<\/a> est tr\u00e8s souvent relat\u00e9e. Celle dont on parle le plus souvent est celle de <a href=\"https:\/\/www.histoire-pour-tous.fr\/histoire-de-france\/3688-la-grande-peste-de-1720-marseille.html\" target=\"_blank\" rel=\"noreferrer noopener\">Marseille<\/a> qui a d\u00e9but\u00e9 en mai 1720. Ville surpeupl\u00e9e et o\u00f9 l\u2019hygi\u00e8ne est d\u00e9plorable, la maladie s\u2019installe tr\u00e8s vite. Au d\u00e9but du mois de juillet, on d\u00e9nombre 40 morts par jour pour atteindre 1 000 par jour \u00e0 partir du mois de septembre. On isole les malades, les maisons sont d\u00e9sinfect\u00e9es et enfum\u00e9es, on incin\u00e8re les morts. Pour pouvoir s\u2019approcher des malades, des m\u00e9decins portent un masque au bec de canard dans lequel, on place des plantes aromatiques aux propri\u00e9t\u00e9s antiseptiques et anti bact\u00e9riennes, tel du girofle et du romarin. Pour aider aux soins, des recettes du monde entier parviennent jusqu\u2019\u00e0 Marseille. Le plus efficace serait le vinaigre sur une \u00e9ponge que l\u2019on place devant sa bouche. La peste de 1720 aura d\u00e9cim\u00e9 la moiti\u00e9 de la population marseillaise, soit 40 000 personnes.<\/p>\n<p>Ce n\u2019\u00e9tait pas la premi\u00e8re fois que la peste faisait ses ravages. Mais une date retient mon attention, celle de Toulouse en 1628 qui dura trois ans et fit 10 000 mort sur 50 000 habitants. Alors que l\u2019\u00e9pid\u00e9mie fait rage, <a href=\"https:\/\/escolagastonfebus.com\/histoire\/la-peste-et-le-vinaigre-des-quatre-voleurs\/\" target=\"_blank\" rel=\"noreferrer noopener\">4 voleurs<\/a> en parfaite sant\u00e9 ne semblent ne pas s\u2019en soucier et pillent sans aucune vergogne les maisons atteintes par le virus. Ils d\u00e9pouillent les cadavres et vident toutes leurs \u00e9conomies cach\u00e9es. Tr\u00e8s vite arr\u00eat\u00e9s, ils sont men\u00e9s devant la justice qui les condamne \u00e0 la roue. Ils \u00e9viteront de justesse le supplice de cette horrible torture en avouant leur secret, un vieux vieux rem\u00e8de franciscain, un <a href=\"https:\/\/www.plantes-et-sante.fr\/articles\/decouvertes-botaniques\/1960-le-vinaigre-des-quatre-voleurs-antidote-de-la-grande-peste\" target=\"_blank\" rel=\"noreferrer noopener\">vinaigre m\u00e9dicinal<\/a> qui fut inscrit au codex en 1748. Un <a href=\"https:\/\/www.lci.fr\/societe\/linstant-pratique-le-vinaigre-des-quatre-voleurs-un-remede-miracle-facile-a-faire-1533467.html\" target=\"_blank\" rel=\"noreferrer noopener\">rem\u00e8de miracle<\/a> qui soigne bien des maux.<\/p>\n<hr class=\"wp-block-separator has-css-opacity\" \/>\n<p>Fin du 19<sup>e<\/sup> si\u00e8cle, la m\u00e9decine prend un nouveau chemin, celui de la vaccination. La toute premi\u00e8re est alors inocul\u00e9 \u00e0 un jeune gar\u00e7on de 9 ans, <a href=\"https:\/\/www.franceculture.fr\/histoire\/a-lorigine-du-vaccin-lhistoire-de-pasteur-et-du-petit-joseph\" target=\"_blank\" rel=\"noreferrer noopener\">Joseph Meister<\/a> qui vient d\u2019\u00eatre mordu \u00e0 plusieurs reprises par un chien enrag\u00e9. L\u2019histoire nous raconte que le 4 juillet 1885, un jeune Alsacien\u00a0a \u00e9t\u00e9 mordu par un chien suppos\u00e9 enrag\u00e9. Deux jours plus tard, il est amen\u00e9 au laboratoire de <a href=\"https:\/\/www.futura-sciences.com\/sante\/personnalites\/medecine-louis-pasteur-407\/\" target=\"_blank\" rel=\"noreferrer noopener\">Louis Pasteur<\/a>. \u00c0 ce stade, le jeune berger n'avait d\u00e9clar\u00e9 aucun sympt\u00f4me de la maladie. On ne peut donc pas \u00eatre certain qu'il \u00e9tait effectivement contamin\u00e9, bien que le risque \u00e9tait r\u00e9el. Alors que les deux premiers essais sur des \u00eatres humains s'\u00e9taient r\u00e9v\u00e9l\u00e9s infructueux, Pasteur h\u00e9sita mais entreprit finalement d'inoculer un broyat de moelle de lapin morts de la rage. Une premi\u00e8re dans le monde m\u00e9dicale gr\u00e2ce \u00e0 un homme, Louis, scientifique, chimiste et physicien.<\/p>\n<p>Tout \u00e7a est une belle histoire mais des doutes persistent sur la v\u00e9racit\u00e9 des inventions de Pasteur. Dans son livre \u00ab\u00a0<a href=\"https:\/\/www.francetvinfo.fr\/culture\/livres\/gilles-harpoutian-et-quot-les-grandes-impostures-scientifiquesquot-quot-pasteur-est-un-imposteur-par-plagiatquot_3278995.html\" target=\"_blank\" rel=\"noreferrer noopener\">La petite histoire des grandes impostures scientifiques<\/a>\u00a0\u00bb Gilles Harpoutian, journaliste scientifique nous raconte tous les mensonges du \u00ab\u00a0g\u00e9nie\u00a0\u00bb <a href=\"https:\/\/fr.wikipedia.org\/wiki\/Louis_Pasteur\" target=\"_blank\" rel=\"noreferrer noopener\">Louis Pasteur<\/a>, Scientifique, chimiste et physicien. Scell\u00e9es pendant plusieurs d\u00e9cennies, les notes de laboratoires de cet homme qui n\u2019\u00e9tait pas m\u00e9decin ont prouv\u00e9 qu\u2019il avait \u00e9t\u00e9 <a href=\"https:\/\/fr.scribd.com\/document\/159104435\/Louis-PASTEUR-un-des-plus-grands-plagiaires-des-scientifiques-de-son-epoque-pdf\" target=\"_blank\" rel=\"noreferrer noopener\">un des plus grands plagiaires des scientifiques de son \u00e9poque<\/a>. D\u00e9j\u00e0 en 1881, il s\u2019\u00e9tait attribu\u00e9 les travaux d\u2019un jeune chercheur, un certain <a href=\"https:\/\/www.ladepeche.fr\/article\/1998\/11\/02\/159350-pasteur-avait-plagie-un-toulousain-nomme-toussaint.html\" target=\"_blank\" rel=\"noreferrer noopener\">Henry Toussaint<\/a>, v\u00e9t\u00e9rinaire toulousain sur la d\u00e9couverte d\u2019un vaccin contre la <a href=\"https:\/\/fr.wikipedia.org\/wiki\/Maladie_du_charbon\" target=\"_blank\" rel=\"noreferrer noopener\">maladie du charbon<\/a>.<\/p>\n<hr class=\"wp-block-separator has-css-opacity\" \/>\n<p>D\u00e9but du 20<sup>e<\/sup> si\u00e8cle, notre m\u00e9decine moderne fait ses premiers pas. Un homme, <a href=\"https:\/\/fr.wikipedia.org\/wiki\/John_Davison_Rockefeller\" target=\"_blank\" rel=\"noreferrer noopener\">John Davison Rockefeller<\/a>, dont le p\u00e8re est marchand itin\u00e9rant, officier de sant\u00e9 et vendant des \u00ab\u00a0m\u00e9dicaments-miracles\u00a0\u00bb qui n\u2019\u00e9taient en fait que des flacons d'huile m\u00e9lang\u00e9e \u00e0 du laxatif, faux rem\u00e8des contre le cancer, r\u00eave de devenir un grand homme d\u2019affaires.<\/p>\n<p>En 1870, alors \u00e2g\u00e9 de 31 ans, John Davison Rockefeller fonde sa premi\u00e8re soci\u00e9t\u00e9, la \u00ab <a href=\"https:\/\/fr.wikipedia.org\/wiki\/Standard_Oil\" target=\"_blank\" rel=\"noreferrer noopener\"><em>Standard<\/em> <em>Oil of Ohio<\/em><\/a><em> \u00bb<\/em> qui devient rapidement la raffinerie la plus rentable de l'Ohio. Il s\u2019entoure de tr\u00e8s grands hommes politiques et devient un homme tr\u00e8s puissant. En 1911, la Cour Supr\u00eame des \u00c9tats-Unis le d\u00e9clare coupable de corruption, de pratiques ill\u00e9gales et de racket et condamne son entreprise \u00e0 dispara\u00eetre. Entour\u00e9 d\u2019amis politiciens, il ne tiendra pas compte de cette condamnation. Il ne dissoudra pas son entreprise et n\u2019en sera jamais inqui\u00e9t\u00e9.<\/p>\n<p>En 1913, pour restaurer son cr\u00e9dit aupr\u00e8s de l\u2019opinion publique, John Davison Rockefeller cr\u00e9e une fondation philanthropique \u00e0 son nom. Tr\u00e8s vite, <a href=\"http:\/\/alarpad.over-blog.com\/2020\/03\/john-d.rockefeller-1839-1937-a-fonde-big-pharma.html\" target=\"_blank\" rel=\"noreferrer noopener\">il s\u2019oriente vers le d\u00e9veloppement d\u2019une nouvelle m\u00e9decine, appel\u00e9e m\u00e9decine occidentale ou allopathie, mettant l\u2019accent sur les drogues, narcotiques et radiations<\/a>. Pendant un temps, la fondation n\u2019a de cesse d\u2019avancer dans sa propre m\u00e9dication. Mais un adversaire de taille faisait barrage aux projets de sa m\u00e9decine moderne, <a href=\"https:\/\/www.santenatureinnovation.com\/les-plantes-des-indiens-damerique\/\" target=\"_blank\" rel=\"noreferrer noopener\">les m\u00e9decines naturelles \u00e0 base de plantes<\/a>, tr\u00e8s populaires en Am\u00e9rique \u00e0 cette \u00e9poque. Pr\u00e8s de la moiti\u00e9 des m\u00e9decins et des facult\u00e9s de m\u00e9decine des \u00c9tats-Unis pratiquaient la <a href=\"https:\/\/bien-etre.ooreka.fr\/astuce\/voir\/547003\/medecine-holistique\" target=\"_blank\" rel=\"noreferrer noopener\">m\u00e9decine holistique<\/a>, en utilisant les connaissances de l\u2019Europe et des Am\u00e9rindiens.<\/p>\n<p>Pour faire barrage \u00e0 ce probl\u00e8me, Rockefeller fait appel \u00e0 la <a href=\"https:\/\/fr.wikipedia.org\/wiki\/Fondation_Carnegie_pour_la_paix_internationale\" target=\"_blank\" rel=\"noreferrer noopener\">Fondation Carnegie<\/a>, organisation non gouvernementale pour la paix internationale qui choisi <a href=\"https:\/\/fr.wikipedia.org\/wiki\/Rapport_Abraham_Flexner\" target=\"_blank\" rel=\"noreferrer noopener\">Abraham Flexner<\/a>, employ\u00e9 \u00e0 la recherche \u00e9ducative. En 18 mois, <a href=\"https:\/\/www.ncbi.nlm.nih.gov\/pmc\/articles\/PMC3114935\/\" target=\"_blank\" rel=\"noreferrer noopener\">Abraham Flexner effectue des recherches<\/a> et publie en 1910 un <a href=\"https:\/\/oessays.com\/fr\/document\/flexner-report-essay\/\" target=\"_blank\" rel=\"noreferrer noopener\">rapport<\/a> intitul\u00e9\u00a0: \u00ab <em>L'\u00e9ducation m\u00e9dicale aux \u00c9tats-Unis et au Canada<\/em> \u00bb qui permettra \u00e0 Rockefeller de se d\u00e9barrasser de sa plus grande concurrence en utilisant la strat\u00e9gie \u00ab\u00a0<u>probl\u00e8me-r\u00e9action-solution<\/u>\u00a0\u00bb En 1920, une d\u00e9cennie apr\u00e8s la publication du rapport Flexner, le nombre de facult\u00e9s de m\u00e9decine aux \u00c9tats-Unis \u00e9tait tomb\u00e9 de 147 \u00e0 85 et continuait \u00e0 diminuer. Les \u00e9tablissements mal financ\u00e9s, surtout ceux qui formaient des femmes et des Afro-am\u00e9ricains, avaient souffert le plus.<\/p>\n<p>La fondation Rockefeller aura permis d\u2019<a href=\"http:\/\/chari.over-blog.com\/article-rockefeller-un-symbole-de-l-emprise-des-lobbies-sur-les-politiques-de-sante-publique-98318954.html\" target=\"_blank\" rel=\"noreferrer noopener\">influencer indirectement les politiques de sant\u00e9<\/a>. Tout en affaiblissant la m\u00e9decine naturelle \u00e0 base de plantes, il subventionnera des \u00e9coles m\u00e9dicales et des h\u00f4pitaux et parvint ainsi \u00e0 d\u00e9velopper et \u00e0 \u00e9couler ses m\u00e9dicaments issus de l\u2019industrie p\u00e9trochimique.<\/p>\n<p>Au d\u00e9but de l\u2019ann\u00e9e 1918, une pand\u00e9mie de grippe fait son apparition. Les premiers cas connus apparaissent aux \u00c9tats-unis. On lui a attribu\u00e9 le nom de \u00ab\u00a0<a href=\"https:\/\/fr.wikipedia.org\/wiki\/grippe_espagnole\" target=\"_blank\" rel=\"noreferrer noopener\">grippe espagnole<\/a>\u00a0\u00bb car l'Espagne fut le seul pays \u00e0 publier librement les informations relatives \u00e0 cette \u00e9pid\u00e9mie. Les premiers cas de pneumonie bact\u00e9rienne en 1918 remontent \u00e0 des bases militaires, la premi\u00e8re \u00e0 Fort Riley, dans le Kansas.<\/p>\n<p>Du 21 janvier au 4 juin 1918, <a href=\"https:\/\/aphadolie.com\/2020\/06\/17\/linstitut-Rockefeller-et-la-grippe-espagnole-de-1918\/comment-page-1\/\" target=\"_blank\" rel=\"noreferrer noopener\" data-type=\"URL\" data-id=\"https:\/\/aphadolie.com\/2020\/06\/17\/linstitut-Rockefeller-et-la-grippe-espagnole-de-1918\/comment-page-1\/\">un vaccin exp\u00e9rimental contre la m\u00e9ningite bact\u00e9rienne<\/a> cultiv\u00e9 sur des chevaux par l\u2019Institut Rockefeller pour le Medical Research de New York a \u00e9t\u00e9 inject\u00e9 aux soldats \u00e0 Fort Riley. \u00c0 la fin de l\u2019ann\u00e9e 1918, <a href=\"https:\/\/cv19.fr\/2020\/11\/16\/un-vaccin-experimental-de-larmee-en-1918-a-t-il-tue-50-a-100-millions-de-personnes\/\" target=\"_blank\" rel=\"noreferrer noopener\">les soldats sont envoy\u00e9s en Europe<\/a> pour combattre la guerre qui fait rage \u00e0 cette \u00e9poque. Une \u00e9tude d\u00e9crit les soldats \u00ab\u00a0souffrant d\u2019infections actives (qui) mettaient en a\u00e9rosol les agents pathog\u00e8nes qui colonisaient leur nez et leur gorge, tandis que d\u2019autres, souvent dans les m\u00eames espaces de respiration, \u00e9taient profond\u00e9ment susceptibles d\u2019\u00eatre infect\u00e9s et de se propager rapidement dans leurs poumons par leurs propres bact\u00e9ries colonisatrices ou celles des autres\u00a0\u00bb<\/p>\n<p>Dans la tr\u00e8s s\u00e9rieuse revue le \u00ab <em>Clinical Infectious Diseases\u00a0\u00bb<\/em>, des scientifiques sugg\u00e8rent que <a href=\"https:\/\/www.futura-sciences.com\/sante\/actualites\/medecine-aspirine-peut-etre-aggrave-pandemie-grippe-1918-20678\/\" target=\"_blank\" rel=\"noreferrer noopener\">l\u2019aspirine pourrait expliquer en partie le grand nombre de morts que la grippe espagnole a provoqu\u00e9 \u00e0 l'\u00e9poque<\/a>. En effet, en 1918, ce m\u00e9dicament promu par l\u2019industrie pharmaceutique <a href=\"https:\/\/www.bayer.fr\/fr\/historique\" target=\"_blank\" rel=\"noreferrer noopener\">Bayer<\/a> en 1897 \u00e9tait largement prescrit par les m\u00e9decins qui ne connaissaient pas encore sa toxicit\u00e9 et son dosage ad\u00e9quat. Dans le num\u00e9ro 89 du magasine <a href=\"https:\/\/www.nexus.fr\/magazine\/numero-89\/\" target=\"_blank\" rel=\"noreferrer noopener\">Nexus<\/a>, un article titr\u00e9 <em>\u00ab <a href=\"https:\/\/fr.calameo.com\/read\/00468469983c167630d7e\" target=\"_blank\" rel=\"noreferrer noopener\" data-type=\"URL\" data-id=\"https:\/\/fr.calameo.com\/read\/00468469983c167630d7e\">Grippe espagnole. Quand l\u2019aspirine tue.<\/a><\/em> \u00bb<\/p>\n<hr class=\"wp-block-separator has-css-opacity\" \/>\n<p>Plusieurs d\u00e9cennies apr\u00e8s le d\u00e9c\u00e8s de John Davison Rockefeller, <a href=\"https:\/\/www.01net.com\/actualites\/gates-rockefeller-meme-histoire-97081.html\" target=\"_blank\" rel=\"noreferrer noopener\">un nouveau Rockefeller appara\u00eet sous le nom de Bill Gates<\/a>. En effet, comme son pr\u00e9d\u00e9cesseur au d\u00e9but du 20<sup>e<\/sup> si\u00e8cle, sa soci\u00e9t\u00e9 Microsoft a fait l\u2019objet de <a href=\"https:\/\/fr.wikipedia.org\/wiki\/Affaires_et_controverses_de_Microsoft#Monopole_et_abus_de_position_dominante\" target=\"_blank\" rel=\"noreferrer noopener\">plusieurs proc\u00e8s pour monopole et abus de position dominante<\/a>. Bill Gates a rapidement domin\u00e9 tout le secteur de l\u2019informatique personnelle et s\u2019est impos\u00e9 comme un acteur incontournable de ce secteur, abusant de sa position dominante et entravant la concurrence.<\/p>\n<p>Tr\u00e8s vite, la justice veut y mettre un terme. En f\u00e9vrier 2000, un proc\u00e8s est en cours contre Microsoft, pour abus de position dominante. Pour la cour, pr\u00e9sid\u00e9e par le Juge Jackson, le monopole de l'\u00e9diteur est identique \u00e0 celui que la Standard Oil Company de John D. Rockefeller avait mis en place au d\u00e9but du 20<sup>e<\/sup> si\u00e8cle.<\/p>\n<p>En Juin 2000, <a href=\"https:\/\/www.zdnet.fr\/actualites\/affaire-microsoft-plus-de-dix-ans-de-procedures-aux-tats-unis-et-en-europe-39146527.htm\" target=\"_blank\" rel=\"noreferrer noopener\">apr\u00e8s avoir statu\u00e9 sur l'abus de position dominante de la soci\u00e9t\u00e9 Microsoft<\/a>, le juge Jackson publie un verdict argument\u00e9 dans lequel il propose, en guise de sanction, de scinder l'entreprise en plusieurs entit\u00e9s. Bill Gates fera appel. En f\u00e9vrier 2001, l'arriv\u00e9e \u00e0 la Maison blanche du r\u00e9publicain George W. Bush est d\u00e9j\u00e0 interpr\u00e9t\u00e9e par les observateurs comme une \u00abchance\u00bb pour Microsoft, plus conciliant que Clinton sur l'opportunit\u00e9 de d\u00e9manteler ce joyau de l'industrie am\u00e9ricaine.<\/p>\n<p>En juin 2001, la cour d'appel rend un arr\u00eat mitig\u00e9 qui conforte Microsoft sur la forme mais nullement sur le fond. Primo, le juge Jackson est destitu\u00e9, trop vindicatif et trop bavard (dans la presse notamment, violant son devoir de r\u00e9serve), et par la m\u00eame ses \u00abrem\u00e8des\u00bb (dont le principal est le d\u00e9mant\u00e8lement) sont jug\u00e9s invalides. En revanche, sur le fond rien ne change: Microsoft est toujours coupable.<\/p>\n<p>Comme pour effacer une mauvaise image et comme son pr\u00e9d\u00e9cesseur, Bill Gates veut se faire un nouveau profil. D\u00e8s janvier 2000, il cr\u00e9e sa <a href=\"https:\/\/fr.wikipedia.org\/wiki\/Fondation_Bill-et-Melinda-Gates\" target=\"_blank\" rel=\"noreferrer noopener\">fondation Bill et Melinda Gates<\/a>. <a href=\"https:\/\/www.cncd.be\/La-Fondation-Gates-ou-la-charite\" target=\"_blank\" rel=\"noreferrer noopener\">Il s\u2019investit dans la m\u00e9decine avec un \u00e9norme pouvoir d\u2019influence sur les politiques publiques men\u00e9es \u00e0 travers le monde<\/a> et finance des institutions publiques devenues d\u00e9pendantes de ses dons priv\u00e9s. C\u2019est le cas, tellement r\u00e9v\u00e9lateur, de l\u2019Organisation Mondiale de la Sant\u00e9 (OMS), institution phare des Nations Unies, qui a vu son dernier budget chuter de 13\u00a0%, tandis que la Fondation Gates devenait son second \u00ab\u00a0m\u00e9c\u00e8ne\u00a0\u00bb, lui fournissant le vingti\u00e8me de ses contributions. Au jour d\u2019aujourd\u2019hui, dans les ann\u00e9es 2020, une question se pose, <a href=\"https:\/\/www.swissinfo.ch\/fre\/politique\/bill-gates-a-t-il-trop-d-influence-sur-l-oms--\/46596794\" target=\"_blank\" rel=\"noreferrer noopener\">Bill Gates aurait il trop d\u2019influence sur l\u2019OMS<\/a>\u00a0? Bien que cette organisation onusienne soit dirig\u00e9e par ses \u00c9tats-membres et bailleurs de fonds, <a href=\"https:\/\/theconversation.com\/ce-que-les-crises-epidemiques-revelent-des-derives-de-lOMS-133639\" target=\"_blank\" rel=\"noreferrer noopener\" data-type=\"URL\" data-id=\"https:\/\/theconversation.com\/ce-que-les-crises-epidemiques-revelent-des-derives-de-lOMS-133639\">L\u2019OMS d\u00e9pend de ses m\u00e9c\u00e8nes<\/a>.<\/p>\n<p>L\u2019OMS a souvent \u00e9t\u00e9 accus\u00e9 d\u2019\u00eatre sous la <a href=\"https:\/\/www.rtbf.be\/info\/societe\/detail_l-oms-sous-la-coupe-de-l-industrie-pharmaceutique?id=5040573\" target=\"_blank\" rel=\"noreferrer noopener\">coupe des big pharma<\/a> et ce depuis la pand\u00e9mie de H1N1. En d\u00e9cembre 2009, un document confidentiel de l'OMS sur les maladies n\u00e9glig\u00e9es a fuit\u00e9 et est mis en ligne sur le site de partage Wikileaks. Il s'agit d'un document de synth\u00e8se, fruit de huit ann\u00e9es de travail autour de la question sensible du financement de la lutte contre les maladies n\u00e9glig\u00e9es et de l'acc\u00e8s des plus pauvres aux m\u00e9dicaments essentiels. Probl\u00e8me\u00a0: le document en question est accompagn\u00e9 d'une note critique de la F\u00e9d\u00e9ration internationale de l'industrie du m\u00e9dicament, l'Ifpma, qui n'aurait jamais du se voir communiquer le rapport de l'OMS. Et le lobby du m\u00e9dicament disait dans sa note, tout le mal qu'elle pense d'une taxe sur les b\u00e9n\u00e9fices de l'industrie pharmaceutique pour financer la recherche.<\/p>\n<h4><\/h4>\n<p>En 2010, Le British Medical Journal (BMJ) a consid\u00e9r\u00e9 que \u00ab <a href=\"https:\/\/www.lefigaro.fr\/flash-actu\/2010\/06\/04\/97001-20100604FILWWW00484-h1n1-une-enquete-epingle-l-oms.php\" target=\"_blank\" rel=\"noreferrer noopener\">la gestion de l'\u00e9pid\u00e9mie de grippe H1N1 par l'OMS a \u00e9t\u00e9 profond\u00e9ment entach\u00e9e par le secret et les conflits d'int\u00e9r\u00eats avec l'industrie pharmaceutique<\/a>\u00a0\u00bb et que \u00ab\u00a0l'OMS doit maintenant agir pour restaurer sa cr\u00e9dibilit\u00e9 et l'Europe devrait l\u00e9gif\u00e9rer\u00a0\u00bb sur les conflits d'int\u00e9r\u00eat, estime le journal au terme d'une enqu\u00eate conduite avec le Bureau of Investigative Journalism (BIJ) de Londres.<\/p>\n<p>Lors de la \u00ab\u00a0pand\u00e9mie\u00a0\u00bb de Covid19, l\u2019OMS est de nouveau montr\u00e9 du doigt. <a href=\"https:\/\/lecourrierdesstrateges.fr\/2021\/06\/10\/big-pharma-fait-il-pression-sur-lOMS-pour-freiner-les-traitements-contre-le-covid\/\" target=\"_blank\" rel=\"noreferrer noopener\">Son empressement \u00e0 freiner et d\u00e9conseiller le recours \u00e0 d'\u00e9ventuels traitements contre le Covid19<\/a>, la pol\u00e9mique autour de l'Ivermectine et de son bannissement dans le traitement de la maladie soul\u00e8ve \u00e0 nouveau des questions sur l'impartialit\u00e9 de cet organisme de l\u2019ONU vis-\u00e0-vis du Big Pharma. Il semblerait que l'OMS soit parvenue \u00e0 interdire sa prescription en Inde, apr\u00e8s plusieurs semaines d'apparents succ\u00e8s spectaculaires contre la flamb\u00e9e \u00e9pid\u00e9mique. Serait-ce un probl\u00e8me de rentabilit\u00e9 du traitement qui explique cette promotion du vaccin par l'instance sanitaire mondial ?<\/p>\n<hr class=\"wp-block-separator has-css-opacity\" \/>\n<p>Depuis plusieurs d\u00e9cennies, les industries pharmaceutiques nous ont fait miroiter une bonne sant\u00e9 gr\u00e2ce \u00e0 leur m\u00e9dication. Pourtant, si l\u2019on regarde d\u2019un peu plus pr\u00e8s, de nombreux scandales ont \u00e9maill\u00e9s leurs merveilleuses cages dor\u00e9es. Le tout dernier sorti, date d\u2019avril 2021. Un proc\u00e8s s'est ouvert contre quatre laboratoires am\u00e9ricains, dont <a href=\"https:\/\/www.lefigaro.fr\/societes\/crise-des-opiaces-nouveau-proces-contre-johnson-johnson-et-d-autres-labos-americains-20210420\" target=\"_blank\" rel=\"noreferrer noopener\">Johnson-Johnson<\/a> (J&amp;J), accus\u00e9s de marketing trompeur qui aurait contribu\u00e9 \u00e0 la crise des opiac\u00e9s, \u00e0 l'origine d'une explosion des overdoses. L\u2019anti-douleur aux opiac\u00e9s aura fait \u00e9norm\u00e9ment de d\u00e9g\u00e2ts sur la sant\u00e9 des humains, provoquant des d\u00e9pendances et jusqu\u2019\u00e0 500 000 d\u00e9c\u00e8s depuis 1999, seulement au \u00c9tats-unis.<\/p>\n<p>Les scandales et proc\u00e8s ne s\u2019arr\u00eatent pas l\u00e0 et <a href=\"https:\/\/www.nexus.fr\/actualite\/vaccin\/historique-judiciaire-pfizer\/\">Pfi<\/a><a href=\"https:\/\/www.nexus.fr\/actualite\/vaccin\/historique-judiciaire-pfizer\/\" target=\"_blank\" rel=\"noreferrer noopener\">z<\/a><a href=\"https:\/\/www.nexus.fr\/actualite\/vaccin\/historique-judiciaire-pfizer\/\">er<\/a> n\u2019est pas en reste.<\/p>\n<p>En 1996, le Nigeria portait plainte contre Pfizer, <em>accus\u00e9e d\u2019avoir r\u00e9alis\u00e9 <\/em><em>la m\u00eame ann\u00e9e<\/em><em> des essais th\u00e9rapeutiques dans l\u2019\u00c9tat de Kano, sans avoir obtenu les accords n\u00e9cessaires des autorit\u00e9s r\u00e9gulatrices du Nigeria. Plusieurs enfants seraient d\u00e9c\u00e9d\u00e9s.<\/em><\/p>\n<p>En 2009, le laboratoire Pfizer, a \u00e9t\u00e9 reconnu coupable de pratiques commerciales frauduleuses et a \u00e9cop\u00e9 d'une amende de 2,3\u00a0milliards de dollars pour solder une plainte sur ses pratiques commerciales.<\/p>\n<p>En novembre 2020, <a href=\"https:\/\/planetes360.fr\/jackpot-le-pdg-de-pfizer-a-vendu-pour-56-millions-de-dollars-dactions-le-jour-de-lannonce-de-lefficacite-de-son-vaccin\/\" target=\"_blank\" rel=\"noreferrer noopener\">Albert Bourla PDG Pfizer se f\u00e9licitait d\u2019avoir vendu 5,6 millions de dollars d\u2019actions du laboratoire am\u00e9ricain<\/a>. Plus int\u00e9ress\u00e9 par l\u2019argent que le bien-\u00eatre des humains, ce monsieur aurait-il oublier que ce vaccin est toujours en <a href=\"https:\/\/www.infovac.ch\/fr\/faq\/developpement-d-un-vaccin\" target=\"_blank\" rel=\"noreferrer noopener\">phase 3<\/a> qui se terminera en mai 2023, donc, <a href=\"https:\/\/crudelis.fr\/site\/covid1984\/2021\/06\/10\/les-injections-arn-appelees-vaccins-sont-experimentales\/\" target=\"_blank\" rel=\"noreferrer noopener\">toujours en phase exp\u00e9rimentale<\/a>. Ce sont des essais cliniques sur les humains qui doit inclure des volontaires (ce qui n\u2019est pas le cas actuellement). Ensuite viendra la phase 4 o\u00f9 il s\u2019agira de v\u00e9rifier si des effets ind\u00e9sirables tr\u00e8s rares, mais graves, surviennent chez les millions de personnes vaccin\u00e9es, pour arriver \u00e0 une autorisation de vacciner la population.<\/p>\n<p><a href=\"https:\/\/www.europarl.europa.eu\/doceo\/document\/E-9-2021-000178_FR.html\" target=\"_blank\" rel=\"noreferrer noopener\">Faire confiance aux grands laboratoires<\/a> et oublier leurs d\u00e9boires et leurs scandales est vraiment tr\u00e8s grave. <a href=\"https:\/\/www.humanite.fr\/vaccins-leurope-protege-les-profits-de-pfizer-jusquou-ira-le-scandale-704145\" target=\"_blank\" rel=\"noreferrer noopener\">L\u2019Agence europ\u00e9enne des m\u00e9dicaments a octroy\u00e9<\/a> en janvier 2021, une autorisation de mise sur le march\u00e9 conditionnelle pour le vaccin de Pfizer\/BioNTech sur la foi des donn\u00e9es transmises par Pfizer, alors que ce dernier a \u00e9t\u00e9 condamn\u00e9 \u00e0 plusieurs reprises.<\/p>\n<p>Plusieurs mois apr\u00e8s l\u2019arriv\u00e9e du virus Covid19 et apr\u00e8s des combats contre tous les m\u00e9dicaments naturels ou au prix modique, la soci\u00e9t\u00e9 Merck demande \u00e0 la FDA, une autorisation d\u2019urgence pour sa \u00ab\u00a0pilule r\u00e9volutionnaire\u00a0\u00bb, le <a href=\"https:\/\/www.profession-gendarme.com\/le-molnupiravir-ou-la-fausse-ivermectine-de-big-pharma-merck-demande-a-la-fda-une-autorisation-durgence-pour-sa-pilule-anti-covid-19-en-depit-des-risques-graves-sur-la-sante-cancer-ou-malf\/\" target=\"_blank\" rel=\"noreferrer noopener\">Molnupiravir<\/a>. Une fausse Ivermectine dont le traitement co\u00fbterait 700 dollars et les risques sur la sant\u00e9, importants (cancer ou malformation cong\u00e9nitale). \u00ab\u00a0Gr\u00e2ce\u00a0\u00bb \u00e0 la Fondation Bill et Melinda Gates, ce poison mortel sera <a href=\"https:\/\/qactus.fr\/2021\/10\/24\/la-fondation-gates-debloque-120-millions-de-dollars-pour-distribuer-le-medicament-oral-contre-la-covid-19-dans-les-pays-pauvres\/amp\/\" target=\"_blank\" rel=\"noreferrer noopener\">distribu\u00e9 dans les pays pauvres<\/a>.<\/p>\n<p>Que ce soit le laboratoire Pfizer ou un autre, tous les Big-Pharma sont concern\u00e9s par les profits et les scandales qu\u2019explique tr\u00e8s bien cette vid\u00e9o \u00ab\u00a0<a href=\"https:\/\/crudelis.fr\/site\/covid1984\/2020\/12\/16\/big-pharma-labos-tout-puissants\/\" target=\"_blank\" rel=\"noreferrer noopener\">Big pharma, labos tout-puissants<\/a>\u00a0\u00bb ou comment les gros labos dirigent le monde. Notre sant\u00e9 leur importe peu, leur seul int\u00e9r\u00eat est l\u2019app\u00e2t du gain.<\/p>\n<hr class=\"wp-block-separator has-css-opacity\" \/>\n<p>Plus de cent ans se sont \u00e9coul\u00e9s depuis le d\u00e9but de la m\u00e9decine moderne supervis\u00e9e par <a href=\"https:\/\/www.cairn.info\/revue-bulletin-de-l-institut-pierre-renouvin1-2010-2-page-193.htm\" target=\"_blank\" rel=\"noreferrer noopener\">l\u2019Organisation d\u2019hygi\u00e8ne de la SDN qui deviendra plus tard l\u2019OMS<\/a>. Il est peut-\u00eatre temps de se souvenir que l\u2019histoire de la m\u00e9decine ne commence pas au d\u00e9but du 20<sup>e<\/sup> si\u00e8cle. Pendant des milliers d\u2019ann\u00e9es, les hommes ont appris \u00e0 se servir de la nature pour se soigner.<\/p>\n<p>Nous avons pas besoin d\u2019accepter la camisole chimique que sont ces nouveaux m\u00e9dicaments p\u00e9trochimiques et ces vaccins plus que dangereux. Que ce soit les m\u00e9dicaments ou les vaccinations, nos grands laboratoires laissent derri\u00e8re eux des traces ind\u00e9l\u00e9biles de leur passage. Il ne faudrait pas oublier que la nature nous a dot\u00e9 de ses vertus m\u00e9dicinales connues de nos anc\u00eatres. Plusieurs <a href=\"https:\/\/www.sante-sur-le-net.com\/sante-quotidien\/sante-naturelle\/\" target=\"_blank\" rel=\"noreferrer noopener\">m\u00e9decines naturelles<\/a> s\u2019offrent \u00e0 nous et toutes les maladies peuvent \u00eatre soigner naturellement, du petit rhume au diab\u00e8te. \u00c0 base de <a href=\"https:\/\/www.vidal.fr\/parapharmacie\/phytotherapie-plantes.html\" target=\"_blank\" rel=\"noreferrer noopener\">plantes<\/a>, de <a href=\"https:\/\/web.archive.org\/web\/20210726140530\/https:\/\/www.francesoir.fr\/lifestyle-bien-etre\/et-si-osait-les-fleurs-de-bach\" target=\"_blank\" rel=\"noreferrer noopener\">fleurs<\/a>, d\u2019<a href=\"https:\/\/www.yumpu.com\/fr\/document\/view\/51661913\/guide-oligotherapie-oligomed-se-soigner-par-loligotherapie\" target=\"_blank\" rel=\"noreferrer noopener\">oligo-\u00e9l\u00e9ment<\/a>, en passant par le yoga et la sophrologie, ces rem\u00e8des ont fait leurs preuves et ce, depuis des si\u00e8cles voire m\u00eame pour certains, des milliers d\u2019ann\u00e9es.<\/p>\n<p>Depuis plusieurs d\u00e9cennies, on n\u2019arr\u00eate pas de nous dire que nos anc\u00eatres mourraient tr\u00e8s jeunes, faute de m\u00e9dicaments et de vaccins. Pourtant, l\u2019histoire nous prouve le contraire par quelques exemples.<\/p>\n<p>Pendant l\u2019antiquit\u00e9, soit 2 000 avant notre \u00e8re, le pharaon <a href=\"http:\/\/antikforever.com\/Egypte\/rois\/pepi_II.htm\" target=\"_blank\" rel=\"noreferrer noopener\">Pepi II<\/a> est d\u00e9c\u00e9d\u00e9 \u00e0 plus de 100 ans. <a href=\"https:\/\/fr.wikipedia.org\/wiki\/Rams%C3%A8s_II\" target=\"_blank\" rel=\"noreferrer noopener\">Rams\u00e8s II<\/a>, \u00e0 l\u2019\u00e2ge de 91 ans. <a href=\"https:\/\/fr.wikipedia.org\/wiki\/Hippocrate\" target=\"_blank\" rel=\"noreferrer noopener\">Hippocrate<\/a>, fondateur des r\u00e8gles \u00e9thiques pour les m\u00e9decins, \u00e0 travers le <a href=\"https:\/\/fr.wikipedia.org\/wiki\/Serment_d%27Hippocrate\" target=\"_blank\" rel=\"noreferrer noopener\">serment d'Hippocrate<\/a>, d\u00e9c\u00e9d\u00e9 en 377 avant notre \u00e8re, \u00e0 l\u2019\u00e2ge de 83 ans. <a href=\"https:\/\/fr.wikipedia.org\/wiki\/Platon\" target=\"_blank\" rel=\"noreferrer noopener\">Platon<\/a>, Philosophe antique de la Gr\u00e8ce, d\u00e9c\u00e9d\u00e9 en 347 avant notre \u00e8re, \u00e0 l\u2019\u00e2ge de 80 ans.<\/p>\n<p>Un peu moins loin de notre \u00e9poque, avant m\u00eame notre m\u00e9decine moderne et nos vaccins, plusieurs <a href=\"https:\/\/fr.wikipedia.org\/wiki\/Personnalit%C3%A9s_fran%C3%A7aises_centenaires\" target=\"_blank\" rel=\"noreferrer noopener\">fran\u00e7ais<\/a> connus ou inconnus ont aussi franchi les 100 ans, comme Jean-Fr\u00e9d\u00e9ric Waldeck, Antiquaire, cartographe, artiste et explorateur, d\u00e9c\u00e9d\u00e9 en 1875 \u00e0 l\u2019\u00e2ge de 109 ans, Louis-Victor Baillot, soldat des arm\u00e9es napol\u00e9oniennes, d\u00e9c\u00e9d\u00e9 en 1898 \u00e0 l\u2019\u00e2ge de 104 ans et bien d\u2019autres <a href=\"https:\/\/fr.wikipedia.org\/wiki\/centenaires\" target=\"_blank\" rel=\"noreferrer noopener\">centenaires<\/a> prouvent encore que vivre vieux n\u2019est pas l\u2019apanage de notre m\u00e9decine moderne.<\/p>\n<p>Qu\u2019elles soient europ\u00e9enne, <a href=\"https:\/\/www.passeportsante.net\/fr\/Therapies\/Guide\/Fiche.aspx?doc=medecine_traditionnelle_chinoise_th\" target=\"_blank\" rel=\"noreferrer noopener\">chinoise<\/a>, <a href=\"https:\/\/www.passeportsante.net\/fr\/Therapies\/Guide\/Fiche.aspx?doc=ayurveda_th\" target=\"_blank\" rel=\"noreferrer noopener\">ayurveda<\/a>, <a href=\"https:\/\/www.lepoint.fr\/afrique\/nous-avons-beaucoup-a-apprendre-des-medecines-traditionnelles-africaines-31-01-2020-2360676_3826.php\" target=\"_blank\" rel=\"noreferrer noopener\">africaine<\/a> ou autre, toutes les m\u00e9decines <a href=\"https:\/\/www.mollat.com\/dossiers\/medecines-traditionnelles-une-approche-holistique\" target=\"_blank\" rel=\"noreferrer noopener\">traditionnelles<\/a> du monde soignent aussi bien les humains que les animaux. Il suffit simplement de faire quelques recherches et de se lancer.<\/p>\n<p>Dans les temps pas si anciens, nos anc\u00eatres savaient se soigner. R\u00e9apprenons \u00e0 nous soigner, \u00e9coutons notre corps. <a href=\"https:\/\/reseauinternational.net\/il-est-temps-de-reveiller-le-medecin-qui-sommeille-en-nous\/\" target=\"_blank\" rel=\"noreferrer noopener\">Il est temps de r\u00e9veiller le m\u00e9decin qui sommeille en nous<\/a>.<\/p>\n","protected":false},"excerpt":{"rendered":"<p>Du petit bobo au virus ravageur, les humains comme les animaux ont toujours cherch\u00e9 des solutions pour se soigner. Depuis la naissance de la Terre, la vie s\u2019est propag\u00e9e au fil du temps et la nature s\u2019est dot\u00e9e de rem\u00e8des qui ont gu\u00e9ri beaucoup de maux. D\u00e9j\u00e0 \u00e0 l\u2019\u00e9poque des hommes pr\u00e9historiques, la recherche de rem\u00e8des faisait partie de leurs pr\u00e9occupations. D\u2019apr\u00e8s Pierre Thillaud, professeur d\u2019histoire de la m\u00e9decine, \u00ab\u00a0Les maux dont souffraient nos anc\u00eatres sont les m\u00eames que les n\u00f4tres\u00a0\u00bb L\u2019histoire de la pharmacie et des m\u00e9dicaments commence vers 8 500 avant notre \u00e8re, \u00e0 l\u2019\u00e9poque N\u00e9olithique. \u00c0 l\u2019aide de plantes m\u00e9dicinales et d\u2019extraits d\u2019animaux, l\u2019art de gu\u00e9rir \u00e9merge. Quelques fouilles sur un site n\u00e9olithique ont r\u00e9v\u00e9l\u00e9 le plus&#46;&#46;&#46;<\/p>\n","protected":false},"author":3,"featured_media":0,"comment_status":"open","ping_status":"open","sticky":false,"template":"","format":"standard","meta":{"footnotes":""},"categories":[77,15,17],"tags":[],"class_list":["post-1762","post","type-post","status-publish","format-standard","hentry","category-covid19","category-prevention","category-ressources"],"_links":{"self":[{"href":"https:\/\/crudelis.fr\/site\/covid1984\/wp-json\/wp\/v2\/posts\/1762","targetHints":{"allow":["GET"]}}],"collection":[{"href":"https:\/\/crudelis.fr\/site\/covid1984\/wp-json\/wp\/v2\/posts"}],"about":[{"href":"https:\/\/crudelis.fr\/site\/covid1984\/wp-json\/wp\/v2\/types\/post"}],"author":[{"embeddable":true,"href":"https:\/\/crudelis.fr\/site\/covid1984\/wp-json\/wp\/v2\/users\/3"}],"replies":[{"embeddable":true,"href":"https:\/\/crudelis.fr\/site\/covid1984\/wp-json\/wp\/v2\/comments?post=1762"}],"version-history":[{"count":4,"href":"https:\/\/crudelis.fr\/site\/covid1984\/wp-json\/wp\/v2\/posts\/1762\/revisions"}],"predecessor-version":[{"id":2106,"href":"https:\/\/crudelis.fr\/site\/covid1984\/wp-json\/wp\/v2\/posts\/1762\/revisions\/2106"}],"wp:attachment":[{"href":"https:\/\/crudelis.fr\/site\/covid1984\/wp-json\/wp\/v2\/media?parent=1762"}],"wp:term":[{"taxonomy":"category","embeddable":true,"href":"https:\/\/crudelis.fr\/site\/covid1984\/wp-json\/wp\/v2\/categories?post=1762"},{"taxonomy":"post_tag","embeddable":true,"href":"https:\/\/crudelis.fr\/site\/covid1984\/wp-json\/wp\/v2\/tags?post=1762"}],"curies":[{"name":"wp","href":"https:\/\/api.w.org\/{rel}","templated":true}]}}