{"id":1874,"date":"2022-03-08T10:55:17","date_gmt":"2022-03-08T10:55:17","guid":{"rendered":"https:\/\/covid1984.nohost.me\/blog\/?p=1874"},"modified":"2023-03-19T16:59:43","modified_gmt":"2023-03-19T16:59:43","slug":"grand-jury-par-la-cour-populaire-de-lopinion-publique-jour-1","status":"publish","type":"post","link":"https:\/\/crudelis.fr\/site\/covid1984\/2022\/03\/08\/grand-jury-par-la-cour-populaire-de-lopinion-publique-jour-1\/","title":{"rendered":"\"Grand Jury\" par la Cour populaire de l\u2019Opinion Publique - Jour 1"},"content":{"rendered":"\n<p>Longuement attendue, la proc\u00e9dure judiciaire de Reiner Fuellmich a enfin d\u00e9marr\u00e9e.<br>Il n'\u00e9tait pas question d'un nouveau Nuremberg, puisque cela n\u00e9cessiterait une collaboration de tribunaux internationaux impartiaux mais d'un mod\u00e8le de proc\u00e9dure permettant de pr\u00e9senter les preuves accumul\u00e9es et ainsi permettre la tenue de proc\u00e8s bas\u00e9s sur ces preuves dans les diff\u00e9rentes nations \u00e0 travers le monde.<\/p>\n\n\n\n<!--more-->\n\n\n\n<p>Consid\u00e9rant qu'au moment de la tenue de ces proc\u00e9dures, la crise du covid-19 n'\u00e9tait pas termin\u00e9e, Reiner Fuellmich a pr\u00e9f\u00e9r\u00e9 ne pas risquer une proc\u00e9dure l\u00e9gale officielle, qui aurait \u00e9t\u00e9 de toute \u00e9vidence rejet\u00e9e. Il a pr\u00e9f\u00e9r\u00e9 d\u00e9voiler les preuves \u00e0 sa disposition, apr\u00e8s 1 an et demi d'auditions et d'enqu\u00eates, pour permettre, \u00e0 un moment o\u00f9 le peuple s'\u00e9veille, de disposer des preuves et des \u00e9l\u00e9ments de r\u00e9flexion pour mieux comprendre l'ampleur de ce qui s'est pass\u00e9.<\/p>\n\n\n\n<blockquote class=\"wp-block-quote is-layout-flow wp-block-quote-is-layout-flow\">\n<p><em>Having been unable to find a court to hear the actual evidence in the current system\u00b4s courts of law, we are undertaking this proceeding outside of the current system and based on natural law.<\/em><\/p>\n\n\n\n<p><em>This, in turn is founded on the firm belief that every person can easily distinguish between good and evil, and between right and wrong.<br>---<br>N\u2019ayant pas \u00e9t\u00e9 en mesure de trouver un tribunal pour entendre les preuves r\u00e9elles observ\u00e9es devant les tribunaux du syst\u00e8me actuel, nous entreprenons cette proc\u00e9dure en dehors du syst\u00e8me actuel, en nous fondant sur le droit naturel. Ceci, \u00e0 son tour, est fond\u00e9 sur la ferme conviction que chaque personne peut facilement faire la distinction entre le bien et le mal, et entre le vrai et le faux.<\/em><\/p>\n<cite>Les experts du Grand-jury<\/cite><\/blockquote>\n\n\n\n<p>Au premier jour du Grand Jury, les avocats et le juge en charge de cette proc\u00e9dure ont publi\u00e9 un communiqu\u00e9 de presse:<\/p>\n\n\n\n<p><a rel=\"noreferrer noopener\" href=\"https:\/\/grand-jury.net\/\" data-type=\"URL\" data-id=\"https:\/\/grand-jury.net\/\" target=\"_blank\">grand-jury.net - Grand Jury, The court of public opinion<\/a><br><em>Temps de lecture: 2 minutes.<\/em><\/p>\n\n\n\n<p>FranceSoir en propose une traduction compl\u00e8te:<\/p>\n\n\n\n<p><a href=\"https:\/\/www.francesoir.fr\/societe-faits-divers\/la-procedure-du-grand-jury-par-la-cour-populaire-de-lopinion-publique-est\" data-type=\"URL\" data-id=\"https:\/\/www.francesoir.fr\/societe-faits-divers\/la-procedure-du-grand-jury-par-la-cour-populaire-de-lopinion-publique-est\" target=\"_blank\" rel=\"noreferrer noopener\">FranceSoir -  La proc\u00e9dure de Reiner Fuellmich lanc\u00e9e : un \"Grand Jury\" par la Cour populaire de l\u2019Opinion Publique<\/a><br><em>Temps de lecture: 2 minutes.<\/em><\/p>\n\n\n\n<hr class=\"wp-block-separator has-css-opacity is-style-dots\"\/>\n\n\n\n<p>La premi\u00e8re journ\u00e9e de la proc\u00e9dure a d\u00e9marr\u00e9 avec les discours d'ouverture de plusieurs des avocats impliqu\u00e9s.<\/p>\n\n\n\n<p>Ces discours d'ouverture d\u00e9marrent par une pr\u00e9sentation g\u00e9n\u00e9rale de la proc\u00e9dure puis rev\u00eatent la forme de plaidoyer visant \u00e0 pr\u00e9senter les preuves qui vont \u00eatre entendues.<br>On pourrait \u00eatre surpris par le ton employ\u00e9, qui affirme plut\u00f4t que supposer, mais il faut bien comprendre que ce ne sont pas l\u00e0 les paroles d'experts, mais bien les plaidoyers des avocats eux-m\u00eames.<\/p>\n\n\n\n<p><a rel=\"noreferrer noopener\" href=\"https:\/\/odysee.com\/@GrandJury:f\/Grand-Jury-1-EN:0\" data-type=\"URL\" data-id=\"https:\/\/odysee.com\/@GrandJury:f\/Grand-Jury-1-EN:0\" target=\"_blank\">Odysee - Grand Jury | Day 1 (English) | Opening statements<\/a><br><em>1 heure 25 minutes.<\/em><\/p>\n\n\n\n<p><a href=\"https:\/\/odysee.com\/@JeanneTraduction:a\/Grand-Jury-01:c\" data-type=\"URL\" data-id=\"https:\/\/odysee.com\/@JeanneTraduction:a\/Grand-Jury-01:c\" target=\"_blank\" rel=\"noreferrer noopener\">Odysee - Grand Jury | Jour 1 | D\u00e9clarations d'ouverture<\/a><\/p>\n\n\n\n<hr class=\"wp-block-separator has-css-opacity is-style-dots\"\/>\n\n\n\n<p>Il est beaucoup question de \"<a rel=\"noreferrer noopener\" href=\"https:\/\/fr.wikipedia.org\/wiki\/Droit_naturel\" target=\"_blank\">Droit naturel<\/a>\", un concept philosophique correspondant aux concepts de bien et de mal tel que d\u00e9finit par l'humanit\u00e9 depuis toujours, <a href=\"https:\/\/fr.wikipedia.org\/wiki\/Droit_naturel#Le_droit_naturel_et_les_droits_de_l'Homme\" target=\"_blank\" rel=\"noreferrer noopener\">constitutif de la D\u00e9claration des droits de l'homme<\/a> et ainsi part de la Constitution de 1958.<\/p>\n\n\n\n<hr class=\"wp-block-separator has-css-opacity is-style-dots\"\/>\n\n\n\n<p>Il est possible de retrouver les diff\u00e9rentes interventions ind\u00e9pendamment:<\/p>\n\n\n\n<p>Ana Garner, avocate.<\/p>\n\n\n\n<p><a rel=\"noreferrer noopener\" href=\"https:\/\/odysee.com\/@GrandJury:f\/1-Grand-Jury-1-EN:9\" data-type=\"URL\" data-id=\"https:\/\/odysee.com\/@GrandJury:f\/1-Grand-Jury-1-EN:9\" target=\"_blank\">Odysee - Attorney at Law N. Ana Garner, USA | Grand Jury | Day 1 (English)<\/a><br><em>5 minutes.<\/em><\/p>\n\n\n\n<p><a href=\"https:\/\/odysee.com\/@JeanneTraduction:a\/Ana-Garner:e\" data-type=\"URL\" data-id=\"https:\/\/odysee.com\/@JeanneTraduction:a\/Ana-Garner:e\" target=\"_blank\" rel=\"noreferrer noopener\">Odysee - Ana Garner \/ Jour 1 - Grand Jury<\/a><\/p>\n\n\n\n<hr class=\"wp-block-separator has-css-opacity is-style-dots\"\/>\n\n\n\n<p>Juge Rui Fonseca E Castro.<\/p>\n\n\n\n<p><a rel=\"noreferrer noopener\" href=\"https:\/\/odysee.com\/@GrandJury:f\/2-FONSECA-Grand-Jury-1-EN:1\" data-type=\"URL\" data-id=\"https:\/\/odysee.com\/@GrandJury:f\/2-FONSECA-Grand-Jury-1-EN:1\" target=\"_blank\">Odysee - Judge Rui Fonseca E Castro, Portugal | Grand Jury | Day 1 (English)<\/a><br><em>2 minutes.<\/em><\/p>\n\n\n\n<p><a href=\"https:\/\/odysee.com\/@JeanneTraduction:a\/Rui-Fonseca-e-Castro:9\" data-type=\"URL\" data-id=\"https:\/\/odysee.com\/@JeanneTraduction:a\/Rui-Fonseca-e-Castro:9\" target=\"_blank\" rel=\"noreferrer noopener\">Odysee - Rui Fonseca e Castro \/ Jour 1 - Grand Jury<\/a><\/p>\n\n\n\n<hr class=\"wp-block-separator has-css-opacity is-style-dots\"\/>\n\n\n\n<p>Deana Pollard Sacks, avocate.<\/p>\n\n\n\n<p><a rel=\"noreferrer noopener\" href=\"https:\/\/odysee.com\/@GrandJury:f\/3-DEANA-POLLARD-SACKS-Grand-Jury-1-EN:7\" data-type=\"URL\" data-id=\"https:\/\/odysee.com\/@GrandJury:f\/3-DEANA-POLLARD-SACKS-Grand-Jury-1-EN:7\" target=\"_blank\">Odysee - Attorney at Law Deana Sacks, USA | Grand Jury | Day 1 (English)<\/a><br><em>10 minutes.<\/em><\/p>\n\n\n\n<p><a href=\"https:\/\/odysee.com\/@JeanneTraduction:a\/Deana-Sacks:e\" data-type=\"URL\" data-id=\"https:\/\/odysee.com\/@JeanneTraduction:a\/Deana-Sacks:e\" target=\"_blank\" rel=\"noreferrer noopener\">Odysee - Deana Pollard Sacks \/ Jour 1 - Grand Jury<\/a><\/p>\n\n\n\n<hr class=\"wp-block-separator has-css-opacity is-style-dots\"\/>\n\n\n\n<p>Dr. Reiner Fuellmich, avocat.<\/p>\n\n\n\n<p><a href=\"https:\/\/odysee.com\/@GrandJury:f\/4-RF-Grand-Jury-1-EN:6\" data-type=\"URL\" data-id=\"https:\/\/odysee.com\/@GrandJury:f\/4-RF-Grand-Jury-1-EN:6\" target=\"_blank\" rel=\"noreferrer noopener\"><\/a><a rel=\"noreferrer noopener\" href=\"https:\/\/odysee.com\/@GrandJury:f\/4-RF-Grand-Jury-1-EN:6\" data-type=\"URL\" data-id=\"https:\/\/odysee.com\/@GrandJury:f\/4-RF-Grand-Jury-1-EN:6\" target=\"_blank\">Odysee - Attorney at Law Dr. Reiner Fuellmich, Germany | Grand Jury | Day 1 (English)<\/a><br><em>18 minutes.<\/em><\/p>\n\n\n\n<p><a href=\"https:\/\/odysee.com\/@JeanneTraduction:a\/Reiner-Fuellmich-Grand-Jury-01:5\" data-type=\"URL\" data-id=\"https:\/\/odysee.com\/@JeanneTraduction:a\/Reiner-Fuellmich-Grand-Jury-01:5\" target=\"_blank\" rel=\"noreferrer noopener\"><\/a><a rel=\"noreferrer noopener\" href=\"https:\/\/odysee.com\/@JeanneTraduction:a\/Reiner-Fuellmich-Grand-Jury-01:5\" data-type=\"URL\" data-id=\"https:\/\/odysee.com\/@JeanneTraduction:a\/Reiner-Fuellmich-Grand-Jury-01:5\" target=\"_blank\">Odysee - Reiner Fuellmich \/ Jour 1 - Grand Jury<\/a><\/p>\n\n\n\n<hr class=\"wp-block-separator has-css-opacity is-style-dots\"\/>\n\n\n\n<p>Dipali Ojha, avocate.<\/p>\n\n\n\n<p><a rel=\"noreferrer noopener\" href=\"https:\/\/odysee.com\/@GrandJury:f\/5-DIPALI-Grand-Jury-1-EN:1\" data-type=\"URL\" data-id=\"https:\/\/odysee.com\/@GrandJury:f\/5-DIPALI-Grand-Jury-1-EN:1\" target=\"_blank\">Odysee - Attorney at Law Dipali Ojha, India | Grand Jury | Day 1 (English)<\/a><br><em>14 minutes.<\/em><\/p>\n\n\n\n<p><a href=\"https:\/\/odysee.com\/@JeanneTraduction:a\/Dipali-Ojha:f\" data-type=\"URL\" data-id=\"https:\/\/odysee.com\/@JeanneTraduction:a\/Dipali-Ojha:f\" target=\"_blank\" rel=\"noreferrer noopener\">Odysee - Dipali Ojha \/ Jour 1 - Grand Jury<\/a><\/p>\n\n\n\n<hr class=\"wp-block-separator has-css-opacity is-style-dots\"\/>\n\n\n\n<p>Dexter L-J. Ryneveldt, avocat.<\/p>\n\n\n\n<p><a rel=\"noreferrer noopener\" href=\"https:\/\/odysee.com\/@GrandJury:f\/6-DEXTER-Grand-Jury-1-EN:4\" data-type=\"URL\" data-id=\"https:\/\/odysee.com\/@GrandJury:f\/6-DEXTER-Grand-Jury-1-EN:4\" target=\"_blank\">Odysee - Attorney at Law Dexter L-J. Ryneveldt (Adv.), South Africa | Grand Jury | Day 1 (English)<\/a><br><em>20 minutes.<\/em><\/p>\n\n\n\n<p><a rel=\"noreferrer noopener\" href=\"https:\/\/odysee.com\/@JeanneTraduction:a\/Dexter-Ryneveldt:7\" data-type=\"URL\" data-id=\"https:\/\/odysee.com\/@JeanneTraduction:a\/Dexter-Ryneveldt:7\" target=\"_blank\">Odysee - Dexter Ryneveldt \/ Jour 1 - Grand Jury<\/a><\/p>\n","protected":false},"excerpt":{"rendered":"<p>Longuement attendue, la proc\u00e9dure judiciaire de Reiner Fuellmich a enfin d\u00e9marr\u00e9e.Il n'\u00e9tait pas question d'un nouveau Nuremberg, puisque cela n\u00e9cessiterait une collaboration de tribunaux internationaux impartiaux mais d'un mod\u00e8le de proc\u00e9dure permettant de pr\u00e9senter les preuves accumul\u00e9es et ainsi permettre la tenue de proc\u00e8s bas\u00e9s sur ces preuves dans les diff\u00e9rentes nations \u00e0 travers le monde.<\/p>\n","protected":false},"author":2,"featured_media":0,"comment_status":"open","ping_status":"open","sticky":false,"template":"","format":"standard","meta":{"footnotes":""},"categories":[77,9,14,17],"tags":[28,32],"class_list":["post-1874","post","type-post","status-publish","format-standard","hentry","category-covid19","category-interview","category-pourquoi","category-ressources","tag-relativiser","tag-video"],"_links":{"self":[{"href":"https:\/\/crudelis.fr\/site\/covid1984\/wp-json\/wp\/v2\/posts\/1874","targetHints":{"allow":["GET"]}}],"collection":[{"href":"https:\/\/crudelis.fr\/site\/covid1984\/wp-json\/wp\/v2\/posts"}],"about":[{"href":"https:\/\/crudelis.fr\/site\/covid1984\/wp-json\/wp\/v2\/types\/post"}],"author":[{"embeddable":true,"href":"https:\/\/crudelis.fr\/site\/covid1984\/wp-json\/wp\/v2\/users\/2"}],"replies":[{"embeddable":true,"href":"https:\/\/crudelis.fr\/site\/covid1984\/wp-json\/wp\/v2\/comments?post=1874"}],"version-history":[{"count":2,"href":"https:\/\/crudelis.fr\/site\/covid1984\/wp-json\/wp\/v2\/posts\/1874\/revisions"}],"predecessor-version":[{"id":2678,"href":"https:\/\/crudelis.fr\/site\/covid1984\/wp-json\/wp\/v2\/posts\/1874\/revisions\/2678"}],"wp:attachment":[{"href":"https:\/\/crudelis.fr\/site\/covid1984\/wp-json\/wp\/v2\/media?parent=1874"}],"wp:term":[{"taxonomy":"category","embeddable":true,"href":"https:\/\/crudelis.fr\/site\/covid1984\/wp-json\/wp\/v2\/categories?post=1874"},{"taxonomy":"post_tag","embeddable":true,"href":"https:\/\/crudelis.fr\/site\/covid1984\/wp-json\/wp\/v2\/tags?post=1874"}],"curies":[{"name":"wp","href":"https:\/\/api.w.org\/{rel}","templated":true}]}}