{"id":1877,"date":"2020-11-25T22:52:54","date_gmt":"2020-11-25T22:52:54","guid":{"rendered":"https:\/\/covid1984.nohost.me\/blog\/?p=586"},"modified":"2022-08-20T11:09:21","modified_gmt":"2022-08-20T11:09:21","slug":"debat-louis-fouche-martin-blachier-confinement-vaccin-quelles-reponses-a-la-crise-sanitaire","status":"publish","type":"post","link":"https:\/\/crudelis.fr\/site\/covid1984\/2020\/11\/25\/debat-louis-fouche-martin-blachier-confinement-vaccin-quelles-reponses-a-la-crise-sanitaire\/","title":{"rendered":"D\u00e9bat Louis Fouch\u00e9 \/ Martin Blachier : Confinement, vaccin : quelles r\u00e9ponses \u00e0 la crise sanitaire ?"},"content":{"rendered":"\n<p>Un passionnant d\u00e9bat entre Louis Fouch\u00e9 et Martin Blachier sur SudRadio le 22 novembre.<\/p>\n\n\n\n<!--more-->\n\n\n\n<p><a href=\"https:\/\/odysee.com\/@wakeup:71\/D%C3%A9bat-Louis-FOUCH%C3%89-_-Martin-BLACHIER-_-Confinement,-vaccin-_-quelles-r%C3%A9ponses-%C3%A0-:1\" data-type=\"URL\" data-id=\"https:\/\/odysee.com\/@wakeup:71\/D%C3%A9bat-Louis-FOUCH%C3%89-_-Martin-BLACHIER-_-Confinement,-vaccin-_-quelles-r%C3%A9ponses-%C3%A0-:1\" target=\"_blank\" rel=\"noreferrer noopener\">Odysee - D\u00e9bat Louis FOUCH\u00c9 \/ Martin BLACHIER : Confinement, vaccin : quelles r\u00e9ponses \u00e0 la crise sanitaire ?<\/a><br><em>50 minutes.<\/em><\/p>\n\n\n\n<hr class=\"wp-block-separator has-css-opacity is-style-dots\"\/>\n\n\n\n<blockquote class=\"wp-block-quote is-layout-flow wp-block-quote-is-layout-flow\"><p><em>Le confinement a \u00e9t\u00e9 plut\u00f4t une b\u00eatise, parce qu'il y a eu ces impacts sanitaires, sociaux, \u00e9conomiques, d\u00e9mocratiques. Qui sont en fait une fuite en avant totalitaire, une fuite en avant de la dette [\u2026]<\/em><\/p><cite>Dr Louis Fouch\u00e9<\/cite><\/blockquote>\n\n\n\n<blockquote class=\"wp-block-quote is-layout-flow wp-block-quote-is-layout-flow\"><p><em><em>A partir du moment o\u00f9 vous tenez le rapport de force et o\u00f9 vous dites \"Non\" [\u2026]. Si vous tenez pas, vous allez vous faire taper dessus en fait, vous faire \u00e9craser par terre.<\/em><\/em><\/p><cite>Dr Louis Fouch\u00e9<\/cite><\/blockquote>\n\n\n\n<blockquote class=\"wp-block-quote is-layout-flow wp-block-quote-is-layout-flow\"><p><em><em><em>Moi j'ai plein de liens d'int\u00e9r\u00eats.<\/em><\/em><\/em><\/p><cite>Martin Blachier<\/cite><\/blockquote>\n\n\n\n<blockquote class=\"wp-block-quote is-layout-flow wp-block-quote-is-layout-flow\"><p><em><em><em>La corruption par les laboratoires pharmaceutiques a envahi la recherche m\u00e9dicale, la fabrique du savoir et envahi m\u00eame la pratique m\u00e9dicale<\/em><\/em><\/em><\/p><cite>Dr Louis Fouch\u00e9<\/cite><\/blockquote>\n\n\n\n<blockquote class=\"wp-block-quote is-layout-flow wp-block-quote-is-layout-flow\"><p>Sur cette histoire des effets secondaires (des vaccins), en fait on a un probl\u00e8me. Quand je vous ai dit que les firmes pharmaceutiques de remboursaient pas les effets secondaires. Qui les remboursent ? C'est l'\u00e9tat.<br>Or l'\u00e9tat, si il rembourse les effets secondaires, est-ce qu'\u00e0 votre avis il va financer la recherche sur les effets secondaires ? Ben non\u2026 Donc vous avez z\u00e9ro financement sur la recherche sur les effets secondaires.<\/p><cite>Dr Louis Fouch\u00e9<\/cite><\/blockquote>\n\n\n\n<hr class=\"wp-block-separator has-css-opacity is-style-dots\"\/>\n\n\n\n<p>Si il appara\u00eetra sans doute \u00e0 chacun le schisme \u00e9vident entre les 2 m\u00e9decins, on peut \u00eatre surpris que Martin Blachier soit si complaisant et sans cesse dans la d\u00e9fense de l'industrie pharmaceutique.<br>Il est bon de se souvenir de l'<a href=\"https:\/\/crudelis.fr\/site\/covid1984\/2020\/11\/15\/hold-up-le-documentaire-choc-informations-complementaires-5e-partie\/#5\" target=\"_blank\" rel=\"noreferrer noopener\">activit\u00e9 principale de Martin Blachier<\/a>, qui est, ind\u00e9niablement, chef d'entreprise avant tout.<\/p>\n","protected":false},"excerpt":{"rendered":"<p>Un passionnant d\u00e9bat entre Louis Fouch\u00e9 et Martin Blachier sur SudRadio le 22 novembre.<\/p>\n","protected":false},"author":2,"featured_media":0,"comment_status":"open","ping_status":"open","sticky":false,"template":"","format":"standard","meta":{"footnotes":""},"categories":[2,77,5,19],"tags":[21,31,32],"class_list":["post-1877","post","type-post","status-publish","format-standard","hentry","category-actualite","category-covid19","category-debat","category-vaccin","tag-confinement","tag-vaccin","tag-video"],"_links":{"self":[{"href":"https:\/\/crudelis.fr\/site\/covid1984\/wp-json\/wp\/v2\/posts\/1877","targetHints":{"allow":["GET"]}}],"collection":[{"href":"https:\/\/crudelis.fr\/site\/covid1984\/wp-json\/wp\/v2\/posts"}],"about":[{"href":"https:\/\/crudelis.fr\/site\/covid1984\/wp-json\/wp\/v2\/types\/post"}],"author":[{"embeddable":true,"href":"https:\/\/crudelis.fr\/site\/covid1984\/wp-json\/wp\/v2\/users\/2"}],"replies":[{"embeddable":true,"href":"https:\/\/crudelis.fr\/site\/covid1984\/wp-json\/wp\/v2\/comments?post=1877"}],"version-history":[{"count":3,"href":"https:\/\/crudelis.fr\/site\/covid1984\/wp-json\/wp\/v2\/posts\/1877\/revisions"}],"predecessor-version":[{"id":2111,"href":"https:\/\/crudelis.fr\/site\/covid1984\/wp-json\/wp\/v2\/posts\/1877\/revisions\/2111"}],"wp:attachment":[{"href":"https:\/\/crudelis.fr\/site\/covid1984\/wp-json\/wp\/v2\/media?parent=1877"}],"wp:term":[{"taxonomy":"category","embeddable":true,"href":"https:\/\/crudelis.fr\/site\/covid1984\/wp-json\/wp\/v2\/categories?post=1877"},{"taxonomy":"post_tag","embeddable":true,"href":"https:\/\/crudelis.fr\/site\/covid1984\/wp-json\/wp\/v2\/tags?post=1877"}],"curies":[{"name":"wp","href":"https:\/\/api.w.org\/{rel}","templated":true}]}}