{"id":188,"date":"2020-11-03T13:01:09","date_gmt":"2020-11-03T13:01:09","guid":{"rendered":"https:\/\/covid1984.nohost.me\/blog\/?p=188"},"modified":"2022-08-20T11:10:01","modified_gmt":"2022-08-20T11:10:01","slug":"le-professeur-perronne-de-retour-dans-les-medias-on-nous-invente-une-deuxieme-vague-catastrophique","status":"publish","type":"post","link":"https:\/\/crudelis.fr\/site\/covid1984\/2020\/11\/03\/le-professeur-perronne-de-retour-dans-les-medias-on-nous-invente-une-deuxieme-vague-catastrophique\/","title":{"rendered":"Le Professeur Perronne de retour dans les m\u00e9dias : \"On nous invente une deuxi\u00e8me vague catastrophique\""},"content":{"rendered":"\n<p>Une analyse, le 13 octobre 2020, d'une interview du Pr Perronne sur Sud Radio.<\/p>\n\n\n\n<!--more-->\n\n\n\n<figure class=\"wp-block-table\"><table class=\"has-subtle-light-gray-background-color has-background\"><tbody><tr><td class=\"has-text-align-center\" data-align=\"center\"><strong><strong>OPINION<\/strong><br><br>Cet article exprime l'opinion personnelle de son auteur.<\/strong><\/td><\/tr><\/tbody><\/table><\/figure>\n\n\n\n<p><a rel=\"noreferrer noopener\" href=\"http:\/\/www.francesoir.fr\/opinions-tribunes\/le-professeur-perronne-de-retour-dans-les-medias-nous-invente-une-deuxieme-vague\" data-type=\"URL\" data-id=\"http:\/\/www.francesoir.fr\/opinions-tribunes\/le-professeur-perronne-de-retour-dans-les-medias-nous-invente-une-deuxieme-vague\" target=\"_blank\">FranceSoir - Le Professeur Perronne de retour dans les m\u00e9dias : \"On nous invente une deuxi\u00e8me vague catastrophique\"<\/a><br><em>Temps de lecture: 6-7 minutes.<\/em><\/p>\n\n\n\n<hr class=\"wp-block-separator is-style-dots\" \/>\n\n\n\n<blockquote class=\"wp-block-quote is-layout-flow wp-block-quote-is-layout-flow\"><p><em>\"On est dans l'instrumentalisation de la peur\", d\u00e9clare avec force le Professeur Perronne. Alors qu'\"en Allemagne ou en Italie, on n'a pas d'explosion de l'\u00e9pid\u00e9mie\", en France \"on nous invente une deuxi\u00e8me vague catastrophique\" sur la base de tests PCR \u00e0 l'origine d'\u00e9norm\u00e9ment de \"faux positifs\".<\/em><\/p><cite>Alain Tranchant pour FranceSoir<\/cite><\/blockquote>\n\n\n\n<blockquote class=\"wp-block-quote is-layout-flow wp-block-quote-is-layout-flow\"><p><em>\"Si le gouvernement avait eu un Conseil scientifique normal\", insiste le Professeur Perronne, le traitement de l'infection par la chloroquine aurait d\u00fb \u00eatre confi\u00e9 d\u00e8s le d\u00e9but de l'\u00e9pid\u00e9mie aux m\u00e9decins g\u00e9n\u00e9ralistes, au lieu d'hospitaliser les patients ou de les placer en r\u00e9animation.<\/em><\/p><cite>Alain Tranchant pour FranceSoir<\/cite><\/blockquote>\n","protected":false},"excerpt":{"rendered":"<p>Une analyse, le 13 octobre 2020, d'une interview du Pr Perronne sur Sud Radio.<\/p>\n","protected":false},"author":2,"featured_media":0,"comment_status":"open","ping_status":"open","sticky":false,"template":"","format":"standard","meta":{"footnotes":""},"categories":[2,77,9,13],"tags":[26,28],"class_list":["post-188","post","type-post","status-publish","format-standard","hentry","category-actualite","category-covid19","category-interview","category-opinion","tag-opinion","tag-relativiser"],"_links":{"self":[{"href":"https:\/\/crudelis.fr\/site\/covid1984\/wp-json\/wp\/v2\/posts\/188","targetHints":{"allow":["GET"]}}],"collection":[{"href":"https:\/\/crudelis.fr\/site\/covid1984\/wp-json\/wp\/v2\/posts"}],"about":[{"href":"https:\/\/crudelis.fr\/site\/covid1984\/wp-json\/wp\/v2\/types\/post"}],"author":[{"embeddable":true,"href":"https:\/\/crudelis.fr\/site\/covid1984\/wp-json\/wp\/v2\/users\/2"}],"replies":[{"embeddable":true,"href":"https:\/\/crudelis.fr\/site\/covid1984\/wp-json\/wp\/v2\/comments?post=188"}],"version-history":[{"count":1,"href":"https:\/\/crudelis.fr\/site\/covid1984\/wp-json\/wp\/v2\/posts\/188\/revisions"}],"predecessor-version":[{"id":2346,"href":"https:\/\/crudelis.fr\/site\/covid1984\/wp-json\/wp\/v2\/posts\/188\/revisions\/2346"}],"wp:attachment":[{"href":"https:\/\/crudelis.fr\/site\/covid1984\/wp-json\/wp\/v2\/media?parent=188"}],"wp:term":[{"taxonomy":"category","embeddable":true,"href":"https:\/\/crudelis.fr\/site\/covid1984\/wp-json\/wp\/v2\/categories?post=188"},{"taxonomy":"post_tag","embeddable":true,"href":"https:\/\/crudelis.fr\/site\/covid1984\/wp-json\/wp\/v2\/tags?post=188"}],"curies":[{"name":"wp","href":"https:\/\/api.w.org\/{rel}","templated":true}]}}