{"id":190,"date":"2020-11-03T18:07:36","date_gmt":"2020-11-03T18:07:36","guid":{"rendered":"https:\/\/covid1984.nohost.me\/blog\/?p=190"},"modified":"2022-08-20T11:10:01","modified_gmt":"2022-08-20T11:10:01","slug":"covid-19-et-hopitaux-publics-cest-letat-qui-a-un-probleme-dorganisation","status":"publish","type":"post","link":"https:\/\/crudelis.fr\/site\/covid1984\/2020\/11\/03\/covid-19-et-hopitaux-publics-cest-letat-qui-a-un-probleme-dorganisation\/","title":{"rendered":"Covid 19 et h\u00f4pitaux publics : c\u2019est l\u2019\u00c9tat qui a un probl\u00e8me d\u2019organisation !"},"content":{"rendered":"\n<p>Quelques \u00e9claircissements sur le schisme entre la situation des h\u00f4pitaux publics et priv\u00e9s alors qu'on entend sans cesse que les h\u00f4pitaux publics sont surcharg\u00e9s. Un article dat\u00e9 du 13 octobre 2020.<\/p>\n\n\n\n<!--more-->\n\n\n\n<p><a rel=\"noreferrer noopener\" href=\"https:\/\/blogs.mediapart.fr\/paul-report\/blog\/131020\/covid-19-et-hopitaux-publics-c-est-l-etat-qui-un-probleme-d-organisation\" data-type=\"URL\" data-id=\"https:\/\/blogs.mediapart.fr\/paul-report\/blog\/131020\/covid-19-et-hopitaux-publics-c-est-l-etat-qui-un-probleme-d-organisation\" target=\"_blank\">Mediapart - Covid 19 et h\u00f4pitaux publics : c\u2019est l\u2019\u00c9tat qui a un probl\u00e8me d\u2019organisation !<\/a><br><em>Temps de lecture: 7-9 minutes.<\/em><\/p>\n\n\n\n<hr class=\"wp-block-separator is-style-dots\" \/>\n\n\n\n<blockquote class=\"wp-block-quote is-layout-flow wp-block-quote-is-layout-flow\"><p><em>Et pourtant, M. Lamine Gharbi, pr\u00e9sident de la F\u00e9d\u00e9ration des cliniques et h\u00f4pitaux priv\u00e9s de France d\u00e9clarait le 22 mars dernier qu\u2019 \u00ab Aujourd\u2019hui, malheureusement, alors que les capacit\u00e9s publiques sont d\u00e9pass\u00e9es, les \u00e9tablissements priv\u00e9s restent sous-utilis\u00e9s \u2026 Un grand nombre de nos lits qui ont \u00e9t\u00e9 lib\u00e9r\u00e9s restent vides \u00bb, en demandant \u00ab solennellement \u00e0 ce que nous soyons r\u00e9quisitionn\u00e9s pour \u00e9pauler l\u2019h\u00f4pital public \u00bb<\/em><\/p><cite>Paul Report pour Mediapart<\/cite><\/blockquote>\n\n\n\n<blockquote class=\"wp-block-quote is-layout-flow wp-block-quote-is-layout-flow\"><p><em>D\u2019un point de vue juridique, M. Gharbi est l\u00e9gitime \u00e0 r\u00e9clamer une r\u00e9quisition d\u00e8s lors que les moyens en cause sont de nature priv\u00e9e, et il n\u2019est pas n\u00e9cessaire de l\u00e9gif\u00e9rer sur ce point, puisque les textes sont inscrits de longue date dans la loi.<\/em><\/p><cite>Paul Report pour Mediapart<\/cite><\/blockquote>\n\n\n\n<hr class=\"wp-block-separator is-style-dots\" \/>\n\n\n\n<p>Pour en savoir plus cette situation, on trouve notamment ces t\u00e9moignages, rapport\u00e9s par Yahoo Actualit\u00e9s.<br><a rel=\"noreferrer noopener\" href=\"https:\/\/fr.news.yahoo.com\/coronavirus-cliniques-privees-crise-154039867.html\" data-type=\"URL\" data-id=\"https:\/\/fr.news.yahoo.com\/coronavirus-cliniques-privees-crise-154039867.html\" target=\"_blank\">Pas ou peu sollicit\u00e9es par l'Etat, certaines cliniques priv\u00e9es se sont-elles roul\u00e9 les pouces pendant la crise ?<\/a><br><em>Temps de lecture: 5-7 minutes.<\/em><\/p>\n\n\n\n<p>Et \u00e9galement, l'appel de la F\u00e9d\u00e9ration de l'hospitalisation priv\u00e9e.<br><a rel=\"noreferrer noopener\" href=\"https:\/\/www.fhp.fr\/1-fhp\/7-espace\/2088-\/16659-covid-19.aspx\" data-type=\"URL\" data-id=\"https:\/\/www.fhp.fr\/1-fhp\/7-espace\/2088-\/16659-covid-19.aspx\" target=\"_blank\">COVID-19<br>Etablissements priv\u00e9s et praticiens lib\u00e9raux : \"Faites appel \u00e0 nous !\"<\/a><br><em>Temps de lecture: 7-8 minutes.<\/em><\/p>\n","protected":false},"excerpt":{"rendered":"<p>Quelques \u00e9claircissements sur le schisme entre la situation des h\u00f4pitaux publics et priv\u00e9s alors qu'on entend sans cesse que les h\u00f4pitaux publics sont surcharg\u00e9s. Un article dat\u00e9 du 13 octobre 2020.<\/p>\n","protected":false},"author":2,"featured_media":0,"comment_status":"open","ping_status":"open","sticky":false,"template":"","format":"standard","meta":{"footnotes":""},"categories":[77,16,17],"tags":[],"class_list":["post-190","post","type-post","status-publish","format-standard","hentry","category-covid19","category-reanimation","category-ressources"],"_links":{"self":[{"href":"https:\/\/crudelis.fr\/site\/covid1984\/wp-json\/wp\/v2\/posts\/190","targetHints":{"allow":["GET"]}}],"collection":[{"href":"https:\/\/crudelis.fr\/site\/covid1984\/wp-json\/wp\/v2\/posts"}],"about":[{"href":"https:\/\/crudelis.fr\/site\/covid1984\/wp-json\/wp\/v2\/types\/post"}],"author":[{"embeddable":true,"href":"https:\/\/crudelis.fr\/site\/covid1984\/wp-json\/wp\/v2\/users\/2"}],"replies":[{"embeddable":true,"href":"https:\/\/crudelis.fr\/site\/covid1984\/wp-json\/wp\/v2\/comments?post=190"}],"version-history":[{"count":1,"href":"https:\/\/crudelis.fr\/site\/covid1984\/wp-json\/wp\/v2\/posts\/190\/revisions"}],"predecessor-version":[{"id":2345,"href":"https:\/\/crudelis.fr\/site\/covid1984\/wp-json\/wp\/v2\/posts\/190\/revisions\/2345"}],"wp:attachment":[{"href":"https:\/\/crudelis.fr\/site\/covid1984\/wp-json\/wp\/v2\/media?parent=190"}],"wp:term":[{"taxonomy":"category","embeddable":true,"href":"https:\/\/crudelis.fr\/site\/covid1984\/wp-json\/wp\/v2\/categories?post=190"},{"taxonomy":"post_tag","embeddable":true,"href":"https:\/\/crudelis.fr\/site\/covid1984\/wp-json\/wp\/v2\/tags?post=190"}],"curies":[{"name":"wp","href":"https:\/\/api.w.org\/{rel}","templated":true}]}}