{"id":193,"date":"2020-11-03T18:20:23","date_gmt":"2020-11-03T18:20:23","guid":{"rendered":"https:\/\/covid1984.nohost.me\/blog\/?p=193"},"modified":"2022-08-20T11:10:00","modified_gmt":"2022-08-20T11:10:00","slug":"deuxieme-vague-le-mensonge-officiel","status":"publish","type":"post","link":"https:\/\/crudelis.fr\/site\/covid1984\/2020\/11\/03\/deuxieme-vague-le-mensonge-officiel\/","title":{"rendered":"Deuxi\u00e8me vague : le mensonge officiel"},"content":{"rendered":"\n<p>Ivan Rioufol s'exprimant le 14 octobre sur la deuxi\u00e8me vague et le 'possible' couvre-feu qui alors \"serait l\u2019aboutissement d\u2019un ordre sanitaire devenu tyrannique et intrusif\" selon celui-ci.<\/p>\n\n\n\n<!--more-->\n\n\n\n<figure class=\"wp-block-table\"><table class=\"has-subtle-light-gray-background-color has-background\"><tbody><tr><td class=\"has-text-align-center\" data-align=\"center\"><strong><strong>OPINION<\/strong><br><br>Cet article exprime l'opinion personnelle de son auteur.<\/strong><\/td><\/tr><\/tbody><\/table><\/figure>\n\n\n\n<p><a rel=\"noreferrer noopener\" href=\"https:\/\/blog.lefigaro.fr\/rioufol\/2020\/10\/deuxieme-vague-le-mensonge-off.html\" data-type=\"URL\" data-id=\"https:\/\/blog.lefigaro.fr\/rioufol\/2020\/10\/deuxieme-vague-le-mensonge-off.html\" target=\"_blank\">Le Figaro.fr - Deuxi\u00e8me vague : le mensonge officiel<\/a><br><em>Temps de lecture: 3-4 minutes.<\/em><\/p>\n\n\n\n<hr class=\"wp-block-separator is-style-dots\" \/>\n\n\n\n<blockquote class=\"wp-block-quote is-layout-flow wp-block-quote-is-layout-flow\"><p><em>[...] pour qui veut bien regarder les courbes des d\u00e9c\u00e8s par Covid, ce crit\u00e8re qui fut celui \u00e9num\u00e9r\u00e9 chaque soir par le professeur Salomon lors du confinement, cette deuxi\u00e8me vague est un leurre. Le 15 avril, par exemple, il y eut 1438 morts. Mardi, 108 d\u00e9c\u00e8s ont \u00e9t\u00e9 enregistr\u00e9s.<\/em><\/p><cite>Ivan Rioufol<\/cite><\/blockquote>\n\n\n\n<blockquote class=\"wp-block-quote is-layout-flow wp-block-quote-is-layout-flow\"><p><em>Le comble de l\u2019injustice serait atteint si, ce soir, Emmanuel Macron devait avaliser un couvre-feu. [\u2026] une telle mesure d\u00e9cid\u00e9e d\u2019en haut d\u00e9signerait donc le peuple, d\u00e9j\u00e0 infantilis\u00e9 et m\u00e9pris\u00e9, comme le nouvel ennemi fauteur de d\u00e9sordres sanitaires.<\/em><\/p><cite>Ivan Rioufol<\/cite><\/blockquote>\n","protected":false},"excerpt":{"rendered":"<p>Ivan Rioufol s'exprimant le 14 octobre sur la deuxi\u00e8me vague et le 'possible' couvre-feu qui alors \"serait l\u2019aboutissement d\u2019un ordre sanitaire devenu tyrannique et intrusif\" selon celui-ci.<\/p>\n","protected":false},"author":2,"featured_media":0,"comment_status":"open","ping_status":"open","sticky":false,"template":"","format":"standard","meta":{"footnotes":""},"categories":[2,77,6,13],"tags":[21,26],"class_list":["post-193","post","type-post","status-publish","format-standard","hentry","category-actualite","category-covid19","category-democratie","category-opinion","tag-confinement","tag-opinion"],"_links":{"self":[{"href":"https:\/\/crudelis.fr\/site\/covid1984\/wp-json\/wp\/v2\/posts\/193","targetHints":{"allow":["GET"]}}],"collection":[{"href":"https:\/\/crudelis.fr\/site\/covid1984\/wp-json\/wp\/v2\/posts"}],"about":[{"href":"https:\/\/crudelis.fr\/site\/covid1984\/wp-json\/wp\/v2\/types\/post"}],"author":[{"embeddable":true,"href":"https:\/\/crudelis.fr\/site\/covid1984\/wp-json\/wp\/v2\/users\/2"}],"replies":[{"embeddable":true,"href":"https:\/\/crudelis.fr\/site\/covid1984\/wp-json\/wp\/v2\/comments?post=193"}],"version-history":[{"count":1,"href":"https:\/\/crudelis.fr\/site\/covid1984\/wp-json\/wp\/v2\/posts\/193\/revisions"}],"predecessor-version":[{"id":2344,"href":"https:\/\/crudelis.fr\/site\/covid1984\/wp-json\/wp\/v2\/posts\/193\/revisions\/2344"}],"wp:attachment":[{"href":"https:\/\/crudelis.fr\/site\/covid1984\/wp-json\/wp\/v2\/media?parent=193"}],"wp:term":[{"taxonomy":"category","embeddable":true,"href":"https:\/\/crudelis.fr\/site\/covid1984\/wp-json\/wp\/v2\/categories?post=193"},{"taxonomy":"post_tag","embeddable":true,"href":"https:\/\/crudelis.fr\/site\/covid1984\/wp-json\/wp\/v2\/tags?post=193"}],"curies":[{"name":"wp","href":"https:\/\/api.w.org\/{rel}","templated":true}]}}