{"id":195,"date":"2020-11-03T19:22:20","date_gmt":"2020-11-03T19:22:20","guid":{"rendered":"https:\/\/covid1984.nohost.me\/blog\/?p=195"},"modified":"2022-08-20T11:10:00","modified_gmt":"2022-08-20T11:10:00","slug":"covid-19-confinement-la-culture-de-la-peur","status":"publish","type":"post","link":"https:\/\/crudelis.fr\/site\/covid1984\/2020\/11\/03\/covid-19-confinement-la-culture-de-la-peur\/","title":{"rendered":"Covid-19\/Confinement : La culture de la peur"},"content":{"rendered":"\n<p>Un d\u00e9bat explosif, et au combien int\u00e9ressant et instructif apr\u00e8s le d\u00e9but du 2e confinement en date du 2 novembre 2020.<\/p>\n\n\n\n<!--more-->\n\n\n\n<p><a href=\"https:\/\/odysee.com\/@pulsar:b\/L'heure-des-pro-2-02-11-2020:d\" data-type=\"URL\" data-id=\"https:\/\/odysee.com\/@pulsar:b\/L'heure-des-pro-2-02-11-2020:d\" target=\"_blank\" rel=\"noreferrer noopener\">Odysee - L'Heure des Pros 2 du 02\/11\/2020<\/a><br><em>50 minutes.<\/em><\/p>\n\n\n\n<hr class=\"wp-block-separator is-style-dots\" \/>\n\n\n\n<blockquote class=\"wp-block-quote is-layout-flow wp-block-quote-is-layout-flow\"><p><em>Il y a 0.05% des gens qui meurt en France du Covid-19. Et qu'il ne faut pas confondre d'ailleurs [mourir] DU Covid-19 et mourir AVEC le Covid-19.<\/em><\/p><cite>Pascal Praud<\/cite><\/blockquote>\n\n\n\n<blockquote class=\"wp-block-quote is-layout-flow wp-block-quote-is-layout-flow\"><p>\u00c7a s'appelle la comorbidit\u00e9<em>, c'est \u00e0 dire que quand vous mourrez avec le covid, vous mourrez en fait peut-\u00eatre de votre cancer qui est en phase terminale, d'une pathologie cardiovasculaire et vous avez attrap\u00e9 le covid [\u2026]<\/em><\/p><cite>Marie-Estelle Dupont<\/cite><\/blockquote>\n\n\n\n<blockquote class=\"wp-block-quote is-layout-flow wp-block-quote-is-layout-flow\"><p><em>On a assist\u00e9 \u00e0 une fabrique de la peur, tr\u00e8s objectivement [\u2026]<\/em><\/p><cite>Ivan Rioufol<\/cite><\/blockquote>\n\n\n\n<blockquote class=\"wp-block-quote is-layout-flow wp-block-quote-is-layout-flow\"><p><em>[\u2026] quand vous avez 90 ans et que vous mourrez officiellement du covid, je veux bien, c'est sans doute statistiquement vrai. Mais peut-\u00eatre que sans le covid, vous seriez mort de la grippe, d'un refroidissement, ou comme on disait autrefois de vieillesse.<\/em><\/p><cite>J\u00e9r\u00f4me Begl\u00e9<\/cite><\/blockquote>\n\n\n\n<blockquote class=\"wp-block-quote is-layout-flow wp-block-quote-is-layout-flow\"><p><em>Dans aucun pays du monde, quasiment, sauf les dictatures, t'as un pr\u00e9sident de la r\u00e9publique qui a pris des d\u00e9cisions tout seul, sans le parlement, sans les partis politiques, sans les syndicats, sans les patrons, sans l'opinion publique.<\/em><\/p><cite>Pascal Praud<\/cite><\/blockquote>\n\n\n\n<blockquote class=\"wp-block-quote is-layout-flow wp-block-quote-is-layout-flow\"><p><em>D'abord on de la chance, parce qu'on travaille. Et \u00e7a c'est une chance tr\u00e8s importante. [\u2026] Ce qui m'ennuie c'est ceux qui donnent des le\u00e7ons, et m\u00eame parfois sur des plateaux de t\u00e9l\u00e9vision, qui sont journalistes comme moi, qui veulent mettre tout le monde chez eux alors que eux ils ne se mettent pas \u00e0 la place de ceux qui ont rien.<\/em><\/p><cite>Pascal Praud<\/cite><\/blockquote>\n","protected":false},"excerpt":{"rendered":"<p>Un d\u00e9bat explosif, et au combien int\u00e9ressant et instructif apr\u00e8s le d\u00e9but du 2e confinement en date du 2 novembre 2020.<\/p>\n","protected":false},"author":2,"featured_media":0,"comment_status":"open","ping_status":"open","sticky":false,"template":"","format":"standard","meta":{"footnotes":""},"categories":[2,77,5,12],"tags":[21,27,32],"class_list":["post-195","post","type-post","status-publish","format-standard","hentry","category-actualite","category-covid19","category-debat","category-mortalite","tag-confinement","tag-peur","tag-video"],"_links":{"self":[{"href":"https:\/\/crudelis.fr\/site\/covid1984\/wp-json\/wp\/v2\/posts\/195","targetHints":{"allow":["GET"]}}],"collection":[{"href":"https:\/\/crudelis.fr\/site\/covid1984\/wp-json\/wp\/v2\/posts"}],"about":[{"href":"https:\/\/crudelis.fr\/site\/covid1984\/wp-json\/wp\/v2\/types\/post"}],"author":[{"embeddable":true,"href":"https:\/\/crudelis.fr\/site\/covid1984\/wp-json\/wp\/v2\/users\/2"}],"replies":[{"embeddable":true,"href":"https:\/\/crudelis.fr\/site\/covid1984\/wp-json\/wp\/v2\/comments?post=195"}],"version-history":[{"count":1,"href":"https:\/\/crudelis.fr\/site\/covid1984\/wp-json\/wp\/v2\/posts\/195\/revisions"}],"predecessor-version":[{"id":2343,"href":"https:\/\/crudelis.fr\/site\/covid1984\/wp-json\/wp\/v2\/posts\/195\/revisions\/2343"}],"wp:attachment":[{"href":"https:\/\/crudelis.fr\/site\/covid1984\/wp-json\/wp\/v2\/media?parent=195"}],"wp:term":[{"taxonomy":"category","embeddable":true,"href":"https:\/\/crudelis.fr\/site\/covid1984\/wp-json\/wp\/v2\/categories?post=195"},{"taxonomy":"post_tag","embeddable":true,"href":"https:\/\/crudelis.fr\/site\/covid1984\/wp-json\/wp\/v2\/tags?post=195"}],"curies":[{"name":"wp","href":"https:\/\/api.w.org\/{rel}","templated":true}]}}