{"id":232,"date":"2020-11-04T13:08:27","date_gmt":"2020-11-04T13:08:27","guid":{"rendered":"https:\/\/covid1984.nohost.me\/blog\/?p=232"},"modified":"2022-08-20T11:10:00","modified_gmt":"2022-08-20T11:10:00","slug":"tribune-le-confinement-constitue-un-remede-pire-que-le-mal-pour-la-societe-francaise","status":"publish","type":"post","link":"https:\/\/crudelis.fr\/site\/covid1984\/2020\/11\/04\/tribune-le-confinement-constitue-un-remede-pire-que-le-mal-pour-la-societe-francaise\/","title":{"rendered":"TRIBUNE. Le confinement constitue un rem\u00e8de pire que le mal pour la soci\u00e9t\u00e9 fran\u00e7aise"},"content":{"rendered":"\n<p>A nouveau une tribune, dont des scientifiques et des professionnels de sant\u00e9, alertant le 29 octobre 2020 sur les d\u00e9rives incessantes de la politique sanitaire.<\/p>\n\n\n\n<!--more-->\n\n\n\n<p><a rel=\"noreferrer noopener\" href=\"http:\/\/www.regards.fr\/idees-culture\/article\/tribune-le-confinement-constitue-un-remede-pire-que-le-mal-pour-la-societe\" data-type=\"URL\" data-id=\"http:\/\/www.regards.fr\/idees-culture\/article\/tribune-le-confinement-constitue-un-remede-pire-que-le-mal-pour-la-societe\" target=\"_blank\"> regards.fr - TRIBUNE. Le confinement constitue un rem\u00e8de pire que le mal pour la soci\u00e9t\u00e9 fran\u00e7aise<\/a><br><em>Temps de lecture: 7-9 minutes.<\/em><\/p>\n\n\n\n<hr class=\"wp-block-separator is-style-dots\" \/>\n\n\n\n<blockquote class=\"wp-block-quote is-layout-flow wp-block-quote-is-layout-flow\"><p><em>C\u2019est un secret de polichinelle : le reconfinement \u00e9tait envisag\u00e9 depuis l\u2019\u00e9t\u00e9 dernier.<\/em><\/p><cite>Tribune pour regard.fr<\/cite><\/blockquote>\n\n\n\n<blockquote class=\"wp-block-quote is-layout-flow wp-block-quote-is-layout-flow\"><p><em>[\u2026] il est \u00e9galement faux de dire que nous ferions simplement comme tous nos voisins europ\u00e9ens. \u00c0 ce jour, seuls l\u2019Irlande et le Pays de Galles ont reconfin\u00e9 la totalit\u00e9 de leur population.<\/em><\/p><cite>Tribune pour regard.fr<\/cite><\/blockquote>\n\n\n\n<blockquote class=\"wp-block-quote is-layout-flow wp-block-quote-is-layout-flow\"><p><em>Au final, moins de 1% de la population est donc \u00ab \u00e0 risque \u00bb et c\u2019est uniquement elle qu\u2019il faut prot\u00e9ger.<\/em><\/p><cite>Tribune pour regard.fr<\/cite><\/blockquote>\n\n\n\n<blockquote class=\"wp-block-quote is-layout-flow wp-block-quote-is-layout-flow\"><p><em>En d\u2019autres termes, depuis le 1er septembre, sur cet \u00e9norme \u00e9chantillon de la population de 7,6 millions, la probabilit\u00e9 moyenne pour un individu lambda (sans distinction d\u2019\u00e2ge ou de comorbidit\u00e9) de ne pas \u00eatre hospitalis\u00e9 est de 99,5% et celle de ne pas \u00eatre admis en r\u00e9animation est de 99,91%.<\/em><\/p><cite>Tribune pour regard.fr<\/cite><\/blockquote>\n\n\n\n<blockquote class=\"wp-block-quote is-layout-flow wp-block-quote-is-layout-flow\"><p><em>[\u2026] toute personne entrant \u00e0 l\u2019h\u00f4pital porteuse d\u2019une trace du Covid est compt\u00e9e comme un \u00ab hospitalis\u00e9 Covid \u00bb m\u00eame si elle vient en r\u00e9alit\u00e9 pour son cancer ou son hypertension. Et c\u2019est la m\u00eame chose si elle entre en r\u00e9animation ou si elle d\u00e9c\u00e8de.<\/em><\/p><cite>Tribune pour regard.fr<\/cite><\/blockquote>\n\n\n\n<blockquote class=\"wp-block-quote is-layout-flow wp-block-quote-is-layout-flow\"><p><em>[\u2026] si les chiffres de l\u2019hospitalisation et de la r\u00e9animation augmentent bel et bien, cela n\u2019a rien d\u2019exceptionnel : c\u2019est au contraire ce qui se produit chaque ann\u00e9e \u00e0 la m\u00eame \u00e9poque (automne-hiver) mais que l\u2019on fait semblant d\u2019avoir oubli\u00e9.<\/em><\/p><cite>Tribune pour regard.fr<\/cite><\/blockquote>\n\n\n\n<blockquote class=\"wp-block-quote is-layout-flow wp-block-quote-is-layout-flow\"><p><em>Qu\u2019est-ce qu\u2019une d\u00e9mocratie o\u00f9 tout ceci s\u2019impose par la peur et la culpabilisation, voire la censure et la mise en accusation de quiconque refuse d\u2019y c\u00e9der ?<\/em><\/p><cite>Tribune pour regard.fr<\/cite><\/blockquote>\n","protected":false},"excerpt":{"rendered":"<p>A nouveau une tribune, dont des scientifiques et des professionnels de sant\u00e9, alertant le 29 octobre 2020 sur les d\u00e9rives incessantes de la politique sanitaire.<\/p>\n","protected":false},"author":2,"featured_media":0,"comment_status":"open","ping_status":"open","sticky":false,"template":"","format":"standard","meta":{"footnotes":""},"categories":[2,3,77],"tags":[21,28],"class_list":["post-232","post","type-post","status-publish","format-standard","hentry","category-actualite","category-alerte","category-covid19","tag-confinement","tag-relativiser"],"_links":{"self":[{"href":"https:\/\/crudelis.fr\/site\/covid1984\/wp-json\/wp\/v2\/posts\/232","targetHints":{"allow":["GET"]}}],"collection":[{"href":"https:\/\/crudelis.fr\/site\/covid1984\/wp-json\/wp\/v2\/posts"}],"about":[{"href":"https:\/\/crudelis.fr\/site\/covid1984\/wp-json\/wp\/v2\/types\/post"}],"author":[{"embeddable":true,"href":"https:\/\/crudelis.fr\/site\/covid1984\/wp-json\/wp\/v2\/users\/2"}],"replies":[{"embeddable":true,"href":"https:\/\/crudelis.fr\/site\/covid1984\/wp-json\/wp\/v2\/comments?post=232"}],"version-history":[{"count":1,"href":"https:\/\/crudelis.fr\/site\/covid1984\/wp-json\/wp\/v2\/posts\/232\/revisions"}],"predecessor-version":[{"id":2341,"href":"https:\/\/crudelis.fr\/site\/covid1984\/wp-json\/wp\/v2\/posts\/232\/revisions\/2341"}],"wp:attachment":[{"href":"https:\/\/crudelis.fr\/site\/covid1984\/wp-json\/wp\/v2\/media?parent=232"}],"wp:term":[{"taxonomy":"category","embeddable":true,"href":"https:\/\/crudelis.fr\/site\/covid1984\/wp-json\/wp\/v2\/categories?post=232"},{"taxonomy":"post_tag","embeddable":true,"href":"https:\/\/crudelis.fr\/site\/covid1984\/wp-json\/wp\/v2\/tags?post=232"}],"curies":[{"name":"wp","href":"https:\/\/api.w.org\/{rel}","templated":true}]}}