{"id":234,"date":"2020-11-04T19:10:22","date_gmt":"2020-11-04T19:10:22","guid":{"rendered":"https:\/\/covid1984.nohost.me\/blog\/?p=234"},"modified":"2022-08-20T11:09:59","modified_gmt":"2022-08-20T11:09:59","slug":"de-lusage-du-rivotril-et-la-polemique-de-leuthanasie-des-personnes-agees","status":"publish","type":"post","link":"https:\/\/crudelis.fr\/site\/covid1984\/2020\/11\/04\/de-lusage-du-rivotril-et-la-polemique-de-leuthanasie-des-personnes-agees\/","title":{"rendered":"De l'usage du Rivotril et la pol\u00e9mique de l'euthanasie des personnes \u00e2g\u00e9es."},"content":{"rendered":"\n<p>Une pol\u00e9mique qui enfle depuis un d\u00e9cret du 28 mars 2020 autorisant l'usage du Rivotril en EHPAD pour les soins palliatifs (accompagnement vers le d\u00e9c\u00e8s).<br>Les professionnels rassurent alors que les ventes du m\u00e9dicaments ont augment\u00e9s.<\/p>\n\n\n\n<!--more-->\n\n\n\n<p>D'un c\u00f4t\u00e9 les professionnels rassurent, quand bien m\u00eame le Rivotril est d\u00e9conseill\u00e9 en cas <a rel=\"noreferrer noopener\" href=\"https:\/\/eurekasante.vidal.fr\/medicaments\/vidal-famille\/medicament-mrivot01-RIVOTRIL.html\" data-type=\"URL\" data-id=\"https:\/\/eurekasante.vidal.fr\/medicaments\/vidal-famille\/medicament-mrivot01-RIVOTRIL.html\" target=\"_blank\">insuffisance respiratoire grave<\/a>, il ne s'agirait pas de cautionner l'euthanasie mais d'accompagner les patients en difficult\u00e9.<br><a rel=\"noreferrer noopener\" href=\"https:\/\/www.lequotidiendumedecin.fr\/actus-medicales\/sante-publique\/soins-palliatifs-et-covid-19-polemique-autour-de-la-dispensation-du-rivotril-en-ville-les\" data-type=\"URL\" data-id=\"https:\/\/www.lequotidiendumedecin.fr\/actus-medicales\/sante-publique\/soins-palliatifs-et-covid-19-polemique-autour-de-la-dispensation-du-rivotril-en-ville-les\" target=\"_blank\">Le quotidien du medecin.fr - Soins palliatifs et Covid-19 : pol\u00e9mique autour de la dispensation du Rivotril en ville, les professionnels rassurent<\/a><br><em>Temps de lecture: 5-6 minutes.<\/em><br><\/p>\n\n\n\n<blockquote class=\"wp-block-quote is-layout-flow wp-block-quote-is-layout-flow\"><p><em>L'usage du Rivotril n\u2019est pas facilit\u00e9, il faut toujours respecter le m\u00eame protocole pour sa prescription, y compris lorsqu\u2019il est appliqu\u00e9 comme s\u00e9datif pour des patients en soins palliatifs.<\/em><\/p><cite>Pr Gu\u00e9rin pour Le quotidien du medecin.fr<\/cite><\/blockquote>\n\n\n\n<blockquote class=\"wp-block-quote is-layout-flow wp-block-quote-is-layout-flow\"><p><em>[...] ces pratiques s\u00e9datives sont rares dans l'accompagnement des patients Covid-19 [...]<\/em><\/p><cite>Pr Morel pour Le quotidien du medecin.fr<\/cite><\/blockquote>\n\n\n\n<hr class=\"wp-block-separator is-style-dots\" \/>\n\n\n\n<p>D'un autre c\u00f4t\u00e9, Fran\u00e7ois Pesty pour FranceSoir explique comment le m\u00e9dicament a \u00e9t\u00e9 beaucoup plus d\u00e9livr\u00e9 apr\u00e8s la parution du d\u00e9cret autorisant son usage pour des soins palliatif pour les patients atteint de covid.<\/p>\n\n\n\n<p><a rel=\"noreferrer noopener\" href=\"http:\/\/www.francesoir.fr\/opinions-tribunes\/chronique-covid-ndeg33-combien-de-morts-sur-ordonnances-dans-les-ehpads-ou\" data-type=\"URL\" data-id=\"http:\/\/www.francesoir.fr\/opinions-tribunes\/chronique-covid-ndeg33-combien-de-morts-sur-ordonnances-dans-les-ehpads-ou\" target=\"_blank\">FranceSoir - \u00ab Combien de morts sur ordonnances dans les EHPADs ou \u00e0 domicile avec le Rivotril\u00ae, \u00e0 cause du covid et des refus d\u2019hospitaliser ? \u00bb<\/a><br><em>Temps de lecture: 10-13 minutes.<\/em><\/p>\n\n\n\n<blockquote class=\"wp-block-quote is-layout-flow wp-block-quote-is-layout-flow\"><p><em>Ainsi, en prenant une moyenne de 640 boites mensuelles d\u00e9livr\u00e9es, attendues si la tendance s\u2019\u00e9tait poursuivie, il est possible de calculer un exc\u00e8s de boites de Rivotril\u00ae injectable d\u00e9livr\u00e9es sur la p\u00e9riode de mars \u00e0 ao\u00fbt 2020, de 3.307 boites de 6 ampoules, soient 19.842 ampoules.<br>Une augmentation tr\u00e8s nette, indiscutable, m\u00eame spectaculaire apr\u00e8s la parution du d\u00e9cret du 28 mars.<\/em><\/p><cite>Fran\u00e7ois Pesty pour FranceSoir<\/cite><\/blockquote>\n","protected":false},"excerpt":{"rendered":"<p>Une pol\u00e9mique qui enfle depuis un d\u00e9cret du 28 mars 2020 autorisant l'usage du Rivotril en EHPAD pour les soins palliatifs (accompagnement vers le d\u00e9c\u00e8s).Les professionnels rassurent alors que les ventes du m\u00e9dicaments ont augment\u00e9s.<\/p>\n","protected":false},"author":2,"featured_media":0,"comment_status":"open","ping_status":"open","sticky":false,"template":"","format":"standard","meta":{"footnotes":""},"categories":[77,12,17],"tags":[],"class_list":["post-234","post","type-post","status-publish","format-standard","hentry","category-covid19","category-mortalite","category-ressources"],"_links":{"self":[{"href":"https:\/\/crudelis.fr\/site\/covid1984\/wp-json\/wp\/v2\/posts\/234","targetHints":{"allow":["GET"]}}],"collection":[{"href":"https:\/\/crudelis.fr\/site\/covid1984\/wp-json\/wp\/v2\/posts"}],"about":[{"href":"https:\/\/crudelis.fr\/site\/covid1984\/wp-json\/wp\/v2\/types\/post"}],"author":[{"embeddable":true,"href":"https:\/\/crudelis.fr\/site\/covid1984\/wp-json\/wp\/v2\/users\/2"}],"replies":[{"embeddable":true,"href":"https:\/\/crudelis.fr\/site\/covid1984\/wp-json\/wp\/v2\/comments?post=234"}],"version-history":[{"count":1,"href":"https:\/\/crudelis.fr\/site\/covid1984\/wp-json\/wp\/v2\/posts\/234\/revisions"}],"predecessor-version":[{"id":2340,"href":"https:\/\/crudelis.fr\/site\/covid1984\/wp-json\/wp\/v2\/posts\/234\/revisions\/2340"}],"wp:attachment":[{"href":"https:\/\/crudelis.fr\/site\/covid1984\/wp-json\/wp\/v2\/media?parent=234"}],"wp:term":[{"taxonomy":"category","embeddable":true,"href":"https:\/\/crudelis.fr\/site\/covid1984\/wp-json\/wp\/v2\/categories?post=234"},{"taxonomy":"post_tag","embeddable":true,"href":"https:\/\/crudelis.fr\/site\/covid1984\/wp-json\/wp\/v2\/tags?post=234"}],"curies":[{"name":"wp","href":"https:\/\/api.w.org\/{rel}","templated":true}]}}