{"id":2449,"date":"2022-09-09T09:18:21","date_gmt":"2022-09-09T09:18:21","guid":{"rendered":"https:\/\/crudelis.fr\/site\/covid1984\/?p=2449"},"modified":"2022-09-09T09:18:22","modified_gmt":"2022-09-09T09:18:22","slug":"grand-jury-par-la-cour-populaire-de-lopinion-publique-jour-8","status":"publish","type":"post","link":"https:\/\/crudelis.fr\/site\/covid1984\/2022\/09\/09\/grand-jury-par-la-cour-populaire-de-lopinion-publique-jour-8\/","title":{"rendered":"\"Grand Jury\" par la Cour populaire de l\u2019Opinion Publique - Jour 8"},"content":{"rendered":"\n<p>Huiti\u00e8me et dernier jour de la proc\u00e9dure de \"Grand Jury\" par Reiner Fuellmich.<br>Plaidoyers finaux des avocats en conclusion de la proc\u00e9dure de \"Grand Jury\".<\/p>\n\n\n\n<p>Un excellent r\u00e9sum\u00e9 de l'ensemble des auditions de la proc\u00e9dure de \"Grand Jury\".<\/p>\n\n\n\n<!--more-->\n\n\n\n<p><a href=\"https:\/\/odysee.com\/@GrandJury:f\/gj-day8en:3\" data-type=\"URL\" data-id=\"https:\/\/odysee.com\/@GrandJury:f\/gj-day8en:3\" target=\"_blank\" rel=\"noreferrer noopener\">Grand Jury Day 8 - Closing Arguments | English<\/a><br><em>3 heures 28 minutes.<\/em><\/p>\n\n\n\n<p><a href=\"https:\/\/odysee.com\/@JeanneTraduction:a\/08-Grand-Jury:b\" data-type=\"URL\" data-id=\"https:\/\/odysee.com\/@JeanneTraduction:a\/08-Grand-Jury:b\" target=\"_blank\" rel=\"noreferrer noopener\">Jour 8 - Grand Jury \/ Tribunal de l'Opinion Publique - Conclusions finales<\/a><\/p>\n\n\n\n<hr class=\"wp-block-separator has-css-opacity is-style-dots\"\/>\n\n\n\n<p>Les 11 premi\u00e8res minutes peuvent \u00eatre ignor\u00e9es.<\/p>\n\n\n\n<hr class=\"wp-block-separator has-css-opacity is-style-dots\"\/>\n\n\n\n<p>Reiner Fuellmich, avocat, Allemagne : 0h16 \u00e0 0h51<br><a rel=\"noreferrer noopener\" href=\"https:\/\/odysee.com\/@GrandJury:f\/Grand-Jury-Day-8-Fuellmich-Odyssee:9\" data-type=\"URL\" data-id=\"https:\/\/odysee.com\/@GrandJury:f\/Grand-Jury-Day-8-Fuellmich-Odyssee:9\" target=\"_blank\">Grand Jury Day 8 - Closing Arguments: Dr. Reiner Fuellmich | English<\/a><\/p>\n\n\n\n<hr class=\"wp-block-separator has-css-opacity is-style-dots\"\/>\n\n\n\n<p>Dipali Ojha, avocat, Inde : 0h51 \u00e0 0h56<br><a rel=\"noreferrer noopener\" href=\"https:\/\/odysee.com\/@GrandJury:f\/Grand-Jury-Day-8-Ojha-Odyssee:1\" data-type=\"URL\" data-id=\"https:\/\/odysee.com\/@GrandJury:f\/Grand-Jury-Day-8-Ojha-Odyssee:1\" target=\"_blank\">Grand Jury Day 8 - Closing Arguments: Dipali Ojha, India | English<\/a><\/p>\n\n\n\n<hr class=\"wp-block-separator has-css-opacity is-style-dots\"\/>\n\n\n\n<p>Dexter Ryneveldt, avocat, Afrique du Sud : 0h57 \u00e0 1h31<br><a rel=\"noreferrer noopener\" href=\"https:\/\/odysee.com\/@GrandJury:f\/Grand-Jury-Day-8-Ryneveldt-Odyssee:6\" data-type=\"URL\" data-id=\"https:\/\/odysee.com\/@GrandJury:f\/Grand-Jury-Day-8-Ryneveldt-Odyssee:6\" target=\"_blank\">Grand Jury Day 8 - Closing Arguments: Dexter Lejay-J Ryneveldt, South Africa | English<\/a><\/p>\n\n\n\n<hr class=\"wp-block-separator has-css-opacity is-style-dots\"\/>\n\n\n\n<p>Virginie de Araujo-Recchia, avocat, France : 1h31 \u00e0 2h19<br><a rel=\"noreferrer noopener\" href=\"https:\/\/odysee.com\/@GrandJury:f\/Grand-Jury-Day-8-Recchia-Odyssee:5\" data-type=\"URL\" data-id=\"https:\/\/odysee.com\/@GrandJury:f\/Grand-Jury-Day-8-Recchia-Odyssee:5\" target=\"_blank\">Grand Jury Day 8 - Closing Arguments: Virginie De Araujo Recchia, France | English<\/a><\/p>\n\n\n\n<hr class=\"wp-block-separator has-css-opacity is-style-dots\"\/>\n\n\n\n<p>Michael Swinwood, avocat, Canada : 2h19 \u00e0 2h46<br><a rel=\"noreferrer noopener\" href=\"https:\/\/odysee.com\/@GrandJury:f\/Grand-Jury-Day-8-Swinwood-Odyssee:d\" data-type=\"URL\" data-id=\"https:\/\/odysee.com\/@GrandJury:f\/Grand-Jury-Day-8-Swinwood-Odyssee:d\" target=\"_blank\">Grand Jury Day 8 - Closing Arguments: Michael Swinwood, Canada | English<\/a><\/p>\n\n\n\n<hr class=\"wp-block-separator has-css-opacity is-style-dots\"\/>\n\n\n\n<p>Ana Garner, avocat, \u00c9tats-Unis : 2h46 \u00e0 3h14<br><a rel=\"noreferrer noopener\" href=\"https:\/\/odysee.com\/@GrandJury:f\/Grand-Jury-Day-8-Garner-Odyssee:4\" data-type=\"URL\" data-id=\"https:\/\/odysee.com\/@GrandJury:f\/Grand-Jury-Day-8-Garner-Odyssee:4\" target=\"_blank\">Grand Jury Day 8 - Closing Arguments: N. Ana Garner, USA | English<\/a><\/p>\n\n\n\n<hr class=\"wp-block-separator has-css-opacity is-style-dots\"\/>\n\n\n\n<p>Leslie Manookian, ancien banquier d'investissement et pr\u00e9sident du fonds de d\u00e9fense de la libert\u00e9 de sant\u00e9 : 3h15 \u00e0 3h24<br><a rel=\"noreferrer noopener\" href=\"https:\/\/odysee.com\/@GrandJury:f\/Grand-Jury-Day-8-Manookian-Odyssee:2\" data-type=\"URL\" data-id=\"https:\/\/odysee.com\/@GrandJury:f\/Grand-Jury-Day-8-Manookian-Odyssee:2\" target=\"_blank\">Grand Jury Day 8 - Closing Arguments: Leslie Manookian, USA | English<\/a><\/p>\n\n\n\n<p>Leslie Manookian cl\u00f4t la proc\u00e9dure de \"Grand Jury\" par un discours d'espoir plus que bienvenu qui rappelle que nous ne sommes pas seuls dans ce combat et que la cause est juste et d'une importance capitale.<\/p>\n","protected":false},"excerpt":{"rendered":"<p>Huiti\u00e8me et dernier jour de la proc\u00e9dure de \"Grand Jury\" par Reiner Fuellmich.Plaidoyers finaux des avocats en conclusion de la proc\u00e9dure de \"Grand Jury\". Un excellent r\u00e9sum\u00e9 de l'ensemble des auditions de la proc\u00e9dure de \"Grand Jury\".<\/p>\n","protected":false},"author":2,"featured_media":0,"comment_status":"open","ping_status":"open","sticky":false,"template":"","format":"standard","meta":{"footnotes":""},"categories":[77,9,14,17],"tags":[28,32],"class_list":["post-2449","post","type-post","status-publish","format-standard","hentry","category-covid19","category-interview","category-pourquoi","category-ressources","tag-relativiser","tag-video"],"_links":{"self":[{"href":"https:\/\/crudelis.fr\/site\/covid1984\/wp-json\/wp\/v2\/posts\/2449","targetHints":{"allow":["GET"]}}],"collection":[{"href":"https:\/\/crudelis.fr\/site\/covid1984\/wp-json\/wp\/v2\/posts"}],"about":[{"href":"https:\/\/crudelis.fr\/site\/covid1984\/wp-json\/wp\/v2\/types\/post"}],"author":[{"embeddable":true,"href":"https:\/\/crudelis.fr\/site\/covid1984\/wp-json\/wp\/v2\/users\/2"}],"replies":[{"embeddable":true,"href":"https:\/\/crudelis.fr\/site\/covid1984\/wp-json\/wp\/v2\/comments?post=2449"}],"version-history":[{"count":4,"href":"https:\/\/crudelis.fr\/site\/covid1984\/wp-json\/wp\/v2\/posts\/2449\/revisions"}],"predecessor-version":[{"id":2514,"href":"https:\/\/crudelis.fr\/site\/covid1984\/wp-json\/wp\/v2\/posts\/2449\/revisions\/2514"}],"wp:attachment":[{"href":"https:\/\/crudelis.fr\/site\/covid1984\/wp-json\/wp\/v2\/media?parent=2449"}],"wp:term":[{"taxonomy":"category","embeddable":true,"href":"https:\/\/crudelis.fr\/site\/covid1984\/wp-json\/wp\/v2\/categories?post=2449"},{"taxonomy":"post_tag","embeddable":true,"href":"https:\/\/crudelis.fr\/site\/covid1984\/wp-json\/wp\/v2\/tags?post=2449"}],"curies":[{"name":"wp","href":"https:\/\/api.w.org\/{rel}","templated":true}]}}