{"id":245,"date":"2020-11-04T23:04:03","date_gmt":"2020-11-04T23:04:03","guid":{"rendered":"https:\/\/covid1984.nohost.me\/blog\/?p=245"},"modified":"2022-08-20T11:09:59","modified_gmt":"2022-08-20T11:09:59","slug":"professeur-christian-perronne-on-est-train-dinventer-une-deuxieme-vague-artificielle","status":"publish","type":"post","link":"https:\/\/crudelis.fr\/site\/covid1984\/2020\/11\/04\/professeur-christian-perronne-on-est-train-dinventer-une-deuxieme-vague-artificielle\/","title":{"rendered":"Professeur Christian Perronne : \"On est train d'inventer une deuxi\u00e8me vague artificielle !\""},"content":{"rendered":"\n<p>Une interview tr\u00e8s int\u00e9ressante du professeur Christian Perronne sur SudRadio le 25 octobre 2020 pour r\u00e9pondre aux pol\u00e9miques qu'il a suscit\u00e9.<\/p>\n\n\n\n<!--more-->\n\n\n\n<p><a href=\"https:\/\/odysee.com\/@MascaradeetleCoronavirus:c\/Pofesseur-Christian-Perronne---On-est-train-d'inventer-une-deuxi%C3%A8me-vague-artificielle-!---COVID19:1\" data-type=\"URL\" data-id=\"https:\/\/odysee.com\/@MascaradeetleCoronavirus:c\/Pofesseur-Christian-Perronne---On-est-train-d'inventer-une-deuxi%C3%A8me-vague-artificielle-!---COVID19:1\" target=\"_blank\" rel=\"noreferrer noopener\">Odysee - Professeur Christian Perronne : \"On est train d'inventer une deuxi\u00e8me vague artificielle !\"<\/a><br><em>50 minutes.<\/em><\/p>\n\n\n\n<hr class=\"wp-block-separator is-style-dots\" \/>\n\n\n\n<blockquote class=\"wp-block-quote is-layout-flow wp-block-quote-is-layout-flow\"><p><em>[\u2026] on est en train de cr\u00e9er soi-disant une seconde vague artificielle sur des tests qui ne sont pas fiables et qui, si vous \u00eates en parfaite sant\u00e9, disent que vous \u00eates positif.<\/em><\/p><cite>Pr Christian Perronne<\/cite><\/blockquote>\n\n\n\n<blockquote class=\"wp-block-quote is-layout-flow wp-block-quote-is-layout-flow\"><p><em>Si on avait eu cette logique depuis 10 ans, on aurait mis la France sous couvre-feu tous les ans.<\/em><\/p><cite>Pr Christian Perronne<\/cite><\/blockquote>\n\n\n\n<blockquote class=\"wp-block-quote is-layout-flow wp-block-quote-is-layout-flow\"><p><em>[\u2026] Aux \u00c9tats-unis, depuis le d\u00e9but de la crise covid, il y a eu un triplement des d\u00e9pressions, beaucoup de suicides [\u2026]<\/em><\/p><cite>Pr Christian Perronne<\/cite><\/blockquote>\n\n\n\n<blockquote class=\"wp-block-quote is-layout-flow wp-block-quote-is-layout-flow\"><p><em>[\u2026] pourquoi on instrumentalise la peur pour des int\u00e9r\u00eats \u00e9conomiques ? [\u2026]<\/em><\/p><cite>Pr Christian Perronne<\/cite><\/blockquote>\n\n\n\n<blockquote class=\"wp-block-quote is-layout-flow wp-block-quote-is-layout-flow\"><p><em>Quand je vois que la direction g\u00e9n\u00e9rale de la sant\u00e9 envoi des mails aux g\u00e9n\u00e9ralistes en disant \"Ne traiter pas les malades\". C'est quand m\u00eame un peu scandaleux.<\/em><\/p><cite>Pr Christian Perronne<\/cite><\/blockquote>\n\n\n\n<hr class=\"wp-block-separator is-style-dots\" \/>\n\n\n\n<p>Sur la pol\u00e9mique de la r\u00e9mun\u00e9ration des m\u00e9decins pour les d\u00e9clarations de cas covid, quand bien m\u00eame d\u00e9nonc\u00e9e et contredite, c'est tout \u00e0 fait exact, comme on peut le constater sur le <a rel=\"noreferrer noopener\" href=\"https:\/\/web.archive.org\/web\/20201114191716\/https:\/\/www.ameli.fr\/rhone\/medecin\/actualites\/les-medecins-au-coeur-du-circuit-de-contact-tracing-des-patients-covid-19\" data-type=\"URL\" data-id=\"https:\/\/web.archive.org\/web\/20201114191716\/https:\/\/www.ameli.fr\/rhone\/medecin\/actualites\/les-medecins-au-coeur-du-circuit-de-contact-tracing-des-patients-covid-19\" target=\"_blank\">site de la s\u00e9curit\u00e9 sociale<\/a>.<br>Aucune information n'est toutefois disponible concernant les h\u00f4pitaux...<\/p>\n\n\n\n<blockquote class=\"wp-block-quote is-layout-flow wp-block-quote-is-layout-flow\"><p><em>\"La consultation ou t\u00e9l\u00e9consultation d\u2019un patient test\u00e9 positif (test RT-PCR ou test antig\u00e9nique) pourra donner lieu \u00e0 la facturation de la majoration \u00ab pour consultation initiale d\u2019information du patient et de mise en place d\u2019une strat\u00e9gie th\u00e9rapeutique \u00bb (MIS) d\u2019une valeur de 30 euros.\"<\/em><\/p><cite>ameli.fr<\/cite><\/blockquote>\n","protected":false},"excerpt":{"rendered":"<p>Une interview tr\u00e8s int\u00e9ressante du professeur Christian Perronne sur SudRadio le 25 octobre 2020 pour r\u00e9pondre aux pol\u00e9miques qu'il a suscit\u00e9.<\/p>\n","protected":false},"author":2,"featured_media":0,"comment_status":"open","ping_status":"open","sticky":false,"template":"","format":"standard","meta":{"footnotes":""},"categories":[2,77,9,18],"tags":[24,28,30,32],"class_list":["post-245","post","type-post","status-publish","format-standard","hentry","category-actualite","category-covid19","category-interview","category-pcr","tag-hydroxychloroquine","tag-relativiser","tag-pcr","tag-video"],"_links":{"self":[{"href":"https:\/\/crudelis.fr\/site\/covid1984\/wp-json\/wp\/v2\/posts\/245","targetHints":{"allow":["GET"]}}],"collection":[{"href":"https:\/\/crudelis.fr\/site\/covid1984\/wp-json\/wp\/v2\/posts"}],"about":[{"href":"https:\/\/crudelis.fr\/site\/covid1984\/wp-json\/wp\/v2\/types\/post"}],"author":[{"embeddable":true,"href":"https:\/\/crudelis.fr\/site\/covid1984\/wp-json\/wp\/v2\/users\/2"}],"replies":[{"embeddable":true,"href":"https:\/\/crudelis.fr\/site\/covid1984\/wp-json\/wp\/v2\/comments?post=245"}],"version-history":[{"count":1,"href":"https:\/\/crudelis.fr\/site\/covid1984\/wp-json\/wp\/v2\/posts\/245\/revisions"}],"predecessor-version":[{"id":2338,"href":"https:\/\/crudelis.fr\/site\/covid1984\/wp-json\/wp\/v2\/posts\/245\/revisions\/2338"}],"wp:attachment":[{"href":"https:\/\/crudelis.fr\/site\/covid1984\/wp-json\/wp\/v2\/media?parent=245"}],"wp:term":[{"taxonomy":"category","embeddable":true,"href":"https:\/\/crudelis.fr\/site\/covid1984\/wp-json\/wp\/v2\/categories?post=245"},{"taxonomy":"post_tag","embeddable":true,"href":"https:\/\/crudelis.fr\/site\/covid1984\/wp-json\/wp\/v2\/tags?post=245"}],"curies":[{"name":"wp","href":"https:\/\/api.w.org\/{rel}","templated":true}]}}