{"id":247,"date":"2020-11-05T12:15:11","date_gmt":"2020-11-05T12:15:11","guid":{"rendered":"https:\/\/covid1984.nohost.me\/blog\/?p=247"},"modified":"2022-09-08T12:02:47","modified_gmt":"2022-09-08T12:02:47","slug":"vers-une-urgence-sanitaire-sans-fin-et-sans-controle","status":"publish","type":"post","link":"https:\/\/crudelis.fr\/site\/covid1984\/2020\/11\/05\/vers-une-urgence-sanitaire-sans-fin-et-sans-controle\/","title":{"rendered":"\u00abVers une urgence sanitaire sans fin et sans contr\u00f4le ?\u00bb"},"content":{"rendered":"\n<p>Une analyse de l'iFRAP sur la d\u00e9gradation inexorable de ce qu'il reste de notre d\u00e9mocratie.<\/p>\n\n\n\n<!--more-->\n\n\n\n<p><a rel=\"noreferrer noopener\" href=\"https:\/\/www.lefigaro.fr\/economie\/le-scan-eco\/vers-une-urgence-sanitaire-sans-fin-et-sans-controle-20201104\" data-type=\"URL\" data-id=\"https:\/\/www.lefigaro.fr\/economie\/le-scan-eco\/vers-une-urgence-sanitaire-sans-fin-et-sans-controle-20201104\" target=\"_blank\">Le Figaro - \u00abVers une urgence sanitaire sans fin et sans contr\u00f4le ?\u00bb<\/a><br><em>Temps de lecture: 6-8 minutes.<\/em> (<a href=\"https:\/\/crudelis.fr\/site\/covid1984\/wp-content\/uploads\/sites\/8\/2022\/09\/Vers-une-urgence-sanitaire-sans-fin-et-sans-controle-.pdf\" data-type=\"URL\" data-id=\"https:\/\/crudelis.fr\/site\/covid1984\/wp-content\/uploads\/sites\/8\/2022\/09\/Vers-une-urgence-sanitaire-sans-fin-et-sans-controle-.pdf\">T\u00e9l\u00e9charger l'article original en pdf<\/a>)<\/p>\n\n\n\n<hr class=\"wp-block-separator has-css-opacity is-style-dots\"\/>\n\n\n\n<blockquote class=\"wp-block-quote is-layout-flow wp-block-quote-is-layout-flow\"><p><em>D\u00e9sormais, \u00e0 tout moment, nous pouvons voir nos libert\u00e9s contraintes pour cause de crise sanitaire et cela risque de continuer encore pendant des mois sans que ni le Parlement, ni les r\u00e9gions, ni les communes n'aient leur mot \u00e0 dire.<\/em><\/p><cite>Fondation Ifrap<\/cite><\/blockquote>\n\n\n\n<blockquote class=\"wp-block-quote is-layout-flow wp-block-quote-is-layout-flow\"><p><em>Les donn\u00e9es sanitaires fournies au Parlement rel\u00e8vent strictement de la bonne volont\u00e9 de Sant\u00e9 publique France. Les donn\u00e9es brutes ne sont pas consultables.<\/em><\/p><cite>Fondation Ifrap<\/cite><\/blockquote>\n\n\n\n<blockquote class=\"wp-block-quote is-layout-flow wp-block-quote-is-layout-flow\"><p><em>La centralisation sans pareil des d\u00e9cisions de restriction de nos libert\u00e9s publiques par l'ex\u00e9cutif fran\u00e7ais, sans association syst\u00e9matique du Parlement et des \u00e9lus des collectivit\u00e9s, contrairement \u00e0 ce qui se passe en ce moment chez nos partenaires europ\u00e9ens, devient clairement dangereuse.<\/em><\/p><cite>Fondation Ifrap<\/cite><\/blockquote>\n","protected":false},"excerpt":{"rendered":"<p>Une analyse de l'iFRAP sur la d\u00e9gradation inexorable de ce qu'il reste de notre d\u00e9mocratie.<\/p>\n","protected":false},"author":2,"featured_media":0,"comment_status":"open","ping_status":"open","sticky":false,"template":"","format":"standard","meta":{"footnotes":""},"categories":[77,6,17],"tags":[],"class_list":["post-247","post","type-post","status-publish","format-standard","hentry","category-covid19","category-democratie","category-ressources"],"_links":{"self":[{"href":"https:\/\/crudelis.fr\/site\/covid1984\/wp-json\/wp\/v2\/posts\/247","targetHints":{"allow":["GET"]}}],"collection":[{"href":"https:\/\/crudelis.fr\/site\/covid1984\/wp-json\/wp\/v2\/posts"}],"about":[{"href":"https:\/\/crudelis.fr\/site\/covid1984\/wp-json\/wp\/v2\/types\/post"}],"author":[{"embeddable":true,"href":"https:\/\/crudelis.fr\/site\/covid1984\/wp-json\/wp\/v2\/users\/2"}],"replies":[{"embeddable":true,"href":"https:\/\/crudelis.fr\/site\/covid1984\/wp-json\/wp\/v2\/comments?post=247"}],"version-history":[{"count":2,"href":"https:\/\/crudelis.fr\/site\/covid1984\/wp-json\/wp\/v2\/posts\/247\/revisions"}],"predecessor-version":[{"id":2483,"href":"https:\/\/crudelis.fr\/site\/covid1984\/wp-json\/wp\/v2\/posts\/247\/revisions\/2483"}],"wp:attachment":[{"href":"https:\/\/crudelis.fr\/site\/covid1984\/wp-json\/wp\/v2\/media?parent=247"}],"wp:term":[{"taxonomy":"category","embeddable":true,"href":"https:\/\/crudelis.fr\/site\/covid1984\/wp-json\/wp\/v2\/categories?post=247"},{"taxonomy":"post_tag","embeddable":true,"href":"https:\/\/crudelis.fr\/site\/covid1984\/wp-json\/wp\/v2\/tags?post=247"}],"curies":[{"name":"wp","href":"https:\/\/api.w.org\/{rel}","templated":true}]}}