{"id":250,"date":"2020-11-05T17:45:00","date_gmt":"2020-11-05T17:45:00","guid":{"rendered":"https:\/\/covid1984.nohost.me\/blog\/?p=250"},"modified":"2022-08-20T11:09:58","modified_gmt":"2022-08-20T11:09:58","slug":"christian-perronne-si-macron-avait-montre-les-courbes-officielles-hier-il-aurait-ete-ridicule","status":"publish","type":"post","link":"https:\/\/crudelis.fr\/site\/covid1984\/2020\/11\/05\/christian-perronne-si-macron-avait-montre-les-courbes-officielles-hier-il-aurait-ete-ridicule\/","title":{"rendered":"Christian Perronne - \"Si Macron avait montr\u00e9 les courbes officielles hier, il aurait \u00e9t\u00e9 ridicule !\""},"content":{"rendered":"\n<p>Interview du Pr Christian Perronne sur SudRadio le 15 octobre 2020, qui a suscit\u00e9 une vive pol\u00e9mique sur ses propos.<\/p>\n\n\n\n<!--more-->\n\n\n\n<p><a href=\"https:\/\/odysee.com\/@voltigeur:b\/Christian-Perronne---Si-Macron-avait-montre%CC%81-les-courbes-officielles-hier--il-aurait-e%CC%81te%CC%81-ridicule--:4\" data-type=\"URL\" data-id=\"https:\/\/odysee.com\/@voltigeur:b\/Christian-Perronne---Si-Macron-avait-montre%CC%81-les-courbes-officielles-hier--il-aurait-e%CC%81te%CC%81-ridicule--:4\" target=\"_blank\" rel=\"noreferrer noopener\">Odysee - Christian Perronne - \"Si Macron avait montr\u00e9 les courbes officielles hier, il aurait \u00e9t\u00e9 ridicule !\"<\/a><br><em>33 minutes.<\/em><\/p>\n\n\n\n<hr class=\"wp-block-separator is-style-dots\" \/>\n\n\n\n<blockquote class=\"wp-block-quote is-layout-flow wp-block-quote-is-layout-flow\"><p><em>Les gens ont beaucoup plus peur aujourd'hui, alors que finalement \u00e7a va pas si mal, qu'en mars\/avril. \u00c7a c'est quand m\u00eame inqui\u00e9tant pour notre d\u00e9mocratie.<\/em><\/p><cite>Pr Christian Perronne<\/cite><\/blockquote>\n\n\n\n<blockquote class=\"wp-block-quote is-layout-flow wp-block-quote-is-layout-flow\"><p><em>On vide la s\u00e9curit\u00e9 sociale de milliards d'euros pour la campagne de tests<\/em>.<br>---<br><em>Et on ne peut pas embaucher des infirmi\u00e8res alors qu'on en aurait besoin.<\/em><\/p><cite>Pr Christian Perronne \/ Andr\u00e9 Bercoff<\/cite><\/blockquote>\n\n\n\n<blockquote class=\"wp-block-quote is-layout-flow wp-block-quote-is-layout-flow\"><p><em>On fait des tests covid \u00e0 tout les gens qui arrivent \u00e0 l\u2019h\u00f4pital [\u2026]. Si vous \u00eates positif, m\u00eame si vous venez pour autre chose, l'hospitalisation va \u00eatre mise sur le compte du covid.<\/em><\/p><cite>Pr Christian Perronne<\/cite><\/blockquote>\n\n\n\n<blockquote class=\"wp-block-quote is-layout-flow wp-block-quote-is-layout-flow\"><p><em>[\u2026] quelqu'un qui vient pour un cancer en phase terminale et parce que le test covid est positif, il va mourir au nom du covid et pas mourir au nom de son cancer.<\/em><\/p><cite>Pr Christian Perronne<\/cite><\/blockquote>\n","protected":false},"excerpt":{"rendered":"<p>Interview du Pr Christian Perronne sur SudRadio le 15 octobre 2020, qui a suscit\u00e9 une vive pol\u00e9mique sur ses propos.<\/p>\n","protected":false},"author":2,"featured_media":0,"comment_status":"open","ping_status":"open","sticky":false,"template":"","format":"standard","meta":{"footnotes":""},"categories":[2,77,6,9,12,16,18],"tags":[24,27,30,32],"class_list":["post-250","post","type-post","status-publish","format-standard","hentry","category-actualite","category-covid19","category-democratie","category-interview","category-mortalite","category-reanimation","category-pcr","tag-hydroxychloroquine","tag-peur","tag-pcr","tag-video"],"_links":{"self":[{"href":"https:\/\/crudelis.fr\/site\/covid1984\/wp-json\/wp\/v2\/posts\/250","targetHints":{"allow":["GET"]}}],"collection":[{"href":"https:\/\/crudelis.fr\/site\/covid1984\/wp-json\/wp\/v2\/posts"}],"about":[{"href":"https:\/\/crudelis.fr\/site\/covid1984\/wp-json\/wp\/v2\/types\/post"}],"author":[{"embeddable":true,"href":"https:\/\/crudelis.fr\/site\/covid1984\/wp-json\/wp\/v2\/users\/2"}],"replies":[{"embeddable":true,"href":"https:\/\/crudelis.fr\/site\/covid1984\/wp-json\/wp\/v2\/comments?post=250"}],"version-history":[{"count":1,"href":"https:\/\/crudelis.fr\/site\/covid1984\/wp-json\/wp\/v2\/posts\/250\/revisions"}],"predecessor-version":[{"id":2336,"href":"https:\/\/crudelis.fr\/site\/covid1984\/wp-json\/wp\/v2\/posts\/250\/revisions\/2336"}],"wp:attachment":[{"href":"https:\/\/crudelis.fr\/site\/covid1984\/wp-json\/wp\/v2\/media?parent=250"}],"wp:term":[{"taxonomy":"category","embeddable":true,"href":"https:\/\/crudelis.fr\/site\/covid1984\/wp-json\/wp\/v2\/categories?post=250"},{"taxonomy":"post_tag","embeddable":true,"href":"https:\/\/crudelis.fr\/site\/covid1984\/wp-json\/wp\/v2\/tags?post=250"}],"curies":[{"name":"wp","href":"https:\/\/api.w.org\/{rel}","templated":true}]}}