{"id":252,"date":"2020-11-05T22:30:44","date_gmt":"2020-11-05T22:30:44","guid":{"rendered":"https:\/\/covid1984.nohost.me\/blog\/?p=252"},"modified":"2022-08-20T11:09:58","modified_gmt":"2022-08-20T11:09:58","slug":"un-certificat-de-vaccination-contre-le-covid-pour-etre-autorise-a-voyager","status":"publish","type":"post","link":"https:\/\/crudelis.fr\/site\/covid1984\/2020\/11\/05\/un-certificat-de-vaccination-contre-le-covid-pour-etre-autorise-a-voyager\/","title":{"rendered":"Un certificat de vaccination contre le covid pour \u00eatre autoris\u00e9 \u00e0 voyager ?"},"content":{"rendered":"\n<p>Oui, \u00e7a sent fort le complotisme avec en toile de fond la grande r\u00e9initialisation.<br>Mais, malheureusement, oui c'est r\u00e9el...<br>Article en fran\u00e7ais dat\u00e9 du 26 octobre 2020.<\/p>\n\n\n\n<!--more-->\n\n\n\n<p><a rel=\"noreferrer noopener\" href=\"https:\/\/www.professionvoyages.com\/la-nouvelle-application-numerique-commonpass-peut-elle-remplacer-la-quarantaine-a-larrivee\/\" data-type=\"URL\" data-id=\"https:\/\/www.professionvoyages.com\/la-nouvelle-application-numerique-commonpass-peut-elle-remplacer-la-quarantaine-a-larrivee\/\" target=\"_blank\">Profession Voyages - La nouvelle application num\u00e9rique \u201cCommonPass\u201d peut-elle remplacer la quarantaine \u00e0 l\u2019arriv\u00e9e?<\/a><br><em>Temps de lecture: 10-13 minutes.<\/em><\/p>\n\n\n\n<hr class=\"wp-block-separator is-style-dots\" \/>\n\n\n\n<blockquote class=\"wp-block-quote is-layout-flow wp-block-quote-is-layout-flow\"><p><em>Le premier essai transatlantique du CommonPass, un \u201cpasseport COVID\u201d num\u00e9rique qui permet aux voyageurs de partager leur \u00e9tat de sant\u00e9 au-del\u00e0 des fronti\u00e8res internationales, s\u2019est achev\u00e9 avec succ\u00e8s<\/em><\/p><cite>professionvoyages.com<\/cite><\/blockquote>\n\n\n\n<blockquote class=\"wp-block-quote is-layout-flow wp-block-quote-is-layout-flow\"><p><em>Cr\u00e9\u00e9 par le projet suisse The Commons Project et le Forum \u00e9conomique mondial<\/em><\/p><cite>professionvoyages.com<\/cite><\/blockquote>\n\n\n\n<blockquote class=\"wp-block-quote is-layout-flow wp-block-quote-is-layout-flow\"><p><em>Nous esp\u00e9rons qu\u2019elle pourra prendre de l\u2019ampleur et qu\u2019elle fera partie de la nouvelle normalit\u00e9<\/em><\/p><cite>professionvoyages.com<\/cite><\/blockquote>\n\n\n\n<blockquote class=\"wp-block-quote is-layout-flow wp-block-quote-is-layout-flow\"><p><em>La capacit\u00e9 \u00e0 d\u00e9montrer qu\u2019une personne a \u00e9t\u00e9 vaccin\u00e9e va faire partie de ce processus pendant un certain temps encore<\/em><\/p><cite>professionvoyages.com<\/cite><\/blockquote>\n\n\n\n<hr class=\"wp-block-separator is-style-dots\" \/>\n\n\n\n<p>Il est donc effectivement question de certifier qu'une personne est vaccin\u00e9e pour \u00eatre autoris\u00e9e \u00e0 voyager. Nul besoin donc d'imposer directement la vaccination pour tous.<\/p>\n\n\n\n<p>Ainsi qu'il est possible de le lire, l'initiative est du Forum \u00e9conomique mondial (World Economic Forum). Ainsi qu'il est possible de le lire sur leur site.<\/p>\n\n\n\n<figure class=\"wp-block-table\"><table class=\"has-subtle-pale-pink-background-color has-background\"><tbody><tr><td><em>Pour les articles qui ne sont pas en fran\u00e7ais, vous pouvez utiliser <a rel=\"noreferrer noopener\" href=\"https:\/\/www.deepl.com\/translator\" target=\"_blank\">DeepL<\/a> pour traduire le texte en fran\u00e7ais.<\/em><\/td><\/tr><\/tbody><\/table><\/figure>\n\n\n\n<p><a rel=\"noreferrer noopener\" href=\"https:\/\/www.weforum.org\/agenda\/2020\/07\/covid-19-passport-app-health-travel-covidpass-quarantine-event\/\" data-type=\"URL\" data-id=\"https:\/\/www.weforum.org\/agenda\/2020\/07\/covid-19-passport-app-health-travel-covidpass-quarantine-event\/\" target=\"_blank\">World Economic Forum - Could this COVID-19 \u2018health passport\u2019 be the future of travel and events?<\/a><br><em>Temps de lecture: 5-6 minutes.<\/em><\/p>\n\n\n\n<hr class=\"wp-block-separator is-style-dots\" \/>\n\n\n\n<blockquote class=\"wp-block-quote is-layout-flow wp-block-quote-is-layout-flow\"><p><em>The app could also allow sports and entertainment venues to reopen safely, as well as the global conference and exhibition industry.<\/em><br>---<br><em>L'application pourrait \u00e9galement permettre la r\u00e9ouverture en toute s\u00e9curit\u00e9 des sites de sport et de divertissement, ainsi que du secteur des conf\u00e9rences et expositions mondiales.<\/em><\/p><cite>World Economic Forum<\/cite><\/blockquote>\n\n\n\n<p><\/p>\n","protected":false},"excerpt":{"rendered":"<p>Oui, \u00e7a sent fort le complotisme avec en toile de fond la grande r\u00e9initialisation.Mais, malheureusement, oui c'est r\u00e9el...Article en fran\u00e7ais dat\u00e9 du 26 octobre 2020.<\/p>\n","protected":false},"author":2,"featured_media":0,"comment_status":"open","ping_status":"open","sticky":false,"template":"","format":"standard","meta":{"footnotes":""},"categories":[77,6,17,19],"tags":[22,25,31],"class_list":["post-252","post","type-post","status-publish","format-standard","hentry","category-covid19","category-democratie","category-ressources","category-vaccin","tag-great-reset","tag-officiel","tag-vaccin"],"_links":{"self":[{"href":"https:\/\/crudelis.fr\/site\/covid1984\/wp-json\/wp\/v2\/posts\/252","targetHints":{"allow":["GET"]}}],"collection":[{"href":"https:\/\/crudelis.fr\/site\/covid1984\/wp-json\/wp\/v2\/posts"}],"about":[{"href":"https:\/\/crudelis.fr\/site\/covid1984\/wp-json\/wp\/v2\/types\/post"}],"author":[{"embeddable":true,"href":"https:\/\/crudelis.fr\/site\/covid1984\/wp-json\/wp\/v2\/users\/2"}],"replies":[{"embeddable":true,"href":"https:\/\/crudelis.fr\/site\/covid1984\/wp-json\/wp\/v2\/comments?post=252"}],"version-history":[{"count":1,"href":"https:\/\/crudelis.fr\/site\/covid1984\/wp-json\/wp\/v2\/posts\/252\/revisions"}],"predecessor-version":[{"id":2335,"href":"https:\/\/crudelis.fr\/site\/covid1984\/wp-json\/wp\/v2\/posts\/252\/revisions\/2335"}],"wp:attachment":[{"href":"https:\/\/crudelis.fr\/site\/covid1984\/wp-json\/wp\/v2\/media?parent=252"}],"wp:term":[{"taxonomy":"category","embeddable":true,"href":"https:\/\/crudelis.fr\/site\/covid1984\/wp-json\/wp\/v2\/categories?post=252"},{"taxonomy":"post_tag","embeddable":true,"href":"https:\/\/crudelis.fr\/site\/covid1984\/wp-json\/wp\/v2\/tags?post=252"}],"curies":[{"name":"wp","href":"https:\/\/api.w.org\/{rel}","templated":true}]}}