{"id":254,"date":"2020-11-05T23:05:26","date_gmt":"2020-11-05T23:05:26","guid":{"rendered":"https:\/\/covid1984.nohost.me\/blog\/?p=254"},"modified":"2022-09-08T12:09:49","modified_gmt":"2022-09-08T12:09:49","slug":"une-grande-reinitialisation-pour-qui-la-lutte-pour-notre-avenir-la-technocratie-contre-la-republique","status":"publish","type":"post","link":"https:\/\/crudelis.fr\/site\/covid1984\/2020\/11\/05\/une-grande-reinitialisation-pour-qui-la-lutte-pour-notre-avenir-la-technocratie-contre-la-republique\/","title":{"rendered":"Une grande r\u00e9initialisation pour qui ? La lutte pour notre avenir - La technocratie contre la R\u00e9publique"},"content":{"rendered":"\n<p>Une nouvelle analyse, argument\u00e9e, du projet de Grande R\u00e9initialisation (Great reset), dat\u00e9e du 18 octobre 2020.<\/p>\n\n\n\n<!--more-->\n\n\n\n<figure class=\"wp-block-table\"><table class=\"has-subtle-light-gray-background-color has-background\"><tbody><tr><td class=\"has-text-align-center\" data-align=\"center\"><strong><strong>OPINION<\/strong><br><br>Cet article exprime l'opinion personnelle de son auteur.<\/strong><\/td><\/tr><\/tbody><\/table><\/figure>\n\n\n\n<figure class=\"wp-block-table\"><table class=\"has-subtle-pale-pink-background-color has-background\"><tbody><tr><td><em>Pour les articles qui ne sont pas en fran\u00e7ais, vous pouvez utiliser <a rel=\"noreferrer noopener\" href=\"https:\/\/www.deepl.com\/translator\" target=\"_blank\">DeepL<\/a> pour traduire le texte en fran\u00e7ais.<\/em><\/td><\/tr><\/tbody><\/table><\/figure>\n\n\n\n<p>L'article original<br><a rel=\"noreferrer noopener\" href=\"https:\/\/www.strategic-culture.org\/news\/2020\/10\/18\/whose-great-reset-fight-for-our-future-technocracy-vs-republic\/\" data-type=\"URL\" data-id=\"https:\/\/www.strategic-culture.org\/news\/2020\/10\/18\/whose-great-reset-fight-for-our-future-technocracy-vs-republic\/\" target=\"_blank\">Strategic Culture Foundation - Whose Great Reset? The Fight for Our Future \u2013 Technocracy vs. the Republic<\/a><br><em>Temps de lecture: 15-20 minutes<em>.<\/em> (<a href=\"https:\/\/crudelis.fr\/site\/covid1984\/wp-content\/uploads\/sites\/8\/2022\/09\/Whose-Great-Reset-The-Fight-for-Our-Future-\u2013-Technocracy-vs.-the-Republic-\u2014-Strategic-Culture.pdf\" data-type=\"URL\" data-id=\"https:\/\/crudelis.fr\/site\/covid1984\/wp-content\/uploads\/sites\/8\/2022\/09\/Whose-Great-Reset-The-Fight-for-Our-Future-\u2013-Technocracy-vs.-the-Republic-\u2014-Strategic-Culture.pdf\">T\u00e9l\u00e9charger l'article original en pdf<\/a>)<\/em><\/p>\n\n\n\n<p>Et une traduction fran\u00e7aise<br><a rel=\"noreferrer noopener\" href=\"https:\/\/www.aubedigitale.com\/la-grande-remise-a-zero-de-qui-la-lutte-pour-notre-avenir-la-technocratie-vs-la-republique\/\" data-type=\"URL\" data-id=\"https:\/\/www.aubedigitale.com\/la-grande-remise-a-zero-de-qui-la-lutte-pour-notre-avenir-la-technocratie-vs-la-republique\/\" target=\"_blank\">Aube Digitale - La Grande Remise \u00e0 Z\u00e9ro de qui ? La lutte pour notre avenir \u2013 La technocratie VS la R\u00e9publique<\/a><br><em>Temps de lecture: 15-20 minutes<em>.<\/em><\/em><\/p>\n\n\n\n<hr class=\"wp-block-separator has-css-opacity is-style-dots\"\/>\n\n\n\n<blockquote class=\"wp-block-quote is-layout-flow wp-block-quote-is-layout-flow\"><p><em>How is it that now Boris Johnson speaks publicly of a \u2018great reset\u2019, whereas just months ago when those outside the ruling media paradigm used this phrase, it was censured by corporate Atlanticist media as being conspiratorial in nature?<br>---<br>Comment se fait-il que Boris Johnson parle aujourd\u2019hui publiquement de \u201cgrande remise \u00e0 z\u00e9ro\u201d, alors qu\u2019il y a quelques mois \u00e0 peine, lorsque des personnes ext\u00e9rieures au paradigme des m\u00e9dias dominants utilisaient cette expression, elle \u00e9tait censur\u00e9e par les m\u00e9dias corporatifs atlantistes comme \u00e9tant de nature conspiratrice ?<\/em><\/p><cite>Joaquin Flores pour Strategic Culture Foundation<\/cite><\/blockquote>\n\n\n\n<p>\"Atlanticist\" ou \"atlantistes\" r\u00e9f\u00e8rent \u00e0 <a rel=\"noreferrer noopener\" href=\"https:\/\/fr.wikipedia.org\/wiki\/Atlantisme\" data-type=\"URL\" data-id=\"https:\/\/fr.wikipedia.org\/wiki\/Atlantisme\" target=\"_blank\">Atlantisme<\/a>.<\/p>\n\n\n\n<blockquote class=\"wp-block-quote is-layout-flow wp-block-quote-is-layout-flow\"><p><em>And so we have by now all read numerous articles in the official press talking about how economic life after coronavirus will never be the same as it was before.<br>---<br>Nous avons donc tous lu \u00e0 ce jour de nombreux articles dans la presse officielle qui expliquent que la vie \u00e9conomique apr\u00e8s le coronavirus ne sera plus jamais la m\u00eame qu\u2019avant.<\/em><\/p><cite>Joaquin Flores pour Strategic Culture Foundation<\/cite><\/blockquote>\n\n\n\n<blockquote class=\"wp-block-quote is-layout-flow wp-block-quote-is-layout-flow\"><p><em>The way things were before was also a tremendous problem, and yet now it only seems better in comparison to the police state-like provisions we\u2019ve encountered throughout the course of politicizing the spectre of this \u2018pandemic\u2019.<br>---<br>La fa\u00e7on dont les choses \u00e9taient avant \u00e9tait \u00e9galement un \u00e9norme probl\u00e8me, et pourtant maintenant cela semble seulement mieux en comparaison avec les dispositions de type \u00c9tat policier que nous avons rencontr\u00e9es tout au long de la politisation du spectre de cette \u201cpand\u00e9mie\u201d.<\/em><\/p><cite>Joaquin Flores pour Strategic Culture Foundation<\/cite><\/blockquote>\n\n\n\n<blockquote class=\"wp-block-quote is-layout-flow wp-block-quote-is-layout-flow\"><p>O<em>ddly this politicization is based in positive cases (and not hospitalizations) ostensibly linked to the novel coronavirus.<br>---<br>Curieusement, cette politisation est bas\u00e9e sur des cas positifs (et non des hospitalisations) ostensiblement li\u00e9s au nouveau coronavirus.<\/em><\/p><cite>Joaquin Flores pour Strategic Culture Foundation<\/cite><\/blockquote>\n\n\n\n<blockquote class=\"wp-block-quote is-layout-flow wp-block-quote-is-layout-flow\"><p><em>And so what of our term \u2018reset\u2019? Indeed, it is itself misleading, and we would propose it is intentionally so if we understand Orwell\u2019s critique of the use of language \u2013 newspeak \u2013 in technocratic oligarchies.<br>---<br>Et que dire de notre terme \u201cremise \u00e0 z\u00e9ro\u201d ? En effet, il est en soi trompeur, et nous pensons qu\u2019il l\u2019est intentionnellement si nous comprenons la critique d\u2019Orwell sur l\u2019utilisation du langage \u2013 la langue des actualit\u00e9s \u2013 dans les oligarchies technocratiques.<\/em><\/p><cite>Joaquin Flores pour Strategic Culture Foundation<\/cite><\/blockquote>\n\n\n\n<blockquote class=\"wp-block-quote is-layout-flow wp-block-quote-is-layout-flow\"><p><em>Rather, we must understand that the underlying catastrophic economic mechanisms which are forcing this great change exist independently of the coronavirus, and exist independently of the particular changes which the oligarchs promoting their version of a \u2018reset\u2019 (read: new proposals) would like to see.<br>---<br>Nous devons plut\u00f4t comprendre que les m\u00e9canismes \u00e9conomiques catastrophiques sous-jacents qui forcent ce grand changement existent ind\u00e9pendamment du coronavirus, et existent ind\u00e9pendamment des changements particuliers que les oligarques promouvant leur version d\u2019une \u201cremise \u00e0 z\u00e9ro\u201d (lire : nouvelles propositions) voudraient voir.<\/em><\/p><cite>Joaquin Flores pour Strategic Culture Foundation<\/cite><\/blockquote>\n\n\n\n<blockquote class=\"wp-block-quote is-layout-flow wp-block-quote-is-layout-flow\"><p><em>The great political crisis now is that a pandemic is being used to justify an end-run around constitutional rights, an end-run around pluralist society, and so the vehicle \u2013 the mechanism \u2013 that the general public might use to fight for their version of a \u2018reset\u2019 is on the verge of disappearing.<br>---<br>La grande crise politique actuelle est qu\u2019une pand\u00e9mie est utilis\u00e9e pour justifier un contournement des droits constitutionnels, un contournement de la soci\u00e9t\u00e9 pluraliste, et donc le v\u00e9hicule \u2013 le m\u00e9canisme \u2013 que le grand public pourrait utiliser pour lutter pour sa version d\u2019une \u201cremise \u00e0 z\u00e9ro\u201d est sur le point de dispara\u00eetre.<\/em><\/p><cite>Joaquin Flores pour Strategic Culture Foundation<\/cite><\/blockquote>\n","protected":false},"excerpt":{"rendered":"<p>Une nouvelle analyse, argument\u00e9e, du projet de Grande R\u00e9initialisation (Great reset), dat\u00e9e du 18 octobre 2020.<\/p>\n","protected":false},"author":2,"featured_media":0,"comment_status":"open","ping_status":"open","sticky":false,"template":"","format":"standard","meta":{"footnotes":""},"categories":[77,6,13,14,17],"tags":[22,26],"class_list":["post-254","post","type-post","status-publish","format-standard","hentry","category-covid19","category-democratie","category-opinion","category-pourquoi","category-ressources","tag-great-reset","tag-opinion"],"_links":{"self":[{"href":"https:\/\/crudelis.fr\/site\/covid1984\/wp-json\/wp\/v2\/posts\/254","targetHints":{"allow":["GET"]}}],"collection":[{"href":"https:\/\/crudelis.fr\/site\/covid1984\/wp-json\/wp\/v2\/posts"}],"about":[{"href":"https:\/\/crudelis.fr\/site\/covid1984\/wp-json\/wp\/v2\/types\/post"}],"author":[{"embeddable":true,"href":"https:\/\/crudelis.fr\/site\/covid1984\/wp-json\/wp\/v2\/users\/2"}],"replies":[{"embeddable":true,"href":"https:\/\/crudelis.fr\/site\/covid1984\/wp-json\/wp\/v2\/comments?post=254"}],"version-history":[{"count":2,"href":"https:\/\/crudelis.fr\/site\/covid1984\/wp-json\/wp\/v2\/posts\/254\/revisions"}],"predecessor-version":[{"id":2488,"href":"https:\/\/crudelis.fr\/site\/covid1984\/wp-json\/wp\/v2\/posts\/254\/revisions\/2488"}],"wp:attachment":[{"href":"https:\/\/crudelis.fr\/site\/covid1984\/wp-json\/wp\/v2\/media?parent=254"}],"wp:term":[{"taxonomy":"category","embeddable":true,"href":"https:\/\/crudelis.fr\/site\/covid1984\/wp-json\/wp\/v2\/categories?post=254"},{"taxonomy":"post_tag","embeddable":true,"href":"https:\/\/crudelis.fr\/site\/covid1984\/wp-json\/wp\/v2\/tags?post=254"}],"curies":[{"name":"wp","href":"https:\/\/api.w.org\/{rel}","templated":true}]}}