{"id":259,"date":"2020-11-06T11:54:03","date_gmt":"2020-11-06T11:54:03","guid":{"rendered":"https:\/\/covid1984.nohost.me\/blog\/?p=259"},"modified":"2022-08-20T11:09:58","modified_gmt":"2022-08-20T11:09:58","slug":"les-gestes-barrieres-se-laver-les-mains-oui-les-masques-vraiment-moins","status":"publish","type":"post","link":"https:\/\/crudelis.fr\/site\/covid1984\/2020\/11\/06\/les-gestes-barrieres-se-laver-les-mains-oui-les-masques-vraiment-moins\/","title":{"rendered":"Les gestes barri\u00e8res : se laver les mains oui, les masques vraiment moins"},"content":{"rendered":"\n<p>Un article, du 11 octobre 2020, sur l'(in)utilit\u00e9 du port du masque, par FranceSoir<\/p>\n\n\n\n<!--more-->\n\n\n\n<p><a rel=\"noreferrer noopener\" href=\"http:\/\/www.francesoir.fr\/societe-sante\/les-gestes-barrieres-les-mains-oui-les-masques-vraiment-moins\" data-type=\"URL\" data-id=\"http:\/\/www.francesoir.fr\/societe-sante\/les-gestes-barrieres-les-mains-oui-les-masques-vraiment-moins\" target=\"_blank\">FranceSoir - Les gestes barri\u00e8res : se laver les mains oui, les masques vraiment moins<\/a><br><em>Temps de lecture: 7-9 minutes.<\/em><\/p>\n\n\n\n<hr class=\"wp-block-separator is-style-dots\" \/>\n\n\n\n<blockquote class=\"wp-block-quote is-layout-flow wp-block-quote-is-layout-flow\"><p><em>l n'existe pas de preuves scientifiques de l'efficacit\u00e9 des masques contre la transmission des virus par voie a\u00e9rienne, mais il existe des preuves scientifiques des dangers inh\u00e9rents au port du masque.<\/em><\/p><cite>Dr Margarite Griesz-Brisson<\/cite><\/blockquote>\n\n\n\n<blockquote class=\"wp-block-quote is-layout-flow wp-block-quote-is-layout-flow\"><p><em>Pourquoi les autorit\u00e9s m\u00e9dicales infligent-elles des sanctions aux m\u00e9decins qui accordent des exemptions aux gens ? La personne ou le m\u00e9decin doivent-ils s\u00e9rieusement prouver que la privation d'oxyg\u00e8ne est nocif pour tous ? Quel genre de m\u00e9decine nos m\u00e9decins et nos associations m\u00e9dicales repr\u00e9sentent-ils ?<\/em><\/p><cite>Dr Margarite Griesz-Brisson<\/cite><\/blockquote>\n\n\n\n<p><\/p>\n","protected":false},"excerpt":{"rendered":"<p>Un article, du 11 octobre 2020, sur l'(in)utilit\u00e9 du port du masque, par FranceSoir<\/p>\n","protected":false},"author":2,"featured_media":0,"comment_status":"open","ping_status":"open","sticky":false,"template":"","format":"standard","meta":{"footnotes":""},"categories":[2,77,11],"tags":[],"class_list":["post-259","post","type-post","status-publish","format-standard","hentry","category-actualite","category-covid19","category-masque"],"_links":{"self":[{"href":"https:\/\/crudelis.fr\/site\/covid1984\/wp-json\/wp\/v2\/posts\/259","targetHints":{"allow":["GET"]}}],"collection":[{"href":"https:\/\/crudelis.fr\/site\/covid1984\/wp-json\/wp\/v2\/posts"}],"about":[{"href":"https:\/\/crudelis.fr\/site\/covid1984\/wp-json\/wp\/v2\/types\/post"}],"author":[{"embeddable":true,"href":"https:\/\/crudelis.fr\/site\/covid1984\/wp-json\/wp\/v2\/users\/2"}],"replies":[{"embeddable":true,"href":"https:\/\/crudelis.fr\/site\/covid1984\/wp-json\/wp\/v2\/comments?post=259"}],"version-history":[{"count":1,"href":"https:\/\/crudelis.fr\/site\/covid1984\/wp-json\/wp\/v2\/posts\/259\/revisions"}],"predecessor-version":[{"id":2333,"href":"https:\/\/crudelis.fr\/site\/covid1984\/wp-json\/wp\/v2\/posts\/259\/revisions\/2333"}],"wp:attachment":[{"href":"https:\/\/crudelis.fr\/site\/covid1984\/wp-json\/wp\/v2\/media?parent=259"}],"wp:term":[{"taxonomy":"category","embeddable":true,"href":"https:\/\/crudelis.fr\/site\/covid1984\/wp-json\/wp\/v2\/categories?post=259"},{"taxonomy":"post_tag","embeddable":true,"href":"https:\/\/crudelis.fr\/site\/covid1984\/wp-json\/wp\/v2\/tags?post=259"}],"curies":[{"name":"wp","href":"https:\/\/api.w.org\/{rel}","templated":true}]}}