{"id":264,"date":"2020-11-06T15:01:18","date_gmt":"2020-11-06T15:01:18","guid":{"rendered":"https:\/\/covid1984.nohost.me\/blog\/?p=264"},"modified":"2022-08-20T11:09:58","modified_gmt":"2022-08-20T11:09:58","slug":"chomage-depression-suicide-les-effets-devastateurs-des-confinements-sur-le-monde-du-travail","status":"publish","type":"post","link":"https:\/\/crudelis.fr\/site\/covid1984\/2020\/11\/06\/chomage-depression-suicide-les-effets-devastateurs-des-confinements-sur-le-monde-du-travail\/","title":{"rendered":"Ch\u00f4mage, d\u00e9pression, suicide : les effets \"d\u00e9vastateurs\" des confinements sur le monde du travail"},"content":{"rendered":"\n<p>Un \u00e9tat des lieux des cons\u00e9quences du 1er confinement sur les travailleurs.<br>Article dat\u00e9 du 6 novembre 2020.<\/p>\n\n\n\n<!--more-->\n\n\n\n<p><a rel=\"noreferrer noopener\" href=\"https:\/\/www.latribune.fr\/entreprises-finance\/chomage-depression-suicide-les-effets-devastateurs-des-confinements-sur-le-monde-du-travail-861693.html\" data-type=\"URL\" data-id=\"https:\/\/www.latribune.fr\/entreprises-finance\/chomage-depression-suicide-les-effets-devastateurs-des-confinements-sur-le-monde-du-travail-861693.html\" target=\"_blank\">La Tribune - Ch\u00f4mage, d\u00e9pression, suicide&nbsp;: les effets \"d\u00e9vastateurs\" des confinements sur le monde du travail<\/a><br><em>Temps de lecture: 8-10 minutes.<\/em><\/p>\n\n\n\n<hr class=\"wp-block-separator has-css-opacity is-style-dots\"\/>\n\n\n\n<blockquote class=\"wp-block-quote is-layout-flow wp-block-quote-is-layout-flow\"><p><em>Perte d'emploi, maladies, suicides\u2026: l'impact des confinements d\u00e9cid\u00e9s en raison de la crise sanitaire sur le monde de travail risque d'\u00eatre \"d\u00e9vastateur\" en terme de sant\u00e9 globale et de fracture sociale [\u2026]<\/em><\/p><cite>Sandra Biffot-Lacut, AFP<\/cite><\/blockquote>\n\n\n\n<blockquote class=\"wp-block-quote is-layout-flow wp-block-quote-is-layout-flow\"><p><em>L'Insee pr\u00e9voyait 730.000 destructions d'emplois sur l'ann\u00e9e, avant m\u00eame le deuxi\u00e8me confinement.<\/em><\/p><cite>Sandra Biffot-Lacut, AFP<\/cite><\/blockquote>\n\n\n\n<blockquote class=\"wp-block-quote is-layout-flow wp-block-quote-is-layout-flow\"><p><em>Isolement, ins\u00e9curit\u00e9, usure, hyperstress: Marie Pez\u00e9, docteur en psychologie responsable du r\u00e9seau national de consultations de souffrance au travail, constate \"une d\u00e9gradation g\u00e9n\u00e9rale de la sant\u00e9\" de ses patients avec des tableaux cliniques allant \"d'une tr\u00e8s grande fatigue \u00e0 des d\u00e9compensations psychiatriques en mode d\u00e9lirant\".<\/em><\/p><cite>Sandra Biffot-Lacut, AFP<\/cite><\/blockquote>\n\n\n\n<blockquote class=\"wp-block-quote is-layout-flow wp-block-quote-is-layout-flow\"><p><em>Certains sont perdus sans le collectif, d'autres travaillent de mani\u00e8re compulsive pour d\u00e9montrer leur engagement par peur de perdre leur emploi, dans un environnement o\u00f9 toutes les autres facettes de la vie sociale sont gel\u00e9es<\/em><\/p><cite>Sandra Biffot-Lacut, AFP<\/cite><\/blockquote>\n\n\n\n<blockquote class=\"wp-block-quote is-layout-flow wp-block-quote-is-layout-flow\"><p><em>27% des dirigeants d'entreprise et 27% des ch\u00f4meurs, 25% des commer\u00e7ants et artisans ont eu l'intention r\u00e9elle de se suicider en 2020, notamment depuis la fin du premier confinement. Parmi ces derniers, 42% confient avoir \u00e9t\u00e9 hospitalis\u00e9s apr\u00e8s une tentative.<\/em><\/p><cite>Sandra Biffot-Lacut, AFP<\/cite><\/blockquote>\n","protected":false},"excerpt":{"rendered":"<p>Un \u00e9tat des lieux des cons\u00e9quences du 1er confinement sur les travailleurs.Article dat\u00e9 du 6 novembre 2020.<\/p>\n","protected":false},"author":2,"featured_media":0,"comment_status":"open","ping_status":"open","sticky":false,"template":"","format":"standard","meta":{"footnotes":""},"categories":[2,77],"tags":[21],"class_list":["post-264","post","type-post","status-publish","format-standard","hentry","category-actualite","category-covid19","tag-confinement"],"_links":{"self":[{"href":"https:\/\/crudelis.fr\/site\/covid1984\/wp-json\/wp\/v2\/posts\/264","targetHints":{"allow":["GET"]}}],"collection":[{"href":"https:\/\/crudelis.fr\/site\/covid1984\/wp-json\/wp\/v2\/posts"}],"about":[{"href":"https:\/\/crudelis.fr\/site\/covid1984\/wp-json\/wp\/v2\/types\/post"}],"author":[{"embeddable":true,"href":"https:\/\/crudelis.fr\/site\/covid1984\/wp-json\/wp\/v2\/users\/2"}],"replies":[{"embeddable":true,"href":"https:\/\/crudelis.fr\/site\/covid1984\/wp-json\/wp\/v2\/comments?post=264"}],"version-history":[{"count":1,"href":"https:\/\/crudelis.fr\/site\/covid1984\/wp-json\/wp\/v2\/posts\/264\/revisions"}],"predecessor-version":[{"id":2124,"href":"https:\/\/crudelis.fr\/site\/covid1984\/wp-json\/wp\/v2\/posts\/264\/revisions\/2124"}],"wp:attachment":[{"href":"https:\/\/crudelis.fr\/site\/covid1984\/wp-json\/wp\/v2\/media?parent=264"}],"wp:term":[{"taxonomy":"category","embeddable":true,"href":"https:\/\/crudelis.fr\/site\/covid1984\/wp-json\/wp\/v2\/categories?post=264"},{"taxonomy":"post_tag","embeddable":true,"href":"https:\/\/crudelis.fr\/site\/covid1984\/wp-json\/wp\/v2\/tags?post=264"}],"curies":[{"name":"wp","href":"https:\/\/api.w.org\/{rel}","templated":true}]}}