{"id":268,"date":"2020-11-06T22:30:24","date_gmt":"2020-11-06T22:30:24","guid":{"rendered":"https:\/\/covid1984.nohost.me\/blog\/?p=268"},"modified":"2022-08-20T11:09:57","modified_gmt":"2022-08-20T11:09:57","slug":"mars-2020-la-date-ou-lindustrie-pharmaceutique-aura-definitivement-supplante-la-medecine","status":"publish","type":"post","link":"https:\/\/crudelis.fr\/site\/covid1984\/2020\/11\/06\/mars-2020-la-date-ou-lindustrie-pharmaceutique-aura-definitivement-supplante-la-medecine\/","title":{"rendered":"Mars 2020 : la date o\u00f9 l'industrie pharmaceutique aura d\u00e9finitivement supplant\u00e9 la m\u00e9decine..."},"content":{"rendered":"\n<p>Une tribune tr\u00e8s int\u00e9ressante de Jean-Dominique Michel pour FranceSoir, le 3 ao\u00fbt 2020, qui revient sur les premiers scandales de la crise du covid.<\/p>\n\n\n\n<!--more-->\n\n\n\n<p><a rel=\"noreferrer noopener\" href=\"http:\/\/www.francesoir.fr\/opinions-tribunes\/mars-2020-la-date-ou-lindustrie-pharmaceutique-aura-definitivement-supplante-la\" data-type=\"URL\" data-id=\"http:\/\/www.francesoir.fr\/opinions-tribunes\/mars-2020-la-date-ou-lindustrie-pharmaceutique-aura-definitivement-supplante-la\" target=\"_blank\">FranceSoir - Mars 2020 : la date o\u00f9 l'industrie pharmaceutique aura d\u00e9finitivement supplant\u00e9 la m\u00e9decine...<\/a><br><em>Temps de lecture: 17-20 minutes.<\/em><\/p>\n\n\n\n<hr class=\"wp-block-separator is-style-dots\" \/>\n\n\n\n<blockquote class=\"wp-block-quote is-layout-flow wp-block-quote-is-layout-flow\"><p><em>les pays ayant connu les plus forts taux de mortalit\u00e9 sont ceux qui ont confin\u00e9 le plus strictement.<\/em><\/p><cite>Jean-Dominique Michel pour FranceSoir<\/cite><\/blockquote>\n\n\n\n<blockquote class=\"wp-block-quote is-layout-flow wp-block-quote-is-layout-flow\"><p><em>Seuls prosp\u00e8rent de mani\u00e8re presque obsc\u00e8ne en ces temps tragiques les GAFAM et les soci\u00e9t\u00e9s pharmaceutiques !<\/em><\/p><cite>Jean-Dominique Michel pour FranceSoir<\/cite><\/blockquote>\n\n\n\n<blockquote class=\"wp-block-quote is-layout-flow wp-block-quote-is-layout-flow\"><p><em>Ces industries (et donc les autorit\u00e9s qu\u2019elles ont sous leur influence) n\u2019ont depuis longtemps plus la sant\u00e9 de la population comme priorit\u00e9 mais les perspectives de profit qu\u2019elles peuvent tirer de ses probl\u00e8mes de sant\u00e9.<\/em><\/p><cite>Jean-Dominique Michel pour FranceSoir<\/cite><\/blockquote>\n\n\n\n<blockquote class=\"wp-block-quote is-layout-flow wp-block-quote-is-layout-flow\"><p><em>Comprenons-nous bien : l\u2019\u00e9tat de corruption syst\u00e9mique rappel\u00e9 plus haut est tel qu\u2019une compagnie pharmaceutique peut en effet, sans raison m\u00e9dicale ou pharmacologique valable, obtenir qu\u2019une ministre change le classement d\u2019un m\u00e9dicament au moment m\u00eame o\u00f9 il peut s\u2019av\u00e9rer salvateur !<\/em><\/p><cite>Jean-Dominique Michel pour FranceSoir<\/cite><\/blockquote>\n\n\n\n<blockquote class=\"wp-block-quote is-layout-flow wp-block-quote-is-layout-flow\"><p><em>alors que les premiers essais cliniques \u00e0 travers le monde commen\u00e7aient \u00e0 sugg\u00e9rer fortement l\u2019efficacit\u00e9 de l\u2019hydroxychloroquine (en combinaison avec l\u2019azithromycine) en d\u00e9but d\u2019infection, la plupart des gouvernements occidentaux dont la France interdirent sa prescription aux m\u00e9decins lib\u00e9raux.<\/em><\/p><cite>Jean-Dominique Michel pour FranceSoir<\/cite><\/blockquote>\n\n\n\n<blockquote class=\"wp-block-quote is-layout-flow wp-block-quote-is-layout-flow\"><p><em>M\u00e9decins et patients se seront retrouv\u00e9s pieds et poings li\u00e9s, trahis par leurs gouvernements, dans ce sombre moment qui restera dans l\u2019histoire comme celui o\u00f9 l\u2019industrie pharmaceutique et la corruption syst\u00e9mique qu\u2019elle d\u00e9ploie auront d\u00e9finitivement supplant\u00e9 la m\u00e9decine.<\/em><\/p><cite>Jean-Dominique Michel pour FranceSoir<\/cite><\/blockquote>\n","protected":false},"excerpt":{"rendered":"<p>Une tribune tr\u00e8s int\u00e9ressante de Jean-Dominique Michel pour FranceSoir, le 3 ao\u00fbt 2020, qui revient sur les premiers scandales de la crise du covid.<\/p>\n","protected":false},"author":2,"featured_media":0,"comment_status":"open","ping_status":"open","sticky":false,"template":"","format":"standard","meta":{"footnotes":""},"categories":[2,77,14,19],"tags":[21,24,31],"class_list":["post-268","post","type-post","status-publish","format-standard","hentry","category-actualite","category-covid19","category-pourquoi","category-vaccin","tag-confinement","tag-hydroxychloroquine","tag-vaccin"],"_links":{"self":[{"href":"https:\/\/crudelis.fr\/site\/covid1984\/wp-json\/wp\/v2\/posts\/268","targetHints":{"allow":["GET"]}}],"collection":[{"href":"https:\/\/crudelis.fr\/site\/covid1984\/wp-json\/wp\/v2\/posts"}],"about":[{"href":"https:\/\/crudelis.fr\/site\/covid1984\/wp-json\/wp\/v2\/types\/post"}],"author":[{"embeddable":true,"href":"https:\/\/crudelis.fr\/site\/covid1984\/wp-json\/wp\/v2\/users\/2"}],"replies":[{"embeddable":true,"href":"https:\/\/crudelis.fr\/site\/covid1984\/wp-json\/wp\/v2\/comments?post=268"}],"version-history":[{"count":1,"href":"https:\/\/crudelis.fr\/site\/covid1984\/wp-json\/wp\/v2\/posts\/268\/revisions"}],"predecessor-version":[{"id":2332,"href":"https:\/\/crudelis.fr\/site\/covid1984\/wp-json\/wp\/v2\/posts\/268\/revisions\/2332"}],"wp:attachment":[{"href":"https:\/\/crudelis.fr\/site\/covid1984\/wp-json\/wp\/v2\/media?parent=268"}],"wp:term":[{"taxonomy":"category","embeddable":true,"href":"https:\/\/crudelis.fr\/site\/covid1984\/wp-json\/wp\/v2\/categories?post=268"},{"taxonomy":"post_tag","embeddable":true,"href":"https:\/\/crudelis.fr\/site\/covid1984\/wp-json\/wp\/v2\/tags?post=268"}],"curies":[{"name":"wp","href":"https:\/\/api.w.org\/{rel}","templated":true}]}}