{"id":270,"date":"2020-11-06T23:44:17","date_gmt":"2020-11-06T23:44:17","guid":{"rendered":"https:\/\/covid1984.nohost.me\/blog\/?p=270"},"modified":"2022-08-20T11:09:57","modified_gmt":"2022-08-20T11:09:57","slug":"le-gouvernement-ne-sen-cache-pas-et-on-sattend-en-janvier-a-discuter-un-texte-qui-sera-de-faire-rentrer-definitivement-letat-durgence-sanitaire-dans-le-droit-commun","status":"publish","type":"post","link":"https:\/\/crudelis.fr\/site\/covid1984\/2020\/11\/06\/le-gouvernement-ne-sen-cache-pas-et-on-sattend-en-janvier-a-discuter-un-texte-qui-sera-de-faire-rentrer-definitivement-letat-durgence-sanitaire-dans-le-droit-commun\/","title":{"rendered":"\"Le gouvernement ne s'en cache pas, et on s'attend en janvier \u00e0 discuter un texte qui sera de faire rentrer d\u00e9finitivement l'\u00e9tat d'urgence sanitaire dans le droit commun.\""},"content":{"rendered":"\n<p>Une interview, \u00e0 la fois bouleversante et tr\u00e8s instructive, de l'ancienne d\u00e9put\u00e9e LREM et psychiatre Martine Wonner sur FranceSoir, qui revient, le 4 novembre 2020, sur le vote pour le maintien de l'\u00e9tat d'urgence.<\/p>\n\n\n\n<!--more-->\n\n\n\n<p><a rel=\"noreferrer noopener\" href=\"http:\/\/www.francesoir.fr\/opinions-entretiens\/video-le-debriefing-de-martine-wonner-elle-revient-sur-la-situation-lassemblee\" data-type=\"URL\" data-id=\"http:\/\/www.francesoir.fr\/opinions-entretiens\/video-le-debriefing-de-martine-wonner-elle-revient-sur-la-situation-lassemblee\" target=\"_blank\">FranceSoir - VIDEO : le debriefing de Martine Wonner. Elle revient sur la situation \u00e0 l'Assembl\u00e9e Nationale<\/a><br><em>24 minutes.<\/em><\/p>\n\n\n\n<hr class=\"wp-block-separator is-style-dots\" \/>\n\n\n\n<blockquote class=\"wp-block-quote is-layout-flow wp-block-quote-is-layout-flow\"><p><em>Cette strat\u00e9gie r\u00e9elle de la peur a aussi fonctionn\u00e9 sur les confr\u00e8res, parce qu'\u00e0 partir du moment o\u00f9 on leur a expliqu\u00e9 que, malgr\u00e9 ces textes et malgr\u00e9 les menaces qu'ils avaient re\u00e7u rapidement par l'ordre des m\u00e9decins, ils avaient le droit de prescrire. Mais bon nombre d'entre eux, encore aujourd'hui, n'osent toujours pas utiliser des traitements pr\u00e9coces [\u2026]<\/em><\/p><cite>Martine Wonner<\/cite><\/blockquote>\n\n\n\n<blockquote class=\"wp-block-quote is-layout-flow wp-block-quote-is-layout-flow\"><p><em>On se retrouve aujourd'hui, non pas du tout avec un covid qui explose mais toujours avec une situation \u00e0 l\u2019h\u00f4pital public qui est compl\u00e8tement catastrophique. Un h\u00f4pital public satur\u00e9, mais qui n'a rien de diff\u00e9rent par rapport aux ann\u00e9es [pr\u00e9c\u00e9dentes].<\/em><\/p><cite>Martine Wonner<\/cite><\/blockquote>\n\n\n\n<blockquote class=\"wp-block-quote is-layout-flow wp-block-quote-is-layout-flow\"><p><em>Le gouvernement ne s'en cache pas, et on s'attend en janvier \u00e0 discuter un texte qui sera de faire rentrer d\u00e9finitivement l'\u00e9tat d'urgence sanitaire dans le droit commun.<\/em><\/p><cite>Martine Wonner<\/cite><\/blockquote>\n\n\n\n<blockquote class=\"wp-block-quote is-layout-flow wp-block-quote-is-layout-flow\"><p><em>Est-ce que cette \u00e9pid\u00e9mie, au fond, est plus importante qu'une grosse \u00e9pid\u00e9mie de grippe ? Je n'en suis pas s\u00fbre.<\/em><\/p><cite>Martine Wonner<\/cite><\/blockquote>\n\n\n\n<blockquote class=\"wp-block-quote is-layout-flow wp-block-quote-is-layout-flow\"><p><em>J'ai \u00e9voqu\u00e9e toutes ces personnes \u00e2g\u00e9es qui n'ont pas pu \u00eatre soign\u00e9es [\u2026] et qui ont \u00e9t\u00e9 accompagn\u00e9e vers la mort, dans un protocole de fin de vie, le protocole Rivotril. Et j'ai demand\u00e9 une minute de silence, en hommage \u00e0 toutes ces personnes d\u00e9c\u00e9d\u00e9es, et cette minute de silence m'a \u00e9t\u00e9 refus\u00e9.<\/em><\/p><cite>Martine Wonner<\/cite><\/blockquote>\n\n\n\n<hr class=\"wp-block-separator is-style-dots\" \/>\n\n\n\n<p>Le site du collectif \"<strong>Covid-19 laissons les m\u00e9decins prescrire<\/strong>\"<br><a rel=\"noreferrer noopener\" href=\"https:\/\/stopcovid19.today\/\" target=\"_blank\">https:\/\/stopcovid19.today\/<\/a><\/p>\n","protected":false},"excerpt":{"rendered":"<p>Une interview, \u00e0 la fois bouleversante et tr\u00e8s instructive, de l'ancienne d\u00e9put\u00e9e LREM et psychiatre Martine Wonner sur FranceSoir, qui revient, le 4 novembre 2020, sur le vote pour le maintien de l'\u00e9tat d'urgence.<\/p>\n","protected":false},"author":2,"featured_media":0,"comment_status":"open","ping_status":"open","sticky":false,"template":"","format":"standard","meta":{"footnotes":""},"categories":[2,77,6,9,16],"tags":[21,32],"class_list":["post-270","post","type-post","status-publish","format-standard","hentry","category-actualite","category-covid19","category-democratie","category-interview","category-reanimation","tag-confinement","tag-video"],"_links":{"self":[{"href":"https:\/\/crudelis.fr\/site\/covid1984\/wp-json\/wp\/v2\/posts\/270","targetHints":{"allow":["GET"]}}],"collection":[{"href":"https:\/\/crudelis.fr\/site\/covid1984\/wp-json\/wp\/v2\/posts"}],"about":[{"href":"https:\/\/crudelis.fr\/site\/covid1984\/wp-json\/wp\/v2\/types\/post"}],"author":[{"embeddable":true,"href":"https:\/\/crudelis.fr\/site\/covid1984\/wp-json\/wp\/v2\/users\/2"}],"replies":[{"embeddable":true,"href":"https:\/\/crudelis.fr\/site\/covid1984\/wp-json\/wp\/v2\/comments?post=270"}],"version-history":[{"count":1,"href":"https:\/\/crudelis.fr\/site\/covid1984\/wp-json\/wp\/v2\/posts\/270\/revisions"}],"predecessor-version":[{"id":2331,"href":"https:\/\/crudelis.fr\/site\/covid1984\/wp-json\/wp\/v2\/posts\/270\/revisions\/2331"}],"wp:attachment":[{"href":"https:\/\/crudelis.fr\/site\/covid1984\/wp-json\/wp\/v2\/media?parent=270"}],"wp:term":[{"taxonomy":"category","embeddable":true,"href":"https:\/\/crudelis.fr\/site\/covid1984\/wp-json\/wp\/v2\/categories?post=270"},{"taxonomy":"post_tag","embeddable":true,"href":"https:\/\/crudelis.fr\/site\/covid1984\/wp-json\/wp\/v2\/tags?post=270"}],"curies":[{"name":"wp","href":"https:\/\/api.w.org\/{rel}","templated":true}]}}