{"id":272,"date":"2020-11-07T11:55:17","date_gmt":"2020-11-07T11:55:17","guid":{"rendered":"https:\/\/covid1984.nohost.me\/blog\/?p=272"},"modified":"2022-08-20T11:09:57","modified_gmt":"2022-08-20T11:09:57","slug":"sanofi-ou-ministere-qui-bloque-la-vente-dhydroxychloroquine","status":"publish","type":"post","link":"https:\/\/crudelis.fr\/site\/covid1984\/2020\/11\/07\/sanofi-ou-ministere-qui-bloque-la-vente-dhydroxychloroquine\/","title":{"rendered":"Sanofi ou Minist\u00e8re : qui bloque la vente d'hydroxychloroquine ?"},"content":{"rendered":"\n<p>Une vid\u00e9o du Pr Didier Raoult, le 3 novembre 2020, pour parler du blocage de la fourniture en hydroxychloroquine, alors que les m\u00e9decins sont \u00e0 nouveau autoris\u00e9s \u00e0 la prescrire.<\/p>\n\n\n\n<!--more-->\n\n\n\n<p><a rel=\"noreferrer noopener\" href=\"https:\/\/www.youtube.com\/watch?v=ngaRgZDENOg\" data-type=\"URL\" data-id=\"https:\/\/www.youtube.com\/watch?v=ngaRgZDENOg\" target=\"_blank\">Youtube - Sanofi ou Minist\u00e8re : qui bloque la vente d'hydroxychloroquine ?<\/a><br><em>8 minutes.<\/em><\/p>\n\n\n\n<hr class=\"wp-block-separator is-style-dots\" \/>\n\n\n\n<blockquote class=\"wp-block-quote is-layout-flow wp-block-quote-is-layout-flow\"><p><em>Quand on traite les gens dans les EHPAD, la mortalit\u00e9 est divis\u00e9e par2.<\/em><\/p><cite>Pr Didier Raoult<\/cite><\/blockquote>\n\n\n\n<blockquote class=\"wp-block-quote is-layout-flow wp-block-quote-is-layout-flow\"><p><em>Il y a maintenant 160 \u00e9tudes sur l'hydroxychloroquine [\u2026]. Il y a un b\u00e9n\u00e9fice dans 64% des cas o\u00f9 il y a un traitement pr\u00e9coce.<\/em><\/p><cite>Pr Didier Raoult<\/cite><\/blockquote>\n","protected":false},"excerpt":{"rendered":"<p>Une vid\u00e9o du Pr Didier Raoult, le 3 novembre 2020, pour parler du blocage de la fourniture en hydroxychloroquine, alors que les m\u00e9decins sont \u00e0 nouveau autoris\u00e9s \u00e0 la prescrire.<\/p>\n","protected":false},"author":2,"featured_media":0,"comment_status":"open","ping_status":"open","sticky":false,"template":"","format":"standard","meta":{"footnotes":""},"categories":[2,77,9,15,18],"tags":[24,29,30,32],"class_list":["post-272","post","type-post","status-publish","format-standard","hentry","category-actualite","category-covid19","category-interview","category-prevention","category-pcr","tag-hydroxychloroquine","tag-seuil-dalerte","tag-pcr","tag-video"],"_links":{"self":[{"href":"https:\/\/crudelis.fr\/site\/covid1984\/wp-json\/wp\/v2\/posts\/272","targetHints":{"allow":["GET"]}}],"collection":[{"href":"https:\/\/crudelis.fr\/site\/covid1984\/wp-json\/wp\/v2\/posts"}],"about":[{"href":"https:\/\/crudelis.fr\/site\/covid1984\/wp-json\/wp\/v2\/types\/post"}],"author":[{"embeddable":true,"href":"https:\/\/crudelis.fr\/site\/covid1984\/wp-json\/wp\/v2\/users\/2"}],"replies":[{"embeddable":true,"href":"https:\/\/crudelis.fr\/site\/covid1984\/wp-json\/wp\/v2\/comments?post=272"}],"version-history":[{"count":1,"href":"https:\/\/crudelis.fr\/site\/covid1984\/wp-json\/wp\/v2\/posts\/272\/revisions"}],"predecessor-version":[{"id":2330,"href":"https:\/\/crudelis.fr\/site\/covid1984\/wp-json\/wp\/v2\/posts\/272\/revisions\/2330"}],"wp:attachment":[{"href":"https:\/\/crudelis.fr\/site\/covid1984\/wp-json\/wp\/v2\/media?parent=272"}],"wp:term":[{"taxonomy":"category","embeddable":true,"href":"https:\/\/crudelis.fr\/site\/covid1984\/wp-json\/wp\/v2\/categories?post=272"},{"taxonomy":"post_tag","embeddable":true,"href":"https:\/\/crudelis.fr\/site\/covid1984\/wp-json\/wp\/v2\/tags?post=272"}],"curies":[{"name":"wp","href":"https:\/\/api.w.org\/{rel}","templated":true}]}}