{"id":278,"date":"2020-11-08T12:05:06","date_gmt":"2020-11-08T12:05:06","guid":{"rendered":"https:\/\/covid1984.nohost.me\/blog\/?p=278"},"modified":"2022-08-20T11:09:56","modified_gmt":"2022-08-20T11:09:56","slug":"la-suede-exemple-defficacite-sanitaire-et-economique-de-la-democratie","status":"publish","type":"post","link":"https:\/\/crudelis.fr\/site\/covid1984\/2020\/11\/08\/la-suede-exemple-defficacite-sanitaire-et-economique-de-la-democratie\/","title":{"rendered":"La Su\u00e8de, exemple d'efficacit\u00e9 sanitaire et \u00e9conomique de la d\u00e9mocratie"},"content":{"rendered":"\n<p>Un article de G\u00e9rard Del\u00e9pine, sur Economie Matin le 28 octobre 2020, pour \u00e9claircir la situation de la Su\u00e8de, souvent montr\u00e9e du doigt pour sa \"mauvaise\" gestion de l'\u00e9pid\u00e9mie.<\/p>\n\n\n\n<!--more-->\n\n\n\n<p><a rel=\"noreferrer noopener\" href=\"http:\/\/www.economiematin.fr\/news-suede-coronavirus-gestion-crise-exemple-democratie-efficacite-delepine\" target=\"_blank\">Economie Matin - La Su\u00e8de, exemple d'efficacit\u00e9 sanitaire et \u00e9conomique de la d\u00e9mocratie<\/a><br><em>Temps de lecture: 17-22 minutes.<\/em><\/p>\n\n\n\n<hr class=\"wp-block-separator has-css-opacity is-style-dots\"\/>\n\n\n\n<blockquote class=\"wp-block-quote is-layout-flow wp-block-quote-is-layout-flow\"><p><em>Ferguson avait pr\u00e9dit que si la Su\u00e8de ne confinait pas, elle compterait 70000 morts de Covid19 (4). La Su\u00e8de n\u2019a pas confin\u00e9. L\u2019\u00e9pid\u00e9mie est termin\u00e9e en Su\u00e8de apr\u00e8s 5922 d\u00e9c\u00e8s comptabilis\u00e9s au 21\/10\/2020 5. Soit une surestimation de 1200%.<\/em><\/p><cite>G\u00e9rard Del\u00e9pine pour Economie Matin<\/cite><\/blockquote>\n\n\n\n<blockquote class=\"wp-block-quote is-layout-flow wp-block-quote-is-layout-flow\"><p><em>Il avait pr\u00e9dit que, si elle confinait, la Belgique limiterait le nombre de ses victimes \u00e0 3300 au 7 mai. La Belgique a confin\u00e9 plus s\u00e9v\u00e8rement que la France et en comptait 8339 le 7 mai (6).<\/em><\/p><cite>G\u00e9rard Del\u00e9pine pour Economie Matin<\/cite><\/blockquote>\n\n\n\n<blockquote class=\"wp-block-quote is-layout-flow wp-block-quote-is-layout-flow\"><p><em>La comparaison du d\u00e9but des \u00e9pid\u00e9mies en Belgique et aux Pays-Bas montre m\u00eame que le confinement belge a acc\u00e9l\u00e9r\u00e9 et aggrav\u00e9 nettement l\u2019\u00e9pid\u00e9mie :<\/em><\/p><cite>G\u00e9rard Del\u00e9pine pour Economie Matin<\/cite><\/blockquote>\n\n\n\n<blockquote class=\"wp-block-quote is-layout-flow wp-block-quote-is-layout-flow\"><p><em>L\u2019OCDE pr\u00e9voit que la France pourrait conna\u00eetre une r\u00e9cession de 11,4 \u00e0 14,1 % de son PIB en 2020 (16). C\u2019est en France que la crise \u00e9conomique pourrait \u00eatre la plus forte du monde.<\/em><\/p><cite>G\u00e9rard Del\u00e9pine pour Economie Matin<\/cite><\/blockquote>\n\n\n\n<blockquote class=\"wp-block-quote is-layout-flow wp-block-quote-is-layout-flow\"><p><em>[\u2026] le premier ministre norv\u00e9gien Erna Solberg vient courageusement de reconna\u00eetre qu\u2019elle aurait d\u00fb suivre l\u2019exemple de ses voisins su\u00e9dois et a regrett\u00e9 publiquement les contraintes sanitaires qu\u2019elle a impos\u00e9es<\/em><\/p><cite>G\u00e9rard Del\u00e9pine pour Economie Matin<\/cite><\/blockquote>\n\n\n\n<blockquote class=\"wp-block-quote is-layout-flow wp-block-quote-is-layout-flow\"><p><em>Les r\u00e9sultats remarquables de Taiwan sur le Covid19 ont montr\u00e9 que la d\u00e9mocratie et la libre circulation des informations sont essentielles pour combattre efficacement l'\u00e9pid\u00e9mie de coronavirus.<\/em><\/p><cite>G\u00e9rard Del\u00e9pine pour Economie Matin<\/cite><\/blockquote>\n\n\n\n<hr class=\"wp-block-separator has-css-opacity is-style-dots\"\/>\n\n\n\n<p>On peut toutefois entendre depuis peu que la Su\u00e8de est \u00e0 pr\u00e9sent dans une situation grave et qu'elle devra revenir sur ses pratiques.<\/p>\n\n\n\n<p><a rel=\"noreferrer noopener\" href=\"https:\/\/www.20minutes.fr\/sante\/2902015-20201105-coronavirus-suede-cap-6000-morts-franchi-jeudi-premier-ministre-confine\" data-type=\"URL\" data-id=\"https:\/\/www.20minutes.fr\/sante\/2902015-20201105-coronavirus-suede-cap-6000-morts-franchi-jeudi-premier-ministre-confine\" target=\"_blank\">20 minutes - Coronavirus en Su\u00e8de&nbsp;: Le cap des 6.000 morts franchi ce jeudi, le Premier ministre confin\u00e9<\/a><br><em>Temps de lecture: 3-4 minutes.<\/em><\/p>\n\n\n\n<blockquote class=\"wp-block-quote is-layout-flow wp-block-quote-is-layout-flow\"><p><em>Apr\u00e8s une premi\u00e8re vague qui s\u2019\u00e9tait traduite par un lourd bilan (plus de 5.000&nbsp;morts), le pays a ensuite eu de bons r\u00e9sultats entre juillet et mi-octobre. Le nombre de cas est depuis remont\u00e9 en fl\u00e8che et la courbe des&nbsp;morts&nbsp;est elle aussi repartie \u00e0 la hausse ces derniers jours.<\/em><\/p><cite>20 Minutes avec AFP<\/cite><\/blockquote>\n\n\n\n<p>Le point de vue fran\u00e7ais semble toutefois ne pas \u00eatre partag\u00e9 par les principaux concern\u00e9s...<\/p>\n\n\n\n<figure class=\"wp-block-table\"><table class=\"has-subtle-pale-pink-background-color has-background\"><tbody><tr><td><em>Pour les articles qui ne sont pas en fran\u00e7ais, vous pouvez utiliser <a rel=\"noreferrer noopener\" href=\"https:\/\/www.deepl.com\/translator\" target=\"_blank\">DeepL<\/a> pour traduire le texte en fran\u00e7ais.<\/em><\/td><\/tr><\/tbody><\/table><\/figure>\n\n\n\n<p><a rel=\"noreferrer noopener\" href=\"https:\/\/www.dw.com\/en\/coronavirus-sweden-keeps-its-laid-back-covid-19-strategy\/a-55531888\" data-type=\"URL\" data-id=\"https:\/\/www.dw.com\/en\/coronavirus-sweden-keeps-its-laid-back-covid-19-strategy\/a-55531888\" target=\"_blank\">dw.com (Deutsche Welle) - Coronavirus: Sweden keeps its laid-back COVID-19 strategy<\/a><br><em>Temps de lecture: 5-6 minutes.<\/em><\/p>\n\n\n\n<blockquote class=\"wp-block-quote is-layout-flow wp-block-quote-is-layout-flow\"><p><em>Sweden, like the rest of Europe, has been experiencing a second wave of the COVID-19 pandemic over the last few weeks. But the country has not wavered in its adherence to the now world-famous Swedish pandemic strategy, which is based on the philosophy that people are more likely to accept restrictions in the long term if an appeal is made to their common sense, than if they are forced to obey.<br>---<br>La Su\u00e8de, comme le reste de l'Europe, a connu une deuxi\u00e8me vague de la pand\u00e9mie COVID-19 au cours des derni\u00e8res semaines. Mais le pays n'a pas faibli dans son adh\u00e9sion \u00e0 la strat\u00e9gie su\u00e9doise de lutte contre la pand\u00e9mie, d\u00e9sormais c\u00e9l\u00e8bre dans le monde entier, qui repose sur la philosophie selon laquelle les gens sont plus susceptibles d'accepter des restrictions \u00e0 long terme si l'on fait appel \u00e0 leur bon sens, plut\u00f4t que s'ils sont contraints d'ob\u00e9ir.<\/em><\/p><cite>David Ehl for dw.com<\/cite><\/blockquote>\n\n\n\n<blockquote class=\"wp-block-quote is-layout-flow wp-block-quote-is-layout-flow\"><p><em>Einhorn doesn't expect Sweden to make fundamental changes to its strategy anytime soon.<br>---<br>Einhorn ne s'attend pas \u00e0 ce que la Su\u00e8de apporte de sit\u00f4t des changements fondamentaux \u00e0 sa strat\u00e9gie.<\/em><\/p><cite>David Ehl for dw.com<\/cite><\/blockquote>\n","protected":false},"excerpt":{"rendered":"<p>Un article de G\u00e9rard Del\u00e9pine, sur Economie Matin le 28 octobre 2020, pour \u00e9claircir la situation de la Su\u00e8de, souvent montr\u00e9e du doigt pour sa \"mauvaise\" gestion de l'\u00e9pid\u00e9mie.<\/p>\n","protected":false},"author":2,"featured_media":0,"comment_status":"open","ping_status":"open","sticky":false,"template":"","format":"standard","meta":{"footnotes":""},"categories":[77,6,17],"tags":[21],"class_list":["post-278","post","type-post","status-publish","format-standard","hentry","category-covid19","category-democratie","category-ressources","tag-confinement"],"_links":{"self":[{"href":"https:\/\/crudelis.fr\/site\/covid1984\/wp-json\/wp\/v2\/posts\/278","targetHints":{"allow":["GET"]}}],"collection":[{"href":"https:\/\/crudelis.fr\/site\/covid1984\/wp-json\/wp\/v2\/posts"}],"about":[{"href":"https:\/\/crudelis.fr\/site\/covid1984\/wp-json\/wp\/v2\/types\/post"}],"author":[{"embeddable":true,"href":"https:\/\/crudelis.fr\/site\/covid1984\/wp-json\/wp\/v2\/users\/2"}],"replies":[{"embeddable":true,"href":"https:\/\/crudelis.fr\/site\/covid1984\/wp-json\/wp\/v2\/comments?post=278"}],"version-history":[{"count":1,"href":"https:\/\/crudelis.fr\/site\/covid1984\/wp-json\/wp\/v2\/posts\/278\/revisions"}],"predecessor-version":[{"id":2123,"href":"https:\/\/crudelis.fr\/site\/covid1984\/wp-json\/wp\/v2\/posts\/278\/revisions\/2123"}],"wp:attachment":[{"href":"https:\/\/crudelis.fr\/site\/covid1984\/wp-json\/wp\/v2\/media?parent=278"}],"wp:term":[{"taxonomy":"category","embeddable":true,"href":"https:\/\/crudelis.fr\/site\/covid1984\/wp-json\/wp\/v2\/categories?post=278"},{"taxonomy":"post_tag","embeddable":true,"href":"https:\/\/crudelis.fr\/site\/covid1984\/wp-json\/wp\/v2\/tags?post=278"}],"curies":[{"name":"wp","href":"https:\/\/api.w.org\/{rel}","templated":true}]}}