{"id":391,"date":"2020-11-12T15:08:29","date_gmt":"2020-11-12T15:08:29","guid":{"rendered":"https:\/\/covid1984.nohost.me\/blog\/?p=391"},"modified":"2022-09-12T09:12:25","modified_gmt":"2022-09-12T09:12:25","slug":"hold-up-le-documentaire-choc-informations-complementaires-1ere-partie","status":"publish","type":"post","link":"https:\/\/crudelis.fr\/site\/covid1984\/2020\/11\/12\/hold-up-le-documentaire-choc-informations-complementaires-1ere-partie\/","title":{"rendered":"Hold-Up, le documentaire choc. Informations compl\u00e9mentaires. (1\u00e8re partie)"},"content":{"rendered":"\n<p>Alors que le documentaire <a href=\"https:\/\/crudelis.fr\/site\/covid1984\/2020\/11\/11\/hold-up-le-documentaire-a-voir-pour-comprendre-ce-quil-se-passe\/\" data-type=\"URL\" data-id=\"https:\/\/crudelis.fr\/site\/covid1984\/2020\/11\/11\/hold-up-le-documentaire-a-voir-pour-comprendre-ce-quil-se-passe\/\" target=\"_blank\" rel=\"noreferrer noopener\">Hold-Up<\/a> vient de sortir, expliquant de tr\u00e8s nombreuses choses sur la crise du covid. Certaines informations r\u00e9v\u00e9l\u00e9es m\u00e9ritent qu'on s'y attarde.<\/p>\n\n\n\n<!--more-->\n\n\n\n<figure class=\"wp-block-table\"><table class=\"has-subtle-pale-pink-background-color has-background\"><tbody><tr><td><em>Pour les articles qui ne sont pas en fran\u00e7ais, vous pouvez utiliser <a rel=\"noreferrer noopener\" href=\"https:\/\/www.deepl.com\/translator\" target=\"_blank\">DeepL<\/a> pour traduire le texte en fran\u00e7ais.<\/em><\/td><\/tr><\/tbody><\/table><\/figure>\n\n\n\n<ul class=\"wp-block-list\" id=\"1\"><li><strong>Neil Ferguson aurait pr\u00e9dit des millions de morts en 2009<\/strong><\/li><\/ul>\n\n\n\n<p>Le probl\u00e8me reste toujours le m\u00eame, ces projections ne semble pas \u00eatre publiquement accessibles. Que ce soit pour le covid-19, la grippe H1N1 ou la grippe aviaire, ces donn\u00e9es sont extr\u00eamement difficile \u00e0 trouver.<\/p>\n\n\n\n<p>A propos de la grippe H1N1 de 2009, on trouvera cette affirmation de Neil Ferguson<\/p>\n\n\n\n<blockquote class=\"wp-block-quote is-layout-flow wp-block-quote-is-layout-flow\"><p><em>\"I am not predicting three million to four million [deaths]. That was what happened in 1957. The world is a very different place today. There are more people in the world, but there is also a much better healthcare system. We have drugs and vaccines, particularly in developed countries, which should markedly reduce the burdens of the disease.\"<\/em><br>---<br><em>\"Je ne pr\u00e9vois pas trois \u00e0 quatre millions [de d\u00e9c\u00e8s]. C'est ce qui s'est pass\u00e9 en 1957. Le monde est tr\u00e8s diff\u00e9rent aujourd'hui. Il y a plus de gens dans le monde, mais il y a aussi un bien meilleur syst\u00e8me de sant\u00e9. Nous disposons de m\u00e9dicaments et de vaccins, en particulier dans les pays d\u00e9velopp\u00e9s, qui devraient r\u00e9duire sensiblement le fardeau de la maladie\".<\/em><\/p><cite><a rel=\"noreferrer noopener\" href=\"https:\/\/www.theguardian.com\/world\/2009\/may\/12\/swine-flu-report-pandemic-predicted\" target=\"_blank\">The Guardian<\/a><\/cite><\/blockquote>\n\n\n\n<p>Ce que nous savons en revanche, c'est le nombre de morts effectif pour cette grippe, 18036 morts dans le monde. (<a href=\"https:\/\/web.archive.org\/web\/20210605012451\/https:\/\/www.who.int\/csr\/don\/2010_05_14\/en\/\" data-type=\"URL\" data-id=\"https:\/\/web.archive.org\/web\/20210605012451\/https:\/\/www.who.int\/csr\/don\/2010_05_14\/en\/\" target=\"_blank\" rel=\"noreferrer noopener\">source<\/a>)<\/p>\n\n\n\n<p>Mais puisque Neil Ferguson est souvent d\u00e9nonc\u00e9 pour ses projections, quelques chiffres sont \u00e0 conna\u00eetre.<\/p>\n\n\n\n<ul class=\"wp-block-list\"><li>Pour la maladie dite de la vache folle, il avait pr\u00e9dit 150,000 morts (<a rel=\"noreferrer noopener\" href=\"https:\/\/www.theguardian.com\/education\/2002\/jan\/09\/research.highereducation\" data-type=\"URL\" data-id=\"https:\/\/www.theguardian.com\/education\/2002\/jan\/09\/research.highereducation\" target=\"_blank\">source<\/a>), il y a actuellement moins de 250 morts... (<a rel=\"noreferrer noopener\" href=\"https:\/\/en.wikipedia.org\/wiki\/Variant_Creutzfeldt%E2%80%93Jakob_disease\" data-type=\"URL\" data-id=\"https:\/\/en.wikipedia.org\/wiki\/Variant_Creutzfeldt%E2%80%93Jakob_disease\" target=\"_blank\">source<\/a>)<\/li><li>Lors de la grippe aviaire, il avait pr\u00e9dit 200 millions de morts (<a rel=\"noreferrer noopener\" href=\"https:\/\/www.theguardian.com\/world\/2005\/sep\/30\/birdflu.jamessturcke\" data-type=\"URL\" data-id=\"https:\/\/www.theguardian.com\/world\/2005\/sep\/30\/birdflu.jamessturcke\" target=\"_blank\">source<\/a>). L'information est disparate, mais il semblerais que le nombre de mort soit, entre 2003 et 2006, de 335 (<a rel=\"noreferrer noopener\" href=\"https:\/\/apps.who.int\/iris\/handle\/10665\/233137\" data-type=\"URL\" data-id=\"https:\/\/apps.who.int\/iris\/handle\/10665\/233137\" target=\"_blank\">source<\/a>).<\/li><\/ul>\n\n\n\n<p>Concernant le covid, on a souvent entendu qu'il avait pr\u00e9dit presque 100 000 morts en Su\u00e8de si le pays ne confinait pas. Ce n'est pas tout \u00e0 fait exact, au regard des documents disponibles.<\/p>\n\n\n\n<p>Neil Ferguson a pr\u00e9dit 510 000 morts au Royaume-Uni et 2.2 millions aux \u00c9tats-Unis (<a rel=\"noreferrer noopener\" href=\"https:\/\/www.imperial.ac.uk\/media\/imperial-college\/medicine\/sph\/ide\/gida-fellowships\/Imperial-College-COVID19-NPI-modelling-16-03-2020.pdf\" data-type=\"URL\" data-id=\"https:\/\/www.imperial.ac.uk\/media\/imperial-college\/medicine\/sph\/ide\/gida-fellowships\/Imperial-College-COVID19-NPI-modelling-16-03-2020.pdf\" target=\"_blank\">source<\/a>). Actuellement 50 000 au Royaume-Uni et 240 000 aux \u00c9tats-Unis...<\/p>\n\n\n\n<p>A partir du mod\u00e8le de pr\u00e9diction de Neil Ferguson, des scientifiques (mais manifestement pas lui) ont \u00e9tabli une projection pour la Su\u00e8de. Celle-ci pr\u00e9dit 96 000 morts en Su\u00e8de sans confinement (<a rel=\"noreferrer noopener\" href=\"https:\/\/www.medrxiv.org\/content\/10.1101\/2020.04.11.20062133v1.full.pdf\" data-type=\"URL\" data-id=\"https:\/\/www.medrxiv.org\/content\/10.1101\/2020.04.11.20062133v1.full.pdf\" target=\"_blank\">source<\/a>). La Su\u00e8de compte 6000 morts et n'a pas confin\u00e9 sa population...<\/p>\n\n\n\n<p>Concernant la France, d'apr\u00e8s Le Monde, l'estimation \u00e9tait de 300 000 \u00e0 500 000 morts (<a rel=\"noreferrer noopener\" href=\"https:\/\/www.lemonde.fr\/planete\/article\/2020\/03\/15\/coronavirus-les-simulations-alarmantes-des-epidemiologistes-pour-la-france_6033149_3244.html\" data-type=\"URL\" data-id=\"https:\/\/www.lemonde.fr\/planete\/article\/2020\/03\/15\/coronavirus-les-simulations-alarmantes-des-epidemiologistes-pour-la-france_6033149_3244.html\" target=\"_blank\">source<\/a>).<\/p>\n\n\n\n<hr class=\"wp-block-separator has-css-opacity is-style-dots\"\/>\n\n\n\n<ul class=\"wp-block-list\" id=\"2\"><li><strong>La tuberculose tue plus que le covid ?<\/strong><\/li><\/ul>\n\n\n\n<p>Il est inutile de chercher loin pour trouver cette information, juste sur la page wikipedia de la maladie.<\/p>\n\n\n\n<blockquote class=\"wp-block-quote is-layout-flow wp-block-quote-is-layout-flow\"><p><em>La tuberculose [...] arrive en t\u00eate des causes de mortalit\u00e9 d'origine infectieuse \u00e0 l\u2019\u00e9chelle mondiale, devant le sida.<\/em><\/p><cite><a href=\"https:\/\/fr.wikipedia.org\/wiki\/Tuberculose\" data-type=\"URL\" data-id=\"https:\/\/fr.wikipedia.org\/wiki\/Tuberculose\" target=\"_blank\" rel=\"noreferrer noopener\">Wikipedia<\/a><\/cite><\/blockquote>\n\n\n\n<blockquote class=\"wp-block-quote is-layout-flow wp-block-quote-is-layout-flow\"><p><em>1,5&nbsp;million de personnes sont mortes de la tuberculose en 2018<\/em><\/p><cite><a rel=\"noreferrer noopener\" href=\"https:\/\/fr.wikipedia.org\/wiki\/Tuberculose\" target=\"_blank\">Wikipedia<\/a><\/cite><\/blockquote>\n\n\n\n<hr class=\"wp-block-separator has-css-opacity is-style-dots\"\/>\n\n\n\n<ul class=\"wp-block-list\" id=\"3\"><li><strong>Le Canada construirait des camps pour isoler les malades du covid ?<\/strong><\/li><\/ul>\n\n\n\n<p>Bien que \u00e7a ressemble \u00e0 de la mauvaise science fiction, c'est vrai.<br>Bien entendu, les camps sont destin\u00e9s \u00e0 ceux qui voudrait volontairement s'y rendre. Pour leur bien...<\/p>\n\n\n\n<p><a rel=\"noreferrer noopener\" href=\"https:\/\/www.cbc.ca\/news\/canada\/toronto\/self-isolate-centre-toronto-1.5720809\" data-type=\"URL\" data-id=\"https:\/\/www.cbc.ca\/news\/canada\/toronto\/self-isolate-centre-toronto-1.5720809\" target=\"_blank\">cbc.ca - Toronto to open first-of-its-kind centre for those with COVID-19 who can't self-isolate at home<\/a><\/p>\n\n\n\n<hr class=\"wp-block-separator has-css-opacity is-style-dots\"\/>\n\n\n\n<ul class=\"wp-block-list\" id=\"4\"><li><strong>Seulement 7 morts sur les 3700 passagers du Diamond Princess ?<\/strong><\/li><\/ul>\n\n\n\n<p>Si les chiffres sont globalement juste, le nombre de morts ne l'est pas tout \u00e0 fait.<\/p>\n\n\n\n<ul class=\"wp-block-list\"><li>Le bateau comptait 3711 passagers.<\/li><li>20% d'entre eux ont \u00e9t\u00e9 infect\u00e9s, soit 712 exactement.<\/li><li><strong>14<\/strong> d'entre eux sont d\u00e9c\u00e9d\u00e9s, ag\u00e9s de 60 \u00e0 87 ans. Il est toutefois \u00e0 noter que <strong>7<\/strong> d'entre eux sont d\u00e9c\u00e9d\u00e9s <strong>apr\u00e8s<\/strong> d\u00e9sembarquement du navire.<\/li><li>Il faut \u00e9galement consid\u00e9rer que la moyenne d'\u00e2ge des passagers du bateau \u00e9tait de 70 ans.<\/li><\/ul>\n\n\n\n<p><a href=\"https:\/\/en.wikipedia.org\/wiki\/COVID-19_pandemic_on_Diamond_Princess\" data-type=\"URL\" data-id=\"https:\/\/en.wikipedia.org\/wiki\/COVID-19_pandemic_on_Diamond_Princess\" target=\"_blank\" rel=\"noreferrer noopener\">source<\/a><\/p>\n\n\n\n<hr class=\"wp-block-separator has-css-opacity is-style-dots\"\/>\n\n\n\n<ul class=\"wp-block-list\" id=\"5\"><li><strong>L'OMS a-t-elle interdit les autopsies ?<\/strong><\/li><\/ul>\n\n\n\n<p>Au regard des informations publiques et officielles, non, l'OMS n'a pas interdit les autopsies. Seulement \u00e9mise des recommandations sur les pr\u00e9cautions \u00e0 prendre pour les pratiquer.<\/p>\n\n\n\n<p><a rel=\"noreferrer noopener\" href=\"https:\/\/apps.who.int\/iris\/bitstream\/handle\/10665\/331672\/WHO-COVID-19-lPC_DBMgmt-2020.1-fre.pdf\" data-type=\"URL\" data-id=\"https:\/\/apps.who.int\/iris\/bitstream\/handle\/10665\/331672\/WHO-COVID-19-lPC_DBMgmt-2020.1-fre.pdf\" target=\"_blank\">World Health Organization - Conduite \u00e0 tenir en mati\u00e8re de lutte anti-infectieuse pour la prise en charge s\u00e9curis\u00e9e du corps d\u2019une personne d\u00e9c\u00e9d\u00e9e dans le contexte de la COVID-19<\/a><\/p>\n\n\n\n<blockquote class=\"wp-block-quote is-layout-flow wp-block-quote-is-layout-flow\"><p><em>S\u2019il est pris la d\u00e9cision d\u2019autopsier un corps pr\u00e9sum\u00e9 ou confirm\u00e9 infect\u00e9 par le virus de la COVID-19, les \u00e9tablissements de sant\u00e9 doivent v\u00e9rifier que les mesures de s\u00e9curit\u00e9 sont en place pour prot\u00e9ger les personnes qui pratiqueront l\u2019autopsie<\/em><\/p><cite>OMS<\/cite><\/blockquote>\n\n\n\n<p>En revanche, si la France ne l'interdit pas non plus, elle le rend techniquement impossible en obligeant \u00e0 une mise en bi\u00e8re imm\u00e9diate.<\/p>\n\n\n\n<p><a rel=\"noreferrer noopener\" href=\"https:\/\/solidarites-sante.gouv.fr\/IMG\/pdf\/faq-funeraire-covid-19.pdf\" data-type=\"URL\" data-id=\"https:\/\/solidarites-sante.gouv.fr\/IMG\/pdf\/faq-funeraire-covid-19.pdf\" target=\"_blank\">solidarites-sante.gouv.fr - FOIRE AUX QUESTIONS : FUNERAIRE COVID-19<\/a><\/p>\n\n\n\n<blockquote class=\"wp-block-quote is-layout-flow wp-block-quote-is-layout-flow\"><p>[...] mise en bi\u00e8re imm\u00e9diate du corps d\u2019un patient d\u00e9c\u00e9d\u00e9, cas confirm\u00e9 ou cas probable du COVID-19 [...]<\/p><cite>solidarites-sante.gouv.fr<\/cite><\/blockquote>\n\n\n\n<hr class=\"wp-block-separator has-css-opacity is-style-dots\"\/>\n\n\n\n<ul class=\"wp-block-list\" id=\"6\"><li><strong>Un rapport du s\u00e9nat sur la grippe H1N1, publiquement accessible ?<\/strong><\/li><\/ul>\n\n\n\n<p>Disponible ici:<br><a rel=\"noreferrer noopener\" href=\"https:\/\/www.senat.fr\/rap\/r09-685-1\/r09-685-10.html\" data-type=\"URL\" data-id=\"https:\/\/www.senat.fr\/rap\/r09-685-1\/r09-685-10.html\" target=\"_blank\">senat.fr - La grippe A (H1N1)v : Retours sur \u00ab la premi\u00e8re pand\u00e9mie du XXIe si\u00e8cle \u00bb (rapport)<\/a><\/p>\n\n\n\n<p>L'introduction est tr\u00e8s int\u00e9ressante, mais je n'ai pas eu le courage de lire les 163 pages du rapport...<\/p>\n\n\n\n<hr class=\"wp-block-separator has-css-opacity is-style-dots\"\/>\n\n\n\n<ul class=\"wp-block-list\" id=\"7\"><li><strong>Dr Zhong d\u00e9montre l'efficacit\u00e9 de la chloroquine dans le traitement du covid ?<\/strong><\/li><\/ul>\n\n\n\n<p>Le Dr Zhong Nanshan a en effet publi\u00e9, le 4 mai 2020, une \u00e9tude d\u00e9montrant l'efficacit\u00e9 du traitement \u00e0 la chloroquine (<a rel=\"noreferrer noopener\" href=\"https:\/\/www.medrxiv.org\/content\/10.1101\/2020.04.26.20081059v1\" data-type=\"URL\" data-id=\"https:\/\/www.medrxiv.org\/content\/10.1101\/2020.04.26.20081059v1\" target=\"_blank\">source<\/a>).<\/p>\n\n\n\n<hr class=\"wp-block-separator has-css-opacity is-style-dots\"\/>\n\n\n\n<ul class=\"wp-block-list\" id=\"8\"><li><strong>Des sympt\u00f4mes similaire au covid en mars\/avril 2019 aux \u00c9tats-Unis ?<\/strong><\/li><\/ul>\n\n\n\n<p>Il s'agit de cet <a rel=\"noreferrer noopener\" href=\"https:\/\/blogs.mediapart.fr\/mohamed-sangare\/blog\/050520\/investigation-covid19-la-remarquable-et-peut-etre-fortuite-coincidence\" data-type=\"URL\" data-id=\"https:\/\/blogs.mediapart.fr\/mohamed-sangare\/blog\/050520\/investigation-covid19-la-remarquable-et-peut-etre-fortuite-coincidence\" target=\"_blank\">article de mediapart<\/a> qui relate diff\u00e9rentes survenues de maladies ressemblant au covid durant l'ann\u00e9e 2019 aux \u00c9tats-Unis.<\/p>\n\n\n\n<p>C'est pour le moins surprenant, on peux en convenir, \u00e7a ne permet pas de tirer de quelconques conclusions, mais \u00e7a fait r\u00e9fl\u00e9chir...<\/p>\n\n\n\n<hr class=\"wp-block-separator has-css-opacity is-style-default\"\/>\n\n\n\n<p>Il y a d'autres points que je souhaite \u00e9claircir, ils feront l'objet d'un prochain article.<br>La suite est d\u00e9sormais disponible ici : <a href=\"https:\/\/crudelis.fr\/site\/covid1984\/2020\/11\/13\/hold-up-le-documentaire-choc-informations-complementaires-2e-partie\/\" data-type=\"URL\" data-id=\"https:\/\/crudelis.fr\/site\/covid1984\/2020\/11\/13\/hold-up-le-documentaire-choc-informations-complementaires-2e-partie\/\">Hold-Up, le documentaire choc. Informations compl\u00e9mentaires. (2e partie)<\/a><\/p>\n","protected":false},"excerpt":{"rendered":"<p>Alors que le documentaire Hold-Up vient de sortir, expliquant de tr\u00e8s nombreuses choses sur la crise du covid. Certaines informations r\u00e9v\u00e9l\u00e9es m\u00e9ritent qu'on s'y attarde.<\/p>\n","protected":false},"author":2,"featured_media":0,"comment_status":"open","ping_status":"open","sticky":false,"template":"","format":"standard","meta":{"footnotes":""},"categories":[4,77,7,8,12],"tags":[24],"class_list":["post-391","post","type-post","status-publish","format-standard","hentry","category-analyse","category-covid19","category-documentaire","category-hold-up","category-mortalite","tag-hydroxychloroquine"],"_links":{"self":[{"href":"https:\/\/crudelis.fr\/site\/covid1984\/wp-json\/wp\/v2\/posts\/391","targetHints":{"allow":["GET"]}}],"collection":[{"href":"https:\/\/crudelis.fr\/site\/covid1984\/wp-json\/wp\/v2\/posts"}],"about":[{"href":"https:\/\/crudelis.fr\/site\/covid1984\/wp-json\/wp\/v2\/types\/post"}],"author":[{"embeddable":true,"href":"https:\/\/crudelis.fr\/site\/covid1984\/wp-json\/wp\/v2\/users\/2"}],"replies":[{"embeddable":true,"href":"https:\/\/crudelis.fr\/site\/covid1984\/wp-json\/wp\/v2\/comments?post=391"}],"version-history":[{"count":2,"href":"https:\/\/crudelis.fr\/site\/covid1984\/wp-json\/wp\/v2\/posts\/391\/revisions"}],"predecessor-version":[{"id":2526,"href":"https:\/\/crudelis.fr\/site\/covid1984\/wp-json\/wp\/v2\/posts\/391\/revisions\/2526"}],"wp:attachment":[{"href":"https:\/\/crudelis.fr\/site\/covid1984\/wp-json\/wp\/v2\/media?parent=391"}],"wp:term":[{"taxonomy":"category","embeddable":true,"href":"https:\/\/crudelis.fr\/site\/covid1984\/wp-json\/wp\/v2\/categories?post=391"},{"taxonomy":"post_tag","embeddable":true,"href":"https:\/\/crudelis.fr\/site\/covid1984\/wp-json\/wp\/v2\/tags?post=391"}],"curies":[{"name":"wp","href":"https:\/\/api.w.org\/{rel}","templated":true}]}}