{"id":410,"date":"2020-11-14T00:16:44","date_gmt":"2020-11-14T00:16:44","guid":{"rendered":"https:\/\/covid1984.nohost.me\/blog\/?p=410"},"modified":"2022-09-12T09:17:13","modified_gmt":"2022-09-12T09:17:13","slug":"hold-up-le-documentaire-choc-informations-complementaires-3e-partie","status":"publish","type":"post","link":"https:\/\/crudelis.fr\/site\/covid1984\/2020\/11\/14\/hold-up-le-documentaire-choc-informations-complementaires-3e-partie\/","title":{"rendered":"Hold-Up, le documentaire choc. Informations compl\u00e9mentaires. (3e partie)"},"content":{"rendered":"\n<p>Faisant suite \u00e0 la <a rel=\"noreferrer noopener\" href=\"https:\/\/crudelis.fr\/site\/covid1984\/2020\/11\/12\/hold-up-le-documentaire-choc-informations-complementaires-1ere-partie\/\" target=\"_blank\" data-type=\"URL\" data-id=\"https:\/\/crudelis.fr\/site\/covid1984\/2020\/11\/12\/hold-up-le-documentaire-choc-informations-complementaires-1ere-partie\/\">premi\u00e8re<\/a> et <a rel=\"noreferrer noopener\" href=\"https:\/\/crudelis.fr\/site\/covid1984\/2020\/11\/13\/hold-up-le-documentaire-choc-informations-complementaires-2e-partie\/\" target=\"_blank\" data-type=\"URL\" data-id=\"https:\/\/crudelis.fr\/site\/covid1984\/2020\/11\/13\/hold-up-le-documentaire-choc-informations-complementaires-2e-partie\/\">deuxi\u00e8me v\u00e9rification d'informations<\/a> suite \u00e0 la sortie du documentaire <a rel=\"noreferrer noopener\" href=\"https:\/\/crudelis.fr\/site\/covid1984\/2020\/11\/11\/hold-up-le-documentaire-a-voir-pour-comprendre-ce-quil-se-passe\/\" target=\"_blank\">Hold-Up<\/a>. Voil\u00e0 encore d'autres informations pass\u00e9es au peigne fin.<\/p>\n\n\n\n<!--more-->\n\n\n\n<figure class=\"wp-block-table\"><table class=\"has-subtle-pale-pink-background-color has-background\"><tbody><tr><td><em>Pour les articles qui ne sont pas en fran\u00e7ais, vous pouvez utiliser <a rel=\"noreferrer noopener\" href=\"https:\/\/www.deepl.com\/translator\" target=\"_blank\">DeepL<\/a> pour traduire le texte en fran\u00e7ais.<\/em><\/td><\/tr><\/tbody><\/table><\/figure>\n\n\n\n<ul class=\"wp-block-list\" id=\"1\"><li><strong>Est-ce que Anthony Fauci savait depuis 2005 que l'Hydroxychloroquine \u00e9tait efficace ?<\/strong><\/li><\/ul>\n\n\n\n<p>Ce n'est pas tout \u00e0 fait exact d'affirmer que c'est lui qui en est \u00e0 l'origine, mais il semble toutefois difficile de croire qu'il ne savait pas.<\/p>\n\n\n\n<p>Cette rumeur vient \u00e0 l'origine de cette publication:<br><a rel=\"noreferrer noopener\" href=\"https:\/\/pubmed.ncbi.nlm.nih.gov\/16115318\/\" data-type=\"URL\" data-id=\"https:\/\/pubmed.ncbi.nlm.nih.gov\/16115318\/\" target=\"_blank\">National Library of Medicine - Chloroquine is a potent inhibitor of SARS coronavirus infection and spread<\/a><\/p>\n\n\n\n<p>La conclusion en est claire:<\/p>\n\n\n\n<blockquote class=\"wp-block-quote is-layout-flow wp-block-quote-is-layout-flow\"><p><em>Chloroquine is effective in preventing the spread of SARS CoV in cell culture. Favorable inhibition of virus spread was observed when the cells were either treated with chloroquine prior to or after SARS CoV infection.<br>---<br>La chloroquine est efficace pour pr\u00e9venir la propagation du SARS CoV en culture cellulaire. Une inhibition favorable de la propagation du virus a \u00e9t\u00e9 observ\u00e9e lorsque les cellules ont \u00e9t\u00e9 trait\u00e9es \u00e0 la chloroquine avant ou apr\u00e8s l'infection par le SARS CoV.<\/em><\/p><cite>National Library of Medicine<\/cite><\/blockquote>\n\n\n\n<p>Cette publication a \u00e9t\u00e9 faite dans le National Institutes of Health (NIH), qui comporte 27 instituts diff\u00e9rents (<a rel=\"noreferrer noopener\" href=\"https:\/\/en.wikipedia.org\/wiki\/National_Institutes_of_Health#Institutes_and_centers\" data-type=\"URL\" data-id=\"https:\/\/en.wikipedia.org\/wiki\/National_Institutes_of_Health#Institutes_and_centers\" target=\"_blank\">source<\/a>) dont un seul concerne les maladies infectieuses.<br>Or, depuis 1984, Anthony Fauci est le directeur de l'institut des maladies infectieuses du NIH (<a rel=\"noreferrer noopener\" href=\"https:\/\/www.niaid.nih.gov\/about\/director\" data-type=\"URL\" data-id=\"https:\/\/www.niaid.nih.gov\/about\/director\" target=\"_blank\">source<\/a>).<\/p>\n\n\n\n<p>Anthony Fauci n'est pas \u00e0 l'origine de cette publication, il semble toutefois douteux qu'il ait pu l'ignorer, puisque \u00e7a concernait son domaine d'application.<\/p>\n\n\n\n<p>Une autre assertion, pour contredire ce fait, est d'affirmer que cette \u00e9tude concernait la chloroquine et non l'hydroxychloroquine (ce qui est exact). Il convient toutefois de v\u00e9rifier la diff\u00e9rence entre les 2 mol\u00e9cules.<\/p>\n\n\n\n<p>L'hydroxychloroquine a pour formule C<sub>18<\/sub>H<sub>26<\/sub>ClN<sub>3<\/sub>O<br>La chloroquine a pour formule C<sub>18<\/sub>H<sub>26<\/sub>ClN<sub>3<\/sub><\/p>\n\n\n\n<p>Nul doute que l'oxyg\u00e8ne peut changer les choses, mais \u00e7a reste globalement la m\u00eame mol\u00e9cule.<br>Les 2 m\u00e9dicaments sont d'ailleurs utilis\u00e9s selon les m\u00eames prescriptions: <a rel=\"noreferrer noopener\" href=\"https:\/\/www.vidal.fr\/substances\/6727\/chloroquine\/\" data-type=\"URL\" data-id=\"https:\/\/www.vidal.fr\/substances\/6727\/chloroquine\/\" target=\"_blank\">Chloroquine<\/a>, <a rel=\"noreferrer noopener\" href=\"https:\/\/www.vidal.fr\/substances\/15583\/hydroxychloroquine\/\" data-type=\"URL\" data-id=\"https:\/\/www.vidal.fr\/substances\/15583\/hydroxychloroquine\/\" target=\"_blank\">Hydroxychloroquine<\/a>.<\/p>\n\n\n\n<hr class=\"wp-block-separator has-css-opacity is-style-dots\"\/>\n\n\n\n<ul class=\"wp-block-list\" id=\"2\"><li><strong>Est-il vrai qu'au d\u00e9but de la crise du covid, il n'y avait aucun traitement autre que l'hydroxychloroquine ?<\/strong><\/li><\/ul>\n\n\n\n<p>Dans le documentaire, le Dr Gonzague Retournay affirme qu'il n'y avait rien d'autre que le protocole Raoult pour traiter le covid.<\/p>\n\n\n\n<ul class=\"wp-block-list\"><li>Le Lopinavir s'est effectivement montr\u00e9 inefficace (<a rel=\"noreferrer noopener\" href=\"https:\/\/www.pourquoidocteur.fr\/Articles\/Question-d-actu\/34036-Coronavirus-traitement-lopinavir-ritonavir-juge-inefficace\" data-type=\"URL\" data-id=\"https:\/\/www.pourquoidocteur.fr\/Articles\/Question-d-actu\/34036-Coronavirus-traitement-lopinavir-ritonavir-juge-inefficace\" target=\"_blank\">source<\/a>).<\/li><li>Le Remdesivir \u00e9tait effectivement indisponible, puisque son autorisation de mise sur le march\u00e9 date du 3 juillet 2020 (<a rel=\"noreferrer noopener\" href=\"https:\/\/www.ema.europa.eu\/en\/medicines\/human\/EPAR\/veklury\" data-type=\"URL\" data-id=\"https:\/\/www.ema.europa.eu\/en\/medicines\/human\/EPAR\/veklury\" target=\"_blank\">source<\/a>). Et on apprendra plus tard que le Remdesivir est \u00e9galement inefficace (<a rel=\"noreferrer noopener\" href=\"https:\/\/sfpt-fr.org\/covid19-foire-aux-questions\/1315-163-qu-est-ce-que-le-remdesivir-est-il-efficace-pour-traiter-le-covid-19\" target=\"_blank\">source<\/a>).<\/li><li>Hors le \"protocole Raoult\", hydroxychloroquine et azithromycine \u00e9tait alors un protocole reconnu comme potentiellement efficace (<a href=\"https:\/\/www.europe1.fr\/politique\/coronavirus-macron-assure-que-didier-raoult-est-un-grand-scientifique-sa-bi-therapie-doit-etre-testee-3962021\" target=\"_blank\" rel=\"noreferrer noopener\">source<\/a>).<\/li><\/ul>\n\n\n\n<hr class=\"wp-block-separator has-css-opacity is-style-dots\"\/>\n\n\n\n<ul class=\"wp-block-list\" id=\"3\"><li><strong>Karine Lacombe aurait des liens avec l'industrie pharmaceutique ?<\/strong><\/li><\/ul>\n\n\n\n<p>L'information n'est pas difficile \u00e0 trouver. Pour les plus courageux, il est possible d'aller directement \u00e0 la source, la <a href=\"https:\/\/www.transparence.sante.gouv.fr\/pages\/rechercheavancee\/\" data-type=\"URL\" data-id=\"https:\/\/www.transparence.sante.gouv.fr\/pages\/rechercheavancee\/\" target=\"_blank\" rel=\"noreferrer noopener\">Base Transparence Sant\u00e9<\/a> mise \u00e0 disposition par le gouvernement.<br>Le site est assez peu ergonomique, mais il permet de trouver les informations.<br>Pour les moins courageux, il y a <a rel=\"noreferrer noopener\" href=\"https:\/\/transparence-sante.covidinfos.net\/\" data-type=\"URL\" data-id=\"https:\/\/transparence-sante.covidinfos.net\/\" target=\"_blank\"><s>L'explorateur des liens d'int\u00e9r\u00eats<\/s><\/a> propos\u00e9 par covidinfos.net, l'ergonomie y est beaucoup plus simple.<\/p>\n\n\n\n<p>Il faut toutefois ce m\u00e9fier des homonymes qui peuvent perturber la lecture et en particulier le total.<\/p>\n\n\n\n<p>Il n'en demeure pas moins que les donn\u00e9es sont librement accessible et on peut constater que les 3 entreprises ayant versant les sommes les plus importantes sont toutes les 3 des laboratoires pharmaceutiques. <a rel=\"noreferrer noopener\" href=\"https:\/\/fr.wikipedia.org\/wiki\/Merck_%26_Co.\" data-type=\"URL\" data-id=\"https:\/\/fr.wikipedia.org\/wiki\/Merck_%26_Co.\" target=\"_blank\">MSD<\/a>, <a rel=\"noreferrer noopener\" href=\"https:\/\/fr.wikipedia.org\/wiki\/AbbVie\" data-type=\"URL\" data-id=\"https:\/\/fr.wikipedia.org\/wiki\/AbbVie\" target=\"_blank\">AbbVie<\/a>, <a rel=\"noreferrer noopener\" href=\"https:\/\/fr.wikipedia.org\/wiki\/Gilead_Sciences\" data-type=\"URL\" data-id=\"https:\/\/fr.wikipedia.org\/wiki\/Gilead_Sciences\" target=\"_blank\">Gilead Sciences<\/a>.<\/p>\n\n\n\n<p>Les suivants sur la liste ne sont pas en reste, <a rel=\"noreferrer noopener\" href=\"https:\/\/fr.wikipedia.org\/wiki\/Johnson_%26_Johnson\" data-type=\"URL\" data-id=\"https:\/\/fr.wikipedia.org\/wiki\/Johnson_%26_Johnson\" target=\"_blank\">Johnson &amp; Johnson<\/a>, <a rel=\"noreferrer noopener\" href=\"https:\/\/fr.wikipedia.org\/wiki\/Bristol-Myers_Squibb\" data-type=\"URL\" data-id=\"https:\/\/fr.wikipedia.org\/wiki\/Bristol-Myers_Squibb\" target=\"_blank\">Bristol-Myers Squibb<\/a>, <a rel=\"noreferrer noopener\" href=\"https:\/\/en.wikipedia.org\/wiki\/ViiV_Healthcare\" data-type=\"URL\" data-id=\"https:\/\/en.wikipedia.org\/wiki\/ViiV_Healthcare\" target=\"_blank\">ViiV Healthcare<\/a>, ...<\/p>\n\n\n\n<p>Et effectivement, Gilead, 3e sur la liste avec plus de 30 000\u20ac, est \u00e9galement le laboratoire derri\u00e8re le principal concurrent contre l'hydroxychloroquine avec le <a rel=\"noreferrer noopener\" href=\"https:\/\/fr.wikipedia.org\/wiki\/Gilead_Sciences#Produits_en_cours_de_d%C3%A9veloppement\" data-type=\"URL\" data-id=\"https:\/\/fr.wikipedia.org\/wiki\/Gilead_Sciences#Produits_en_cours_de_d%C3%A9veloppement\" target=\"_blank\">Remd\u00e9sivir<\/a>.<\/p>\n\n\n\n<hr class=\"wp-block-separator has-css-opacity is-style-dots\"\/>\n\n\n\n<ul class=\"wp-block-list\" id=\"4\"><li><strong>Les m\u00e9decins ont-ils re\u00e7us des messages pour leur d\u00e9conseiller l'usage de l'hydroxychloroquine ? Voir les menacer de sanctions ?<\/strong><\/li><\/ul>\n\n\n\n<p>C'est exact, c'est la raison pour laquelle le collectif <a rel=\"noreferrer noopener\" href=\"https:\/\/stopcovid19.today\/\" data-type=\"URL\" data-id=\"https:\/\/stopcovid19.today\/\" target=\"_blank\">Laissons les m\u00e9decins prescrire<\/a> a \u00e9t\u00e9 cr\u00e9\u00e9 \u00e0 l'origine.<\/p>\n\n\n\n<p>C'est m\u00eame tout \u00e0 fait officiel, L'Ordre des m\u00e9decins l'assume. On peut en trouver le t\u00e9moignage sur <a rel=\"noreferrer noopener\" href=\"https:\/\/www.lefigaro.fr\/flash-eco\/l-ordre-des-medecins-met-en-garde-contre-l-experimentation-de-traitements-contre-le-covid-20200423\" data-type=\"URL\" data-id=\"https:\/\/www.lefigaro.fr\/flash-eco\/l-ordre-des-medecins-met-en-garde-contre-l-experimentation-de-traitements-contre-le-covid-20200423\" target=\"_blank\">Le Figaro<\/a>.<\/p>\n\n\n\n<p>On peut \u00e9galement trouver un t\u00e9moignage de m\u00e9decin, repris par le site <a rel=\"noreferrer noopener\" href=\"https:\/\/www.capital.fr\/economie-politique\/un-generaliste-qui-prescrit-la-chloroquine-menace-de-sanctions-par-lordre-des-medecins-1369403\" data-type=\"URL\" data-id=\"https:\/\/www.capital.fr\/economie-politique\/un-generaliste-qui-prescrit-la-chloroquine-menace-de-sanctions-par-lordre-des-medecins-1369403\" target=\"_blank\">Capital.fr<\/a>, le courrier en question est encore visible sur <a rel=\"noreferrer noopener\" href=\"https:\/\/twitter.com\/medicalfollower\/status\/1257610299991040000\/photo\/1\" data-type=\"URL\" data-id=\"https:\/\/twitter.com\/medicalfollower\/status\/1257610299991040000\/photo\/1\" target=\"_blank\">twitter<\/a>.<\/p>\n\n\n\n<p>A toutes fins utiles, le sujet de l'hydroxychloroquine a \u00e9t\u00e9 trait\u00e9 plusieurs fois <a rel=\"noreferrer noopener\" href=\"https:\/\/crudelis.fr\/site\/covid1984\/tag\/hydroxychloroquine\/\" data-type=\"URL\" data-id=\"https:\/\/crudelis.fr\/site\/covid1984\/tag\/hydroxychloroquine\/\" target=\"_blank\">ici m\u00eame<\/a>. En particulier cette <a href=\"https:\/\/crudelis.fr\/site\/covid1984\/2020\/11\/09\/chloroquine-le-plus-grand-scandale-sanitaire-francais-du-siecle\/\" data-type=\"URL\" data-id=\"https:\/\/crudelis.fr\/site\/covid1984\/2020\/11\/09\/chloroquine-le-plus-grand-scandale-sanitaire-francais-du-siecle\/\" target=\"_blank\" rel=\"noreferrer noopener\">revue des \u00e9tudes<\/a> sur le sujet.<\/p>\n\n\n\n<hr class=\"wp-block-separator has-css-opacity is-style-dots\"\/>\n\n\n\n<ul class=\"wp-block-list\" id=\"5\"><li><strong>Les laboratoires v\u00e9t\u00e9rinaires se sont-ils vu refuser le droit de faire des tests ?<\/strong><\/li><\/ul>\n\n\n\n<p>Le Dr Pascal Trotta s'exprime, \u00e0 la suite de Violaine Gu\u00e9rin, sur la gestion du d\u00e9but de la crise \u00e9pid\u00e9mique.<br>Or il est exact qu'\u00e0 ce moment l\u00e0, les laboratoires v\u00e9t\u00e9rinaires n'avait pas l'autorisation d'effectuer des tests covid.<\/p>\n\n\n\n<p>C'est seulement \u00e0 partir du 6 avril 2020, 3 semaines apr\u00e8s le d\u00e9but du confinement, que les laboratoires v\u00e9t\u00e9rinaires seront autoris\u00e9s \u00e0 effectuer le test (<a rel=\"noreferrer noopener\" href=\"https:\/\/www.depecheveterinaire.com\/covid-19-les-laboratoires-veterinaires-autorises-a-depister-les-fabricants-de-tests-toujours-dans-l-attente_679D52883F7CBD.html\" target=\"_blank\">source<\/a>).<\/p>\n\n\n\n<p>Pourtant, d'apr\u00e8s Le Parisien, le 7 mai 2020, tout ne semble pas si simple, et les laboratoires v\u00e9t\u00e9rinaires ne sont pas encore exploit\u00e9 pour ces tests (<a rel=\"noreferrer noopener\" href=\"https:\/\/www.leparisien.fr\/societe\/tests-du-covid-19-les-laboratoires-d-analyses-veterinaires-a-la-rescousse-07-05-2020-8312262.php\" target=\"_blank\">source<\/a>). C'\u00e9tait seulement quelques jours avant le d\u00e9confinement.<\/p>\n\n\n\n<hr class=\"wp-block-separator has-css-opacity is-style-dots\"\/>\n\n\n\n<ul class=\"wp-block-list\" id=\"6\"><li><strong>Les cliniques priv\u00e9es ont-elles \u00e9t\u00e9 laiss\u00e9es de c\u00f4t\u00e9 ?<\/strong><\/li><\/ul>\n\n\n\n<p>Faisant suite \u00e0 l'affirmation pr\u00e9c\u00e9dente sur les laboratoires v\u00e9t\u00e9rinaires, le Dr Pascal Trotta affirme \"<em>toutes les cliniques priv\u00e9es n'ont pas \u00e9t\u00e9 sollicit\u00e9e<\/em>\".<\/p>\n\n\n\n<p>Ce sujet avait \u00e9t\u00e9 trait\u00e9 ici m\u00eame il y a une dizaine de jours.<br><a href=\"https:\/\/crudelis.fr\/site\/covid1984\/2020\/11\/03\/covid-19-et-hopitaux-publics-cest-letat-qui-a-un-probleme-dorganisation\/\" data-type=\"URL\" data-id=\"https:\/\/crudelis.fr\/site\/covid1984\/2020\/11\/03\/covid-19-et-hopitaux-publics-cest-letat-qui-a-un-probleme-dorganisation\/\" target=\"_blank\" rel=\"noreferrer noopener\">Covid 19 et h\u00f4pitaux publics : c\u2019est l\u2019\u00c9tat qui a un probl\u00e8me d\u2019organisation !<\/a><\/p>\n\n\n\n<p>La r\u00e9ponse est sans appel, les cliniques ont \"<em>clairement \u00e9t\u00e9 sous-utilis\u00e9es<\/em>\".<\/p>\n\n\n\n<hr class=\"wp-block-separator has-css-opacity is-style-dots\"\/>\n\n\n\n<ul class=\"wp-block-list\" id=\"7\"><li><strong>Les m\u00e9decins lib\u00e9raux priv\u00e9s de mat\u00e9riel par la DGS ?<\/strong><\/li><\/ul>\n\n\n\n<p>On peut imaginer, sans d'avantage de pr\u00e9cisions, que Violaine Gu\u00e9rin fait r\u00e9f\u00e9rence \u00e0 la fourniture de masques et autres EPI pour lesquels la direction g\u00e9n\u00e9rale de la sant\u00e9 a effectivement d\u00e9cid\u00e9 de couper les approvisionnements \u00e0 partir du 1er octobre (<a href=\"https:\/\/solidarites-sante.gouv.fr\/IMG\/pdf\/2020-dgs-urgent_51_-_evolution_doctrine_distribution_masques.pdf\" target=\"_blank\" rel=\"noreferrer noopener\">source<\/a>).<\/p>\n\n\n\n<figure class=\"wp-block-table\"><table><tbody><tr><td>En effet, un document marqu\u00e9 \"Diffusion restreinte\" ne devrait pas tra\u00eener comme \u00e7a... Toutefois, il appartient aux personnes destinataires de ne pas le laisser tra\u00eener (voir l'<a rel=\"noreferrer noopener\" href=\"https:\/\/www.legifrance.gouv.fr\/loda\/id\/JORFTEXT000024892134\/2020-11-13\/\" target=\"_blank\">article 5<\/a> qui encadre le sujet) et ce type de document ne fait pas partie du classement Secret D\u00e9fense.<\/td><\/tr><\/tbody><\/table><\/figure>\n\n\n\n<hr class=\"wp-block-separator has-css-opacity is-style-dots\"\/>\n\n\n\n<ul class=\"wp-block-list\" id=\"8\"><li><strong>Laurent Toubiana avait-il pr\u00e9dit le pic \u00e9pid\u00e9mique et la fin de l'\u00e9pid\u00e9mie ?<\/strong><\/li><\/ul>\n\n\n\n<p>Son analyse est disponible juste ici, <a href=\"http:\/\/recherche.irsan.fr\/fr\/documentation\/index\/voir\/108-COVID-19-:-11-mar.-2020-Une-%C3%A9pid%C3%A9mie-d%C3%A9concertante\" data-type=\"URL\" data-id=\"http:\/\/recherche.irsan.fr\/fr\/documentation\/index\/voir\/108-COVID-19-:-11-mar.-2020-Une-%C3%A9pid%C3%A9mie-d%C3%A9concertante\" target=\"_blank\" rel=\"noreferrer noopener\">COVID-19 : Une \u00e9pid\u00e9mie d\u00e9concertante<\/a>. Il pr\u00e9disait, le 11 mars 2020, un pic \u00e9pid\u00e9mique avant la fin mars et la fin de l'\u00e9pid\u00e9mie fin avril.<\/p>\n\n\n\n<p>En France, on peut constater le pic de mortalit\u00e9 le 11 avril, puis l'\u00e9pid\u00e9mie se termine. Ce n'\u00e9tait pas tout \u00e0 fait termin\u00e9 fin avril, mais la courbe retombait \u00e0 plat (<a rel=\"noreferrer noopener\" href=\"https:\/\/ourworldindata.org\/grapher\/daily-covid-deaths-7-day?tab=chart&amp;time=2020-03-01..2020-07-24&amp;country=~FRA\" target=\"_blank\">source<\/a>).<\/p>\n\n\n\n<p>La pr\u00e9diction manque certes de pr\u00e9cision, mais on pourrait difficilement dire qu'il avait tort.<\/p>\n\n\n\n<hr class=\"wp-block-separator has-css-opacity\"\/>\n\n\n\n<p>Et ce n'est pas termin\u00e9, encore des r\u00e9v\u00e9lations \u00e0 \u00e9claircir au prochain article...<br>Disponible ici : <a href=\"https:\/\/crudelis.fr\/site\/covid1984\/2020\/11\/14\/hold-up-le-documentaire-choc-informations-complementaires-4e-partie\/\" data-type=\"URL\" data-id=\"https:\/\/crudelis.fr\/site\/covid1984\/2020\/11\/14\/hold-up-le-documentaire-choc-informations-complementaires-4e-partie\/\">Hold-Up, le documentaire choc. Informations compl\u00e9mentaires. (4e partie)<\/a><\/p>\n","protected":false},"excerpt":{"rendered":"<p>Faisant suite \u00e0 la premi\u00e8re et deuxi\u00e8me v\u00e9rification d'informations suite \u00e0 la sortie du documentaire Hold-Up. Voil\u00e0 encore d'autres informations pass\u00e9es au peigne fin.<\/p>\n","protected":false},"author":2,"featured_media":0,"comment_status":"open","ping_status":"open","sticky":false,"template":"","format":"standard","meta":{"footnotes":""},"categories":[4,77,7,8],"tags":[24],"class_list":["post-410","post","type-post","status-publish","format-standard","hentry","category-analyse","category-covid19","category-documentaire","category-hold-up","tag-hydroxychloroquine"],"_links":{"self":[{"href":"https:\/\/crudelis.fr\/site\/covid1984\/wp-json\/wp\/v2\/posts\/410","targetHints":{"allow":["GET"]}}],"collection":[{"href":"https:\/\/crudelis.fr\/site\/covid1984\/wp-json\/wp\/v2\/posts"}],"about":[{"href":"https:\/\/crudelis.fr\/site\/covid1984\/wp-json\/wp\/v2\/types\/post"}],"author":[{"embeddable":true,"href":"https:\/\/crudelis.fr\/site\/covid1984\/wp-json\/wp\/v2\/users\/2"}],"replies":[{"embeddable":true,"href":"https:\/\/crudelis.fr\/site\/covid1984\/wp-json\/wp\/v2\/comments?post=410"}],"version-history":[{"count":1,"href":"https:\/\/crudelis.fr\/site\/covid1984\/wp-json\/wp\/v2\/posts\/410\/revisions"}],"predecessor-version":[{"id":1992,"href":"https:\/\/crudelis.fr\/site\/covid1984\/wp-json\/wp\/v2\/posts\/410\/revisions\/1992"}],"wp:attachment":[{"href":"https:\/\/crudelis.fr\/site\/covid1984\/wp-json\/wp\/v2\/media?parent=410"}],"wp:term":[{"taxonomy":"category","embeddable":true,"href":"https:\/\/crudelis.fr\/site\/covid1984\/wp-json\/wp\/v2\/categories?post=410"},{"taxonomy":"post_tag","embeddable":true,"href":"https:\/\/crudelis.fr\/site\/covid1984\/wp-json\/wp\/v2\/tags?post=410"}],"curies":[{"name":"wp","href":"https:\/\/api.w.org\/{rel}","templated":true}]}}