{"id":433,"date":"2020-11-15T19:33:45","date_gmt":"2020-11-15T19:33:45","guid":{"rendered":"https:\/\/covid1984.nohost.me\/blog\/?p=433"},"modified":"2022-09-12T09:51:20","modified_gmt":"2022-09-12T09:51:20","slug":"hold-up-le-documentaire-choc-informations-complementaires-5e-partie","status":"publish","type":"post","link":"https:\/\/crudelis.fr\/site\/covid1984\/2020\/11\/15\/hold-up-le-documentaire-choc-informations-complementaires-5e-partie\/","title":{"rendered":"Hold-Up, le documentaire choc. Informations compl\u00e9mentaires. (5e partie)"},"content":{"rendered":"\n<p>Faisant suite aux 4 premiers articles publi\u00e9s suite \u00e0 la sortie du documentaire <a rel=\"noreferrer noopener\" href=\"https:\/\/crudelis.fr\/site\/covid1984\/2020\/11\/11\/hold-up-le-documentaire-a-voir-pour-comprendre-ce-quil-se-passe\/\" target=\"_blank\">Hold-Up<\/a>. Encore de nouvelles informations \u00e0 v\u00e9rifier.<\/p>\n\n\n\n<!--more-->\n\n\n\n<ul class=\"wp-block-list\" id=\"1\"><li><strong>Il est reproch\u00e9 \u00e0 l'actuel directeur de l'OMS d'avoir dissimul\u00e9 une \u00e9pid\u00e9mie de chol\u00e9ra ?<\/strong><\/li><\/ul>\n\n\n\n<figure class=\"wp-block-table\"><table class=\"has-subtle-pale-pink-background-color has-background\"><tbody><tr><td><em>Pour les articles qui ne sont pas en fran\u00e7ais, vous pouvez utiliser <a rel=\"noreferrer noopener\" href=\"https:\/\/www.deepl.com\/translator\" target=\"_blank\">DeepL<\/a> pour traduire le texte en fran\u00e7ais.<\/em><\/td><\/tr><\/tbody><\/table><\/figure>\n\n\n\n<p>L'actuel directeur de l'OMS, Tedros Adhanom Ghebreyesus, s'est effectivement vu reprocher, en 2017 lors des \u00e9lections pour le poste de directeur de l'OMS, d'avoir dissimul\u00e9 une \u00e9pid\u00e9mie de chol\u00e9ra alors qu'il \u00e9tait ministre de la sant\u00e9, puis ministre des affaires \u00e9trang\u00e8res de son pays, l\u2019\u00c9thiopie.<br><a rel=\"noreferrer noopener\" href=\"https:\/\/www.washingtonpost.com\/news\/worldviews\/wp\/2017\/05\/18\/ethiopias-candidate-for-the-world-health-organization-doesnt-like-mentioning-a-certain-disease\/\" target=\"_blank\">The Washington Post - Ethiopia\u2019s candidate for the World Health Organization doesn\u2019t like mentioning a certain disease<\/a><\/p>\n\n\n\n<hr class=\"wp-block-separator has-css-opacity is-style-dots\"\/>\n\n\n\n<ul class=\"wp-block-list\" id=\"2\"><li><strong>Le budget de l'OMS est tr\u00e8s li\u00e9 \u00e0 Big Pharma ?<\/strong><\/li><\/ul>\n\n\n\n<p>Le budget de l'OMS est publiquement accessible.<br><a rel=\"noreferrer noopener\" href=\"http:\/\/open.who.int\/2020-21\/contributors\/contributor\" data-type=\"URL\" data-id=\"http:\/\/open.who.int\/2020-21\/contributors\/contributor\" target=\"_blank\">WHO Contributors<\/a><\/p>\n\n\n\n<p>Il faut consid\u00e9rer que l'OMS est financement \u00e0 20% par des obligations de ses pays membres et 80% de donations volontaires, qui peuvent \u00eatre les m\u00eames pays par ailleurs.<\/p>\n\n\n\n<p>Puisque nous nous int\u00e9ressons aux financements priv\u00e9s, nous \u00e9carterons volontairement les pays.<\/p>\n\n\n\n<ul class=\"wp-block-list\"><li>11.65% - Fondation Bill et Melinda Gates. <em>C'est une fondation philanthropique, mais nous avons pu voir pr\u00e9c\u00e9demment son engouement pour la vaccination de tous.<\/em><\/li><li>5.21% - Alliance GAVI. GAVI signifie Global Alliance for Vaccines and Immunization. Le principal financeur est la fondation Bill et Melinda Gates.<\/li><li>0.08% - Sanofi Aventis<\/li><li>0.07% - Gilead Sciences<\/li><li>0.04% - GlaxoSmithKline<\/li><li>0.04% - Merck &amp; Co.<\/li><li>0.04 - Novartis<\/li><li>0.03 - Bayer<\/li><li>...<\/li><\/ul>\n\n\n\n<p>Si le budget 2018 est plus d\u00e9taill\u00e9, <a href=\"https:\/\/web.archive.org\/web\/20201109173119\/https:\/\/www.who.int\/about\/finances-accountability\/budget\/WHOPB-PRP-19.pdf\" data-type=\"URL\" data-id=\"https:\/\/web.archive.org\/web\/20201109173119\/https:\/\/www.who.int\/about\/finances-accountability\/budget\/WHOPB-PRP-19.pdf\" target=\"_blank\" rel=\"noreferrer noopener\">Voluntary contributions by fund and by contributor, 2018<\/a>, les contributions des laboratoires pharmaceutiques restent minoritaires dans le budget de l'OMS.<br>Le rapport du s\u00e9nat, cit\u00e9 par le documentaire, date cependant de 2010.<\/p>\n\n\n\n<p>N\u00e9anmoins, on peut noter que la fondation Bill et Melinda Gates repr\u00e9sente presque 17% (en comptant \u00e9galement l'alliance GAVI) du budget annuel de l'OMS. Cela repr\u00e9sente la part la plus importante du financement de l'organisation, suivi par l'Allemagne avec 12,18%.<\/p>\n\n\n\n<hr class=\"wp-block-separator has-css-opacity is-style-dots\"\/>\n\n\n\n<ul class=\"wp-block-list\" id=\"3\"><li><strong>Les grands laboratoires pr\u00e9f\u00e8res que vous soyez malade plut\u00f4t que de vous soigner ?<\/strong><\/li><\/ul>\n\n\n\n<p>Lorsque c'est Monsieur Sylvestre qui l'explique dans les guignols de l'info, c'est amusant. Apr\u00e8s tout l'\u00e9mission se veut satirique.<\/p>\n\n\n\n<p>Lorsque c'est Goldman Sachs qui pose la question aux grand laboratoires... Ce n'est plus tout \u00e0 fait si dr\u00f4le...<\/p>\n\n\n\n<p>L'article original est disponible ici: <a rel=\"noreferrer noopener\" href=\"https:\/\/www.cnbc.com\/2018\/04\/11\/goldman-asks-is-curing-patients-a-sustainable-business-model.html\" data-type=\"URL\" data-id=\"https:\/\/www.cnbc.com\/2018\/04\/11\/goldman-asks-is-curing-patients-a-sustainable-business-model.html\" target=\"_blank\">Goldman Sachs asks in biotech research report: \u2018Is curing patients a sustainable business model?\u2019<\/a><\/p>\n\n\n\n<p>Une lecture et interpr\u00e9tation est disponible en fran\u00e7ais: <a href=\"http:\/\/www.profession-gendarme.com\/industrie-pharmaceutique-le-rapport-qui-a-vendu-la-meche\/\" target=\"_blank\" rel=\"noreferrer noopener\">Industrie pharmaceutique : le rapport qui a \u00ab vendu la m\u00e8che \u00bb<\/a><\/p>\n\n\n\n<hr class=\"wp-block-separator has-css-opacity is-style-dots\"\/>\n\n\n\n<ul class=\"wp-block-list\" id=\"4\"><li><strong>Yazdan Yazdanpanah membre du conseil scientifique est li\u00e9 \u00e0 Gilead ?<\/strong><\/li><\/ul>\n\n\n\n<p>Comme l'explique ce long article de Marianne, <a rel=\"noreferrer noopener\" href=\"https:\/\/www.marianne.net\/societe\/discovery-les-experts-francais-qui-cherchent-un-traitement-contre-le-covid-sont-ils-sous-l\" target=\"_blank\">Discovery : les experts fran\u00e7ais qui cherchent un traitement contre le Covid sont-ils sous l'influence des labos ?<\/a>, oui Yazdan Yazdanpanah a des liens avec le laboratoire Gilead et est tr\u00e8s int\u00e9ress\u00e9 par le Remdesivir. Mol\u00e9cule qui sera montr\u00e9e inefficace par la suite (<a rel=\"noreferrer noopener\" href=\"https:\/\/sfpt-fr.org\/covid19-foire-aux-questions\/1315-163-qu-est-ce-que-le-remdesivir-est-il-efficace-pour-traiter-le-covid-19\" data-type=\"URL\" data-id=\"https:\/\/sfpt-fr.org\/covid19-foire-aux-questions\/1315-163-qu-est-ce-que-le-remdesivir-est-il-efficace-pour-traiter-le-covid-19\" target=\"_blank\">source<\/a>).<\/p>\n\n\n\n<hr class=\"wp-block-separator has-css-opacity is-style-dots\"\/>\n\n\n\n<ul class=\"wp-block-list\" id=\"5\"><li><strong>Martin Blachier homme d'affaire avant tout ?<\/strong><\/li><\/ul>\n\n\n\n<p>Le sujet est tr\u00e8s vastement trait\u00e9 sur internet. Je ne vais pas rentrer dans la pol\u00e9mique, juste regarder les faits.<\/p>\n\n\n\n<p>Il le dit lui-m\u00eame, son entreprise a \u00e9t\u00e9 cr\u00e9e a la fin de leurs \u00e9tudes de m\u00e9decine, en 2012 (<a rel=\"noreferrer noopener\" href=\"https:\/\/www.tvfinance.fr\/video-finance\/public-health-expertise-martin-blachier-calculer-limpact-des-decisions-de-sante\/\" target=\"_blank\"><s>source<\/s><\/a>).<br>Sur la m\u00eame vid\u00e9o, il explique, enrob\u00e9 dans de jolis mots, que son entreprise fait le lien entre les laboratoires pharmaceutiques, les \"fournisseurs de solutions et d'innovations\" et les institutions publiques qui prennent les d\u00e9cisions en mati\u00e8re de sant\u00e9.<\/p>\n\n\n\n<p>Sur le site de l'entreprise on trouvera encore:<\/p>\n\n\n\n<blockquote class=\"wp-block-quote is-layout-flow wp-block-quote-is-layout-flow\"><p><em>Martin is an expert in the decision-making processes regarding market-access and price-negotiation in France. He holds an extensive experience in leading the redaction and supporting the submission of registration dossiers for reimbursement and pricing of health technologies, including the communication with medical and scientific experts involved in the assessment process.<br>---<br>Martin est un expert des processus de d\u00e9cision concernant l'acc\u00e8s au march\u00e9 et la n\u00e9gociation des prix en France. Il poss\u00e8de une vaste exp\u00e9rience dans la direction de la r\u00e9daction et l'appui \u00e0 la soumission des dossiers d'enregistrement pour le remboursement et la tarification des technologies de la sant\u00e9, y compris la communication avec les experts m\u00e9dicaux et scientifiques impliqu\u00e9s dans le processus d'\u00e9valuation.<\/em><\/p><cite><a href=\"https:\/\/web.archive.org\/web\/20201102202115\/https:\/\/www.ph-expertise.fr\/who-we-are\/\" data-type=\"URL\" data-id=\"https:\/\/web.archive.org\/web\/20201102202115\/https:\/\/www.ph-expertise.fr\/who-we-are\/\" target=\"_blank\" rel=\"noreferrer noopener\">ph-expertise<\/a><\/cite><\/blockquote>\n\n\n\n<p>On peut effectivement le croire quand il dit qu'il ne \"re\u00e7oit aucune r\u00e9mun\u00e9ration personnelle des laboratoires\", puisque c'est son entreprise qui est r\u00e9mun\u00e9r\u00e9 par ces derniers. Quand au fait qu'il n'ai aucun risque de conflit d'int\u00e9r\u00eat, cela est \u00e0 mettre en perspective avec l'activit\u00e9 de son entreprise.<\/p>\n\n\n\n<hr class=\"wp-block-separator has-css-opacity is-style-dots\"\/>\n\n\n\n<ul class=\"wp-block-list\" id=\"6\"><li><strong>Le laboratoire de Wuhan manipulait des coronavirus pour qu'ils se transmettent \u00e0 l'homme ?<\/strong><\/li><\/ul>\n\n\n\n<p>L'article cit\u00e9 par le documentaire est encore disponible: <a rel=\"noreferrer noopener\" href=\"https:\/\/www.newsweek.com\/dr-fauci-backed-controversial-wuhan-lab-millions-us-dollars-risky-coronavirus-research-1500741?eType=EmailBlastContent&amp;eId=64967e72-35b2-4852-80d9-71de0baceb01\" target=\"_blank\">Dr. Fauci Backed Controversial Wuhan Lab with U.S. Dollars for Risky Coronavirus Research<\/a><\/p>\n\n\n\n<blockquote class=\"wp-block-quote is-layout-flow wp-block-quote-is-layout-flow\"><p><em>According to Richard Ebright, an infectious disease expert at Rutgers University, the project description refers to experiments that would enhance the ability of bat coronavirus to infect human cells and laboratory animals using techniques of genetic engineering. In the wake of the pandemic, that is a noteworthy detail.<br>---<br>Selon Richard Ebright, expert en maladies infectieuses \u00e0 l'universit\u00e9 Rutgers, la description du projet fait r\u00e9f\u00e9rence \u00e0 des exp\u00e9riences qui permettraient d'am\u00e9liorer la capacit\u00e9 du coronavirus des chauves-souris \u00e0 infecter des cellules humaines et des animaux de laboratoire en utilisant des techniques de g\u00e9nie g\u00e9n\u00e9tique. Dans le sillage de la pand\u00e9mie, c'est un d\u00e9tail qui m\u00e9rite d'\u00eatre soulign\u00e9.<\/em><\/p><cite>Newsweek<\/cite><\/blockquote>\n\n\n\n<p>Il est donc exact de dire que le laboratoire de Wuhan, dans la ville o\u00f9 le covid-19 est apparu en premier, travaillait sur des coronavirus g\u00e9n\u00e9tiquement modifi\u00e9 pour \u00eatre transmissible \u00e0 l'homme.<\/p>\n\n\n\n<hr class=\"wp-block-separator has-css-opacity is-style-dots\"\/>\n\n\n\n<ul class=\"wp-block-list\" id=\"7\"><li><strong>Un ministre a-t-il dit \"C'est comme la peste noire\" en parlant du covid ?<\/strong><\/li><\/ul>\n\n\n\n<p>Non... Ce n'\u00e9tait pas un ministre... C'est probablement pire encore, c'est un m\u00e9decin infectiologue qui l'a dit... Et pas n'importe lequel puisque c'est le directeur g\u00e9n\u00e9ral de la sant\u00e9, <strong>J\u00e9r\u00f4me Salomon<\/strong> qui a dit cela lors de son audition le 23 avril \u00e0 l'Assembl\u00e9e nationale.<\/p>\n\n\n\n<p><a rel=\"noreferrer noopener\" href=\"https:\/\/www.lindependant.fr\/2020\/04\/23\/la-pandemie-de-coronavirus-peut-etre-comparee-a-la-peste-de-1347-affirme-jerome-salomon,8859585.php\" data-type=\"URL\" data-id=\"https:\/\/www.lindependant.fr\/2020\/04\/23\/la-pandemie-de-coronavirus-peut-etre-comparee-a-la-peste-de-1347-affirme-jerome-salomon,8859585.php\" target=\"_blank\">L'Ind\u00e9pendant - La pand\u00e9mie de coronavirus peut \u00eatre \"compar\u00e9e \u00e0 la peste de 1347\" affirme J\u00e9r\u00f4me Salomon<\/a><br>(<a href=\"https:\/\/crudelis.fr\/site\/covid1984\/wp-content\/uploads\/sites\/8\/2022\/09\/La-pandemie-de-coronavirus-peut-etre-comparee-a-la-peste-de.mp4\">T\u00e9l\u00e9charger la vid\u00e9o<\/a>)<\/p>\n\n\n\n<blockquote class=\"wp-block-quote is-layout-flow wp-block-quote-is-layout-flow\"><p><em>dans l'histoire elle peut \u00eatre compar\u00e9e \u00e0 la pand\u00e9mie de peste de 1347 ou \u00e0 celle de la pand\u00e9mie de grippe espagnole en 1917.<\/em><\/p><cite>J\u00e9r\u00f4me Salomon<\/cite><\/blockquote>\n\n\n\n<ul class=\"wp-block-list\"><li>La peste de 1347, appel\u00e9e la peste noire, a fait entre 75 et 200 millions de morts.<\/li><li>La grippe espagnole a fait entre 20 et 100 millions de morts.<\/li><li>A ce jour, le covid-19 aurait fait 1.31 millions de morts.<\/li><\/ul>\n\n\n\n<hr class=\"wp-block-separator has-css-opacity is-style-dots\"\/>\n\n\n\n<ul class=\"wp-block-list\" id=\"8\"><li><strong>SARS-CoV-2 en fabrication \u00e0 partir du SARS-CoV depuis 2003 ?<\/strong><\/li><\/ul>\n\n\n\n<p>Jean-Bernard Fourtillan explique que les diff\u00e9rents SARS-CoV sont li\u00e9s, en attesterais des brevets.<br>Tr\u00e8s clairement, le sujet est complexe et je ne pr\u00e9tenderais pas affirmer si cela est exact ou non. En revanche, on peut lire les brevets en question.<\/p>\n\n\n\n<p>Le premier brevet de l'Institut Pasteur, dat\u00e9 de 2003, est le <a rel=\"noreferrer noopener\" href=\"https:\/\/patents.google.com\/patent\/EP1694829B1\/fr\" data-type=\"URL\" data-id=\"https:\/\/patents.google.com\/patent\/EP1694829B1\/fr\" target=\"_blank\">EP1694829B1<\/a>.<\/p>\n\n\n\n<p>Il ne semble pas faire r\u00e9f\u00e9rence \u00e0 la malaria.<br>On peut toutefois not\u00e9 qu'il semble \u00eatre question de manipulation du virus SARS-CoV.<br>L'objectif recherch\u00e9 semble \u00eatre de parvenir \u00e0 la d\u00e9couverte d'un vaccin efficace contre le virus.<\/p>\n\n\n\n<p>Le second, dat\u00e9 de 2011, est le <a rel=\"noreferrer noopener\" href=\"https:\/\/patents.google.com\/patent\/US20110065089A1\" target=\"_blank\">US20110065089A1<\/a><\/p>\n\n\n\n<p>Il est effectivement tr\u00e8s ressemblant.<\/p>\n\n\n\n<p>Il faut toutefois bien reconnaitre que le sujet n'est pas ais\u00e9. A mon niveau, rien ne peux \u00eatre d\u00e9duit.<\/p>\n\n\n\n<p><strong>Quand est-il des tests COVID-19 depuis 2015 ?<\/strong><\/p>\n\n\n\n<p>L\u00e0 encore la situation n'est pas claire.<\/p>\n\n\n\n<p>Le brevet tel qu'il est aujourd'hui est le <a rel=\"noreferrer noopener\" href=\"https:\/\/patents.google.com\/patent\/US20200279585A1\" data-type=\"URL\" data-id=\"https:\/\/patents.google.com\/patent\/US20200279585A1\" target=\"_blank\">US20200279585A1<\/a>.<\/p>\n\n\n\n<p>Il est clairement question de test pour le covid-19.<br>Et il semble clair que la mention \"COVID-19\" a \u00e9t\u00e9 ajout\u00e9e le 17 juin 2020. La version pr\u00e9c\u00e9dente, dat\u00e9 du 5 d\u00e9cembre 2019 semble \u00eatre le m\u00eame brevet, sans la mention de covid-19.<\/p>\n\n\n\n<p>On peut ainsi remonter jusqu'au brevet d'origine, <a rel=\"noreferrer noopener\" href=\"https:\/\/patents.google.com\/patent\/US10242713B2\" data-type=\"URL\" data-id=\"https:\/\/patents.google.com\/patent\/US10242713B2\" target=\"_blank\">US10242713B2<\/a>, qui semble dater de 2015.<\/p>\n\n\n\n<p>La question qui reste toutefois en suspend est la suivante. Le brevet a-t-il \u00e9t\u00e9 modifi\u00e9 pour profiter de l'opportunit\u00e9 de pouvoir s'appliquer au covid-19 ? Ou a-t-il \u00e9t\u00e9 pr\u00e9par\u00e9 5 ans auparavant en vue de la survenue du covid-19 ?<\/p>\n\n\n\n<p>Avec les informations \u00e0 notre disposition, il ne semble pas que ces \u00e9l\u00e9ments permettent de d\u00e9duire une fabrication volontaire du SARS-CoV-2.<\/p>\n\n\n\n<hr class=\"wp-block-separator has-css-opacity\"\/>\n\n\n\n<p>Je suis au deux tiers du documentaire, ce n'est donc pas encore termin\u00e9.<br>La suite est d\u00e9sormais disponible: <a href=\"https:\/\/crudelis.fr\/site\/covid1984\/2020\/11\/17\/hold-up-le-documentaire-choc-informations-complementaires-6e-partie\/\" data-type=\"URL\" data-id=\"https:\/\/crudelis.fr\/site\/covid1984\/2020\/11\/17\/hold-up-le-documentaire-choc-informations-complementaires-6e-partie\/\">Hold-Up, le documentaire choc. Informations compl\u00e9mentaires. (6e partie)<\/a><\/p>\n","protected":false},"excerpt":{"rendered":"<p>Faisant suite aux 4 premiers articles publi\u00e9s suite \u00e0 la sortie du documentaire Hold-Up. Encore de nouvelles informations \u00e0 v\u00e9rifier.<\/p>\n","protected":false},"author":2,"featured_media":0,"comment_status":"open","ping_status":"open","sticky":false,"template":"","format":"standard","meta":{"footnotes":""},"categories":[4,77,7,8,12,14],"tags":[],"class_list":["post-433","post","type-post","status-publish","format-standard","hentry","category-analyse","category-covid19","category-documentaire","category-hold-up","category-mortalite","category-pourquoi"],"_links":{"self":[{"href":"https:\/\/crudelis.fr\/site\/covid1984\/wp-json\/wp\/v2\/posts\/433","targetHints":{"allow":["GET"]}}],"collection":[{"href":"https:\/\/crudelis.fr\/site\/covid1984\/wp-json\/wp\/v2\/posts"}],"about":[{"href":"https:\/\/crudelis.fr\/site\/covid1984\/wp-json\/wp\/v2\/types\/post"}],"author":[{"embeddable":true,"href":"https:\/\/crudelis.fr\/site\/covid1984\/wp-json\/wp\/v2\/users\/2"}],"replies":[{"embeddable":true,"href":"https:\/\/crudelis.fr\/site\/covid1984\/wp-json\/wp\/v2\/comments?post=433"}],"version-history":[{"count":2,"href":"https:\/\/crudelis.fr\/site\/covid1984\/wp-json\/wp\/v2\/posts\/433\/revisions"}],"predecessor-version":[{"id":2534,"href":"https:\/\/crudelis.fr\/site\/covid1984\/wp-json\/wp\/v2\/posts\/433\/revisions\/2534"}],"wp:attachment":[{"href":"https:\/\/crudelis.fr\/site\/covid1984\/wp-json\/wp\/v2\/media?parent=433"}],"wp:term":[{"taxonomy":"category","embeddable":true,"href":"https:\/\/crudelis.fr\/site\/covid1984\/wp-json\/wp\/v2\/categories?post=433"},{"taxonomy":"post_tag","embeddable":true,"href":"https:\/\/crudelis.fr\/site\/covid1984\/wp-json\/wp\/v2\/tags?post=433"}],"curies":[{"name":"wp","href":"https:\/\/api.w.org\/{rel}","templated":true}]}}