{"id":446,"date":"2020-11-17T00:32:00","date_gmt":"2020-11-17T00:32:00","guid":{"rendered":"https:\/\/covid1984.nohost.me\/blog\/?p=446"},"modified":"2022-09-12T09:55:01","modified_gmt":"2022-09-12T09:55:01","slug":"hold-up-le-documentaire-choc-informations-complementaires-6e-partie","status":"publish","type":"post","link":"https:\/\/crudelis.fr\/site\/covid1984\/2020\/11\/17\/hold-up-le-documentaire-choc-informations-complementaires-6e-partie\/","title":{"rendered":"Hold-Up, le documentaire choc. Informations compl\u00e9mentaires. (6e partie)"},"content":{"rendered":"\n<p>Faisant suite aux 5 premiers articles publi\u00e9s suite \u00e0 la sortie du documentaire <a rel=\"noreferrer noopener\" href=\"https:\/\/crudelis.fr\/site\/covid1984\/2020\/11\/11\/hold-up-le-documentaire-a-voir-pour-comprendre-ce-quil-se-passe\/\" target=\"_blank\">Hold-Up<\/a>. Voil\u00e0 une nouvelle s\u00e9rie d'informations v\u00e9rifi\u00e9es.<\/p>\n\n\n\n<!--more-->\n\n\n\n<figure class=\"wp-block-table\"><table class=\"has-subtle-pale-pink-background-color has-background\"><tbody><tr><td><em>Pour les articles qui ne sont pas en fran\u00e7ais, vous pouvez utiliser <a rel=\"noreferrer noopener\" href=\"https:\/\/www.deepl.com\/translator\" target=\"_blank\">DeepL<\/a> pour traduire le texte en fran\u00e7ais.<\/em><\/td><\/tr><\/tbody><\/table><\/figure>\n\n\n\n<ul class=\"wp-block-list\" id=\"1\"><li><strong>Luc Montagnier s'exprimait sur CNEWS \u00e0 propos des inserts de VIH dans le covid-19<\/strong><\/li><\/ul>\n\n\n\n<p>Ces images, refus\u00e9es par Canal+, sont l'interview de Luc Montagnier dans l'heure des pros.<\/p>\n\n\n\n<p>On peut effectivement retrouver les images:<br><a rel=\"noreferrer noopener\" href=\"https:\/\/www.youtube.com\/watch?v=wqTQsVvfsmc\" data-type=\"URL\" data-id=\"https:\/\/www.youtube.com\/watch?v=wqTQsVvfsmc\" target=\"_blank\">Luc Montagnier HIV Nobel Prize Winner Says Virus Bio engineered in Lab<\/a><br><em>38 minutes.<\/em><\/p>\n\n\n\n<p>L'\u00e9tude indienne \u00e0 l'origine de la d\u00e9couverte\/pol\u00e9mique, bien que retir\u00e9e par ses auteurs, peut encore \u00eatre lue.<br><a rel=\"noreferrer noopener\" href=\"https:\/\/www.biorxiv.org\/content\/10.1101\/2020.01.30.927871v1\" data-type=\"URL\" data-id=\"https:\/\/www.biorxiv.org\/content\/10.1101\/2020.01.30.927871v1\" target=\"_blank\">bioRxiv - Uncanny similarity of unique inserts in the 2019-nCoV spike protein to HIV-1 gp120 and Gag<\/a><\/p>\n\n\n\n<p>Le professeur italien Joseph Tritto est \u00e9galement revenu sur le sujet dans un livre.<br><a rel=\"noreferrer noopener\" href=\"http:\/\/www.francesoir.fr\/societe-sante\/covid-19-lorigine-du-virus-lanalyse-du-pr-tritto-confirme-celle-du-pr-montagnier\" data-type=\"URL\" data-id=\"http:\/\/www.francesoir.fr\/societe-sante\/covid-19-lorigine-du-virus-lanalyse-du-pr-tritto-confirme-celle-du-pr-montagnier\" target=\"_blank\">FranceSoir - Covid-19 : l'origine du virus - L'analyse du Pr Tritto confirme celle du Pr Montagnier<\/a><\/p>\n\n\n\n<p>Enfin, un journaliste scientifique du CNRS a interrog\u00e9 un virologue sur la question de l'origine du virus. Qui, au 27 octobre 2020, ne semble toujours pas \u00eatre identifi\u00e9e.<br><a rel=\"noreferrer noopener\" href=\"https:\/\/lejournal.cnrs.fr\/articles\/la-question-de-lorigine-du-sars-cov-2-se-pose-serieusement\" data-type=\"URL\" data-id=\"https:\/\/lejournal.cnrs.fr\/articles\/la-question-de-lorigine-du-sars-cov-2-se-pose-serieusement\" target=\"_blank\">CNRS - \u00ab La question de l'origine du SARS-CoV-2 se pose s\u00e9rieusement \u00bb<\/a><\/p>\n\n\n\n<hr class=\"wp-block-separator has-css-opacity is-style-dots\"\/>\n\n\n\n<ul class=\"wp-block-list\" id=\"2\"><li><strong>Dr Li-Meng Yan a affirm\u00e9 avoir les preuves de la construction du SARS-CoV-2<\/strong>.<\/li><\/ul>\n\n\n\n<p>Pour commencer, le Dr Li-Meng Yan indique une \u00e9tude sur le g\u00e9nome du SARS-CoV-2, publi\u00e9e dans Nature le 3 f\u00e9vrier 2020. Mais dont les recherches auraient \u00e9t\u00e9 stopp\u00e9es.<\/p>\n\n\n\n<p>L'\u00e9tude en question est disponible ici: <a rel=\"noreferrer noopener\" href=\"https:\/\/www.nature.com\/articles\/s41586-020-2012-7\" data-type=\"URL\" data-id=\"https:\/\/www.nature.com\/articles\/s41586-020-2012-7\" target=\"_blank\">A pneumonia outbreak associated with a new coronavirus of probable bat origin<\/a>.<br>C'est une version mise \u00e0 jour en septembre 2020. La version d'origine peut encore \u00eatre trouv\u00e9e sur la <a rel=\"noreferrer noopener\" href=\"https:\/\/web.archive.org\/web\/20200323043020\/https:\/\/www.nature.com\/articles\/s41586-020-2012-7\" target=\"_blank\">Wayback Machine<\/a>.<\/p>\n\n\n\n<p>Quand \u00e0 l'affirmation que leurs recherches ont \u00e9t\u00e9 stopp\u00e9es, c'est le laboratoire dans sa globalit\u00e9 qui avait alors \u00e9t\u00e9 ferm\u00e9, stoppant de fait les recherches (<a rel=\"noreferrer noopener\" href=\"https:\/\/www.scmp.com\/news\/china\/society\/article\/3052966\/chinese-laboratory-first-shared-coronavirus-genome-world-ordered\" target=\"_blank\">source<\/a>).<\/p>\n\n\n\n<p>Il est ensuite question d'un rapport, publi\u00e9 par le Dr Li-Meng Yan sur la fabrication du virus du covid-19.<br>Le rapport est disponible sur ResearchGate: <a rel=\"noreferrer noopener\" href=\"https:\/\/www.researchgate.net\/publication\/344240007_Unusual_Features_of_the_SARS-CoV-2_Genome_Suggesting_Sophisticated_Laboratory_Modification_Rather_Than_Natural_Evolution_and_Delineation_of_Its_Probable_Synthetic_Route\" data-type=\"URL\" data-id=\"https:\/\/www.researchgate.net\/publication\/344240007_Unusual_Features_of_the_SARS-CoV-2_Genome_Suggesting_Sophisticated_Laboratory_Modification_Rather_Than_Natural_Evolution_and_Delineation_of_Its_Probable_Synthetic_Route\" target=\"_blank\">Unusual Features of the SARS-CoV-2 Genome Suggesting Sophisticated Laboratory Modification Rather Than Natural Evolution and Delineation of Its Probable Synthetic Route<\/a>.<br>Le \"tableau\", montr\u00e9 dans le documentaire, est en page 15 du rapport.<\/p>\n\n\n\n<p>Dr Li-Meng Yan a expliqu\u00e9 \u00e0 The Week, le 11 octobre, sa d\u00e9couverte et sa fuite de la chine, dans une int\u00e9ressante interview.<br><a rel=\"noreferrer noopener\" href=\"https:\/\/www.theweek.in\/theweek\/cover\/2020\/10\/01\/made-in-china.html\" data-type=\"URL\" data-id=\"https:\/\/www.theweek.in\/theweek\/cover\/2020\/10\/01\/made-in-china.html\" target=\"_blank\">Made in China. Covid-19 virus was developed in Chinese lab, WHO suppressed it: Chinese virologist<\/a><\/p>\n\n\n\n<hr class=\"wp-block-separator has-css-opacity is-style-dots\"\/>\n\n\n\n<ul class=\"wp-block-list\" id=\"3\"><li><strong>\"Un Grand reset vers un gouvernement mondial ?\"<\/strong><\/li><\/ul>\n\n\n\n<p>C'est en effet l'objectif, parfaitement assum\u00e9, du World Economic Forum via son projet Great Reset.<\/p>\n\n\n\n<p>Un sujet d\u00e9j\u00e0 trait\u00e9 ici:<br><a rel=\"noreferrer noopener\" href=\"https:\/\/crudelis.fr\/site\/covid1984\/2020\/10\/29\/the-great-reset\/\" data-type=\"URL\" data-id=\"https:\/\/crudelis.fr\/site\/covid1984\/2020\/10\/29\/the-great-reset\/\" target=\"_blank\">The Great Reset<\/a><\/p>\n\n\n\n<p>D'autres articles en parlent \u00e9galement, voir le tag <a href=\"https:\/\/crudelis.fr\/site\/covid1984\/tag\/great-reset\/\" data-type=\"URL\" data-id=\"https:\/\/crudelis.fr\/site\/covid1984\/tag\/great-reset\/\" target=\"_blank\" rel=\"noreferrer noopener\">Great Reset<\/a>.<\/p>\n\n\n\n<p>\u00c9tant donn\u00e9 que le documentaire nous parle \"des plus gros industriels de la plan\u00e8te\" comme membres de ce World Economic Forum, voyons \u00e7a de plus pr\u00e8s.<\/p>\n\n\n\n<p>Les membres du WEF sont r\u00e9partis en 4 groupes ayant une influence plus ou moins importante.<br>Le plus influent est le groupe dit \"Strategic Partnership\", d\u00e9crit comme tel:<\/p>\n\n\n\n<blockquote class=\"wp-block-quote is-layout-flow wp-block-quote-is-layout-flow\"><p><em>Strategic Partners represent leading global companies, each providing essential leadership to support the Forum\u2019s mission of improving the state of the world.<br>---<br>Les partenaires strat\u00e9giques repr\u00e9sentent des entreprises mondiales de premier plan, chacune apportant un leadership essentiel pour soutenir la mission du Forum qui consiste \u00e0 am\u00e9liorer l'\u00e9tat du monde.<\/em><\/p><cite><a href=\"https:\/\/www.weforum.org\/about\/our-partners\" target=\"_blank\" rel=\"noreferrer noopener\">World Economic Forum<\/a><\/cite><\/blockquote>\n\n\n\n<p>Voil\u00e0 une liste, non exhaustive, des membres de ce groupe (<a href=\"https:\/\/www.weforum.org\/partners\" target=\"_blank\" rel=\"noreferrer noopener\">source<\/a>):<\/p>\n\n\n\n<ul class=\"wp-block-list\"><li><strong>Strategic Partnership<\/strong><ul><li>AstraZeneca<\/li><li>Bill &amp; Melinda Gates Foundation<\/li><li>BlackRock<\/li><li>Facebook<\/li><li>Goldman Sachs<\/li><li>Google<\/li><li>Huawei Technologies<\/li><li>Johnson &amp; Johnson<\/li><li>JPMorgan<\/li><li>Mastercard<\/li><li>Microsoft<\/li><li>Nestl\u00e9<\/li><li>Novartis<\/li><li><a rel=\"noreferrer noopener\" href=\"https:\/\/fr.wikipedia.org\/wiki\/Palantir_Technologies\" data-type=\"URL\" data-id=\"https:\/\/fr.wikipedia.org\/wiki\/Palantir_Technologies\" target=\"_blank\">Palantir Technologies<\/a> (Le nom est particuli\u00e8rement \u00e9vocateur)<\/li><li>Paypal<\/li><li>Pfizer<\/li><li>Thomson Reuters (Agence de presse Reuters)<\/li><li>Visa<\/li><\/ul><\/li><\/ul>\n\n\n\n<p>Il nous manque encore quelques grand noms, mais ils ne sont pas loin.<br>Le second groupe est dit \"Strategic Partner Associate\", d\u00e9crit de la sorte:<\/p>\n\n\n\n<blockquote class=\"wp-block-quote is-layout-flow wp-block-quote-is-layout-flow\"><p><em>Strategic Partner Associates include the world\u2019s leading businesses, and are actively involved in shaping the future of industries, regions and systemic issues. These companies believe in corporate global citizenship and are committed to enabling positive change.<\/em><br><em>---<\/em><br><em>Les Strategic Partner Associates comprennent les principales entreprises mondiales et participent activement \u00e0 l'\u00e9laboration de l'avenir des industries, des r\u00e9gions et des questions syst\u00e9miques. Ces entreprises croient en la citoyennet\u00e9 mondiale des entreprises et s'engagent \u00e0 permettre des changements positifs.<\/em><\/p><cite><a rel=\"noreferrer noopener\" href=\"https:\/\/www.weforum.org\/about\/our-partners\" target=\"_blank\">World Economic Forum<\/a><\/cite><\/blockquote>\n\n\n\n<p>Voil\u00e0 certains de ses membres:<\/p>\n\n\n\n<ul class=\"wp-block-list\"><li><strong>Strategic Partner Associate<\/strong><ul><li>Amazon Web Services<\/li><li>Bloomberg<\/li><li>Merck<\/li><\/ul><\/li><\/ul>\n\n\n\n<p>On trouvera enfin, dans les 2 derniers groupes, des entreprises ayant un fort int\u00e9r\u00eat ou \u00e9tant des participants actifs (<a rel=\"noreferrer noopener\" href=\"https:\/\/www.weforum.org\/about\/our-partners\" target=\"_blank\">source<\/a>).<\/p>\n\n\n\n<ul class=\"wp-block-list\"><li><strong>Partnership<\/strong><ul><li>Apple<\/li><li>Bayer<\/li><li>Sanofi<\/li><li>Total<\/li><\/ul><\/li><\/ul>\n\n\n\n<ul class=\"wp-block-list\"><li><strong>Associate Partnership<\/strong><ul><li>Gilead Sciences<\/li><li>Moderna<\/li><li>Mylan<\/li><li>TIME<\/li><\/ul><\/li><\/ul>\n\n\n\n<hr class=\"wp-block-separator has-css-opacity is-style-dots\"\/>\n\n\n\n<ul class=\"wp-block-list\" id=\"4\"><li><strong>Une cryptomonnaie bas\u00e9e sur l'activit\u00e9 corporelle ?<\/strong><\/li><\/ul>\n\n\n\n<p>Le brevet dont il est question, surnomm\u00e9 le brevet 666, est le brevet <a rel=\"noreferrer noopener\" href=\"https:\/\/patents.google.com\/patent\/WO2020060606A1\" target=\"_blank\">WO20200<strong>6<\/strong>0<strong>6<\/strong>0<strong>6<\/strong>A1<\/a> (<a href=\"https:\/\/crudelis.fr\/site\/covid1984\/wp-content\/uploads\/sites\/8\/2022\/09\/WO2020060606A1.pdf\">T\u00e9l\u00e9charger en pdf<\/a>) de Microsoft.<\/p>\n\n\n\n<p>Si je n'y trouve aucune r\u00e9f\u00e9rence directe aux nanoparticules, l'objet de ce brevet ne fait aucun doute.<br>Le propos de ce brevet est de cr\u00e9er de la cryptomonnaie \u00e0 partir de l'activit\u00e9 d'un individu.<br>Dit autrement, il s'agit de r\u00e9mun\u00e9rer un individu en fonction de son activit\u00e9 corporelle, \u00e0 condition que celle-ci satisfasse aux conditions \u00e9tablies par le syst\u00e8me.<\/p>\n\n\n\n<p>On peut trouver 2 lectures de ce brevet par des sites sp\u00e9cialis\u00e9s en cryptomonnaies.<br>Une premi\u00e8re en anglais.<br><a rel=\"noreferrer noopener\" href=\"https:\/\/news.bitcoin.com\/microsoft-cryptocurrency-system\/\" data-type=\"URL\" data-id=\"https:\/\/news.bitcoin.com\/microsoft-cryptocurrency-system\/\" target=\"_blank\">Microsoft Patents New Cryptocurrency System Using Body Activity Data<\/a><br>Une seconde en fran\u00e7ais.<br><a rel=\"noreferrer noopener\" href=\"https:\/\/cryptonaute.fr\/microsoft-imagine-minage-crypto-monnaie-cerveau\/\" target=\"_blank\">Microsoft imagine un minage de crypto-monnaie \u00e0 port\u00e9e de cerveau<\/a><\/p>\n\n\n\n<p>Si cela vous semble familier, c'est parce que ce genre d'id\u00e9e, d'une surveillance des individus li\u00e9es \u00e0 une r\u00e9compense, a d\u00e9j\u00e0 \u00e9t\u00e9 trait\u00e9e par une s\u00e9rie TV.<br><a rel=\"noreferrer noopener\" href=\"https:\/\/fr.wikipedia.org\/wiki\/%C3%89pisodes_de_Black_Mirror#%C3%89pisode_2_:_15_millions_de_m%C3%A9rites\" data-type=\"URL\" data-id=\"https:\/\/fr.wikipedia.org\/wiki\/%C3%89pisodes_de_Black_Mirror#%C3%89pisode_2_:_15_millions_de_m%C3%A9rites\" target=\"_blank\">Black Mirror - 15 millions de m\u00e9rites<\/a><br><a rel=\"noreferrer noopener\" href=\"https:\/\/fr.wikipedia.org\/wiki\/%C3%89pisodes_de_Black_Mirror#%C3%89pisode_1_:_Chute_libre\" data-type=\"URL\" data-id=\"https:\/\/fr.wikipedia.org\/wiki\/%C3%89pisodes_de_Black_Mirror#%C3%89pisode_1_:_Chute_libre\" target=\"_blank\">Black Mirror - Chute libre<\/a><\/p>\n\n\n\n<p>Et \u00e7a ne se limite pas \u00e0 la fiction, puisque la Chine exp\u00e9rimente d\u00e9j\u00e0 un concept similaire avec le cr\u00e9dit social.<br><a href=\"https:\/\/www.geo.fr\/voyage\/sanctions-systeme-de-notation-comment-la-chine-entend-fabriquer-des-citoyens-modeles-199670\" target=\"_blank\" rel=\"noreferrer noopener\">Sanctions, syst\u00e8me de notation : comment la Chine entend fabriquer des citoyens mod\u00e8les<\/a><\/p>\n\n\n\n<hr class=\"wp-block-separator has-css-opacity is-style-dots\"\/>\n\n\n\n<ul class=\"wp-block-list\" id=\"5\"><li><strong>Un rapport de suivi de l'activit\u00e9 sur les t\u00e9l\u00e9phones Android ?<\/strong><\/li><\/ul>\n\n\n\n<figure class=\"wp-block-table\"><table><tbody><tr><td>Mon cas personnel est particulier, si je dispose en effet d'un t\u00e9l\u00e9phone Android, ses fonctionnalit\u00e9s sont strictement encadr\u00e9es et je bride beaucoup des fonctionnalit\u00e9s li\u00e9es \u00e0 Google.<br>Je n'ai donc jamais observ\u00e9 ce comportement.<\/td><\/tr><\/tbody><\/table><\/figure>\n\n\n\n<p>On peut raisonnablement imaginer que ces rapports de suivi d'activit\u00e9 sont li\u00e9s \u00e0 l'Exposure Notifications mis en place par Google et Apple (<a rel=\"noreferrer noopener\" href=\"https:\/\/en.wikipedia.org\/wiki\/Exposure_Notification\" target=\"_blank\">source<\/a>).<\/p>\n\n\n\n<p>Ce m\u00e9canisme, cr\u00e9\u00e9 en d\u00e9but d'ann\u00e9e 2020, a \u00e9t\u00e9 install\u00e9 sur les t\u00e9l\u00e9phones Android, sans en avertir les utilisateurs, qui pour certains ont d\u00e9couvert par hasard qu'il \u00e9tait d\u00e9j\u00e0 install\u00e9 depuis une dur\u00e9e ind\u00e9finie.<\/p>\n\n\n\n<figure class=\"wp-block-table\"><table><tbody><tr><td>En guise de source, je peux vous affirmer que je ne l'ai pas install\u00e9 moi m\u00eame. J'aurais refus\u00e9. Et pourtant l'algorithme est bien pr\u00e9sent dans mon t\u00e9l\u00e9phone, sans que j'en ai \u00e9t\u00e9 inform\u00e9.<\/td><\/tr><\/tbody><\/table><\/figure>\n\n\n\n<p>Comme l'explique cette <a rel=\"noreferrer noopener\" href=\"https:\/\/support.google.com\/googleplay\/answer\/9888358?hl=fr\" target=\"_blank\">documentation de Google<\/a>, ce m\u00e9canisme est toutefois, th\u00e9oriquement, d\u00e9sactiv\u00e9 par d\u00e9faut.<\/p>\n\n\n\n<hr class=\"wp-block-separator has-css-opacity is-style-dots\"\/>\n\n\n\n<ul class=\"wp-block-list\" id=\"6\"><li><strong>Elon Musk veut influer sur l'esprit humain et a d\u00e9j\u00e0 implant\u00e9 une cl\u00e9 USB dans le cerveau d'un cochon ?<\/strong><\/li><\/ul>\n\n\n\n<p>Ce n'est pas simplement une \"cl\u00e9 USB\", c'est une puce informatique permettant de monitorer l'activit\u00e9 du cerveau de ce cochon.<br>C'\u00e9tait en ao\u00fbt de cette ann\u00e9e.<\/p>\n\n\n\n<p><a rel=\"noreferrer noopener\" href=\"https:\/\/www.bbc.com\/news\/world-us-canada-53956683\" data-type=\"URL\" data-id=\"https:\/\/www.bbc.com\/news\/world-us-canada-53956683\" target=\"_blank\">BBC - Neuralink: Elon Musk unveils pig with chip in its brain<\/a><\/p>\n\n\n\n<blockquote class=\"wp-block-quote is-layout-flow wp-block-quote-is-layout-flow\"><p><em>\"It's kind of like a Fitbit in your skull with tiny wires,\" the billionaire entrepreneur said<br>---<br>\"C'est un peu comme un Fitbit dans votre cr\u00e2ne avec des fils minuscules\", a d\u00e9clar\u00e9 l'entrepreneur milliardaire<\/em><\/p><cite>BBC<\/cite><\/blockquote>\n\n\n\n<p>Quand \u00e0 l'intention d'Elon Musk d'influer sur l'esprit humain.<\/p>\n\n\n\n<p><a rel=\"noreferrer noopener\" href=\"https:\/\/www.bbc.com\/news\/technology-49004004\" target=\"_blank\">BBC - Elon Musk reveals brain-hacking plans<\/a><\/p>\n\n\n\n<blockquote class=\"wp-block-quote is-layout-flow wp-block-quote-is-layout-flow\"><p><em>\"It's not like suddenly we will have this incredible neural lace and will take over people's brains,\" Mr Musk said during his presentation. \"It will take a long time.\"<br>---<br>\"Ce n'est pas comme si nous allions soudainement avoir cette incroyable dentelle neurale et prendre le contr\u00f4le du cerveau des gens\", a d\u00e9clar\u00e9 M. Musk lors de sa pr\u00e9sentation. \"Cela prendra beaucoup de temps.\"<\/em><\/p><cite>BBC<\/cite><\/blockquote>\n\n\n\n<hr class=\"wp-block-separator has-css-opacity is-style-dots\"\/>\n\n\n\n<ul class=\"wp-block-list\" id=\"7\"><li><strong>Quel rapport avec l'institut Berggruen ?<\/strong><\/li><\/ul>\n\n\n\n<p>Je dois bien reconna\u00eetre que je me suis s\u00e9rieusement pos\u00e9 la question. Quel rapport !?<\/p>\n\n\n\n<p>Mais tout d'abord, les faits:<\/p>\n\n\n\n<p><a rel=\"noreferrer noopener\" href=\"https:\/\/www.challenges.fr\/classement\/classement-des-fortunes-de-france\/fortunes-riches-parias-l-homme-qui-donnait-1-milliard_719866\" data-type=\"URL\" data-id=\"https:\/\/www.challenges.fr\/classement\/classement-des-fortunes-de-france\/fortunes-riches-parias-l-homme-qui-donnait-1-milliard_719866\" target=\"_blank\">Challenges - Fortunes: Le patron de Twitter donne un milliard de dollars contre le coronavirus<\/a><\/p>\n\n\n\n<p>Et qu'est-ce donc que Square ?<br>C'est une solution de paiement pour payer de mani\u00e8re d\u00e9mat\u00e9rialis\u00e9e (<a rel=\"noreferrer noopener\" href=\"https:\/\/squareup.com\/ca\/fr\/point-of-sale\" target=\"_blank\">source<\/a>).<\/p>\n\n\n\n<p>Quand \u00e0 l'institut Berggruen, leurs id\u00e9es sont effectivement assum\u00e9es:<\/p>\n\n\n\n<ul class=\"wp-block-list\"><li><a rel=\"noreferrer noopener\" href=\"https:\/\/www.berggruen.org\/work\/the-transformations-of-the-human\/\" data-type=\"URL\" data-id=\"https:\/\/www.berggruen.org\/work\/the-transformations-of-the-human\/\" target=\"_blank\">The Transformations of the Human<\/a><\/li><li><a rel=\"noreferrer noopener\" href=\"https:\/\/www.berggruen.org\/work\/the-future-of-democracy\/\" target=\"_blank\">The Future of Democracy<\/a><\/li><li><a rel=\"noreferrer noopener\" href=\"https:\/\/www.berggruen.org\/work\/the-future-of-capitalism\/\" target=\"_blank\">The Future of Capitalism<\/a><\/li><li><a href=\"https:\/\/web.archive.org\/web\/20201114195231\/https:\/\/www.berggruen.org\/work\/21st-century-council\/\" data-type=\"URL\" data-id=\"https:\/\/web.archive.org\/web\/20201114195231\/https:\/\/www.berggruen.org\/work\/21st-century-council\/\" target=\"_blank\" rel=\"noreferrer noopener\">Globalization and Geopolitics<\/a><\/li><\/ul>\n\n\n\n<p>Outre plusieurs membres de l'institut Berggruen qui sont \u00e9galement membres du World Economic Forum, de nombreux autres sont intervenus \u00e0 Davos dans les cadres des meetings annuels en janvier.<\/p>\n\n\n\n<p>Plus particuli\u00e8rement, on notera la surprenante similitude des id\u00e9es de l'institut Berggruen et du World Economic Forum qui partagent tout deux les m\u00eames objectifs de transhumanisme, de capitalisme \u00e9thique et de gouvernance mondiale par une technocratie bienveillante.<\/p>\n\n\n\n<figure class=\"wp-block-table\"><table><tbody><tr><td>Pour ce donner une id\u00e9e de ces mondes meilleurs qui s'offrent \u00e0 nous, je vous conseille vivement la lecture de 1984, pour son application du capitalisme \u00e9thique et d'un gouvernement presque mondial et Le meilleur des mondes, pour sa technocratie bienveillante et le transhumanisme.<\/td><\/tr><\/tbody><\/table><\/figure>\n\n\n\n<hr class=\"wp-block-separator has-css-opacity is-style-dots\"\/>\n\n\n\n<ul class=\"wp-block-list\" id=\"8\"><li><strong>Laurent Alexandre explique-t-il vraiment qu'il y a les <strong>winners<\/strong>, les <strong>dieux<\/strong> et les loosers, les inutiles ?<\/strong><\/li><\/ul>\n\n\n\n<p>L'intervention d'origine de Laurent Alexandre est longue, pr\u00e8s de 39 minutes. La partie montr\u00e9e \u00e0 Nathalie Derivaux est effectivement int\u00e9ressante mais devrait \u00eatre remise dans son contexte.<\/p>\n\n\n\n<p>Tout d'abord, il est int\u00e9ressant, important m\u00eame, de voir l'ensemble de l'extrait. Ce que nous voyons dans le documentaire est un montage, pour \u00e9viter 3 minutes de discours.<br>L'extrait dans sa globalit\u00e9, de 3 minutes, est disponible sur YouTube.<br><a rel=\"noreferrer noopener\" href=\"https:\/\/www.youtube.com\/watch?v=VUsAKx3NaEY\" data-type=\"URL\" data-id=\"https:\/\/www.youtube.com\/watch?v=VUsAKx3NaEY\" target=\"_blank\">Youtube - Ce qu'a vraiment dit Laurent Alexandre<\/a><br>Et on peut \u00e9galement voir l'intervention dans sa globalit\u00e9, qui dure 39 minutes.<br><a rel=\"noreferrer noopener\" href=\"https:\/\/www.youtube.com\/watch?v=rzqw8JaAIYY\" data-type=\"URL\" data-id=\"https:\/\/www.youtube.com\/watch?v=rzqw8JaAIYY\" target=\"_blank\">Youtube - Laurent Alexandre transhumanisme<\/a><\/p>\n\n\n\n<p>Hors, ce qui est int\u00e9ressant c'est la phrase qui vient juste apr\u00e8s la coupure de la vid\u00e9o dans le documentaire. En effet, Laurent Alexandre ajoute ensuite:<\/p>\n\n\n\n<blockquote class=\"wp-block-quote is-layout-flow wp-block-quote-is-layout-flow\"><p><em>Et je reprend les termes de Harari non pas pour m'en f\u00e9liciter, mais pour alerter tout le monde sur le fait que la crise des gilets jaunes n'est pas un \u00e9piph\u00e9nom\u00e8ne, elle est l\u00e0 pour 100 ans.<\/em><\/p><cite>Laurent Alexandre<\/cite><\/blockquote>\n\n\n\n<p>Avant de continuer, quelques informations utiles pour mieux comprendre ce discours.<\/p>\n\n\n\n<p>Le <a rel=\"noreferrer noopener\" href=\"https:\/\/fr.wikipedia.org\/wiki\/Suffrage_censitaire\" data-type=\"URL\" data-id=\"https:\/\/fr.wikipedia.org\/wiki\/Suffrage_censitaire\" target=\"_blank\">suffrage censitaire<\/a> est un suffrage qui limite l'acc\u00e8s au vote aux classes les plus riches, ou les moins pauvres selon le seuil.<\/p>\n\n\n\n<p>Capitalisme cognitif ? C'est l'<a rel=\"noreferrer noopener\" href=\"https:\/\/fr.wikipedia.org\/wiki\/%C3%89conomie_du_savoir\" target=\"_blank\">\u00e9conomie du savoir<\/a>, un capitalisme qui ne se base pas sur la vente de marchandise ou la production de bien mais sur la connaissance et les ressources qui peuvent en \u00eatre tir\u00e9es.<\/p>\n\n\n\n<p>Harari, Homo Deus ? Il s'agit d'un ouvrage de Yuval Noah Harari nomm\u00e9 \"Homo Deus : Une br\u00e8ve histoire de l'avenir\", dont le propos est de mettre en garde contre l'\u00e9volution de l'humanit\u00e9.<br>On peut en trouver un r\u00e9sum\u00e9 sur le site de l'auteur, <a rel=\"noreferrer noopener\" href=\"https:\/\/www.ynharari.com\/fr\/book\/homo-deus\/\" target=\"_blank\">ynharari.com<\/a><\/p>\n\n\n\n<p class=\"has-text-align-center\">---<\/p>\n\n\n\n<p>Pour en revenir \u00e0 ses propos, oui, Laurent Alexandre divise la soci\u00e9t\u00e9 entre les winners et les loosers. Oui ses propos, surtout en suivant son intervention dans sa globalit\u00e9, manque de d\u00e9cence et sont condescendants.<\/p>\n\n\n\n<p>Mais il faut nuancer son propos, en prenant du recul, Laurent Alexandre fait r\u00e9f\u00e9rence \u00e0 Harari, et sa notion de dieux et inutiles, pour mettre en garde contre le risque de schisme dans la population entre ceux qui connaissent les m\u00e9canismes de la technologie moderne et les autres.<br>Ou, un schisme entre les ing\u00e9nieurs et le reste de la population.<\/p>\n\n\n\n<p>Si la forme est pour le moins discutable, le fond n'est pas de renforcer les winners, les ing\u00e9nieurs, contre les loosers, les non-ing\u00e9nieurs, mais au contraire de mettre en garde contre une mont\u00e9e de la technologie qui pourrait laisser de c\u00f4t\u00e9 les non technophiles.<br>C'est la raison pour laquelle cette intervention \u00e0 lieu dans le cadre de l'enseignement.<\/p>\n\n\n\n<p>Un autre point \u00e0 pr\u00e9ciser, sauf \u00e0 consid\u00e9rer le Great Reset et son interpr\u00e9tation comme un avenir certain, le public de cette conf\u00e9rence ne repr\u00e9sente pas nos futurs dirigeants, mais de futurs ing\u00e9nieurs.<\/p>\n\n\n\n<p class=\"has-text-align-center\">---<\/p>\n\n\n\n<p>Tout cela \u00e9tant dit, cet extrait et la r\u00e9action de Nathalie Derivaux soutiennent le propos g\u00e9n\u00e9ral du documentaire \u00e0 ce point.<br>Le propos global de Laurent Alexandre est de mettre en garde contre un futur dystopique technocratique. Or c'est \u00e9galement l'objectif du Great Reset, bien que l'aspect dystopique soit laiss\u00e9 \u00e0 l'appr\u00e9ciation de chacun.<\/p>\n\n\n\n<p>La r\u00e9action de Nathalie Derivaux a donc le m\u00e9rite de faire r\u00e9fl\u00e9chir \u00e0 la perspective d'une soci\u00e9t\u00e9 technocratique o\u00f9 la population g\u00e9n\u00e9rale deviendrait effectivement les \"inutiles\" en face des \"dieux\" que serait les grandes soci\u00e9t\u00e9s technologiques et leurs dirigeants.<\/p>\n\n\n\n<figure class=\"wp-block-table\"><table><tbody><tr><td>Mon avis personnel sur la question est que l'intervention de Laurent Alexandre est d\u00e9tourn\u00e9e de son propos initial pour provoquer la r\u00e9action de Nathalie Derivaux. Le tout servant le propos sans finalement d\u00e9vier de la r\u00e9alit\u00e9 de la situation.<br>Si l'expos\u00e9 de Laurent Alexandre \u00e0 bien comme destination d'alerter sur la potentialit\u00e9 d'une scission entre deux parties de la population. Il convient tout de m\u00eame de lui reconnaitre, malgr\u00e9 la maladresse des termes employ\u00e9s, la volont\u00e9 justement d'\u00e9viter ce futur dystopique.<\/td><\/tr><\/tbody><\/table><\/figure>\n\n\n\n<hr class=\"wp-block-separator has-css-opacity\"\/>\n\n\n\n<p>J'approche de la fin, mais il reste encore du travail...<br>La suite avec le 7e article est disponible: <a href=\"https:\/\/crudelis.fr\/site\/covid1984\/2020\/11\/18\/hold-up-le-documentaire-choc-informations-complementaires-7e-partie\/\" data-type=\"URL\" data-id=\"https:\/\/crudelis.fr\/site\/covid1984\/2020\/11\/18\/hold-up-le-documentaire-choc-informations-complementaires-7e-partie\/\">Hold-Up, le documentaire choc. Informations compl\u00e9mentaires. (7e partie)<\/a><\/p>\n","protected":false},"excerpt":{"rendered":"<p>Faisant suite aux 5 premiers articles publi\u00e9s suite \u00e0 la sortie du documentaire Hold-Up. Voil\u00e0 une nouvelle s\u00e9rie d'informations v\u00e9rifi\u00e9es.<\/p>\n","protected":false},"author":2,"featured_media":0,"comment_status":"open","ping_status":"open","sticky":false,"template":"","format":"standard","meta":{"footnotes":""},"categories":[4,77,6,7,8],"tags":[22],"class_list":["post-446","post","type-post","status-publish","format-standard","hentry","category-analyse","category-covid19","category-democratie","category-documentaire","category-hold-up","tag-great-reset"],"_links":{"self":[{"href":"https:\/\/crudelis.fr\/site\/covid1984\/wp-json\/wp\/v2\/posts\/446","targetHints":{"allow":["GET"]}}],"collection":[{"href":"https:\/\/crudelis.fr\/site\/covid1984\/wp-json\/wp\/v2\/posts"}],"about":[{"href":"https:\/\/crudelis.fr\/site\/covid1984\/wp-json\/wp\/v2\/types\/post"}],"author":[{"embeddable":true,"href":"https:\/\/crudelis.fr\/site\/covid1984\/wp-json\/wp\/v2\/users\/2"}],"replies":[{"embeddable":true,"href":"https:\/\/crudelis.fr\/site\/covid1984\/wp-json\/wp\/v2\/comments?post=446"}],"version-history":[{"count":3,"href":"https:\/\/crudelis.fr\/site\/covid1984\/wp-json\/wp\/v2\/posts\/446\/revisions"}],"predecessor-version":[{"id":2537,"href":"https:\/\/crudelis.fr\/site\/covid1984\/wp-json\/wp\/v2\/posts\/446\/revisions\/2537"}],"wp:attachment":[{"href":"https:\/\/crudelis.fr\/site\/covid1984\/wp-json\/wp\/v2\/media?parent=446"}],"wp:term":[{"taxonomy":"category","embeddable":true,"href":"https:\/\/crudelis.fr\/site\/covid1984\/wp-json\/wp\/v2\/categories?post=446"},{"taxonomy":"post_tag","embeddable":true,"href":"https:\/\/crudelis.fr\/site\/covid1984\/wp-json\/wp\/v2\/tags?post=446"}],"curies":[{"name":"wp","href":"https:\/\/api.w.org\/{rel}","templated":true}]}}