{"id":463,"date":"2020-11-18T17:15:51","date_gmt":"2020-11-18T17:15:51","guid":{"rendered":"https:\/\/covid1984.nohost.me\/blog\/?p=463"},"modified":"2022-09-12T09:56:36","modified_gmt":"2022-09-12T09:56:36","slug":"hold-up-le-documentaire-choc-informations-complementaires-7e-partie","status":"publish","type":"post","link":"https:\/\/crudelis.fr\/site\/covid1984\/2020\/11\/18\/hold-up-le-documentaire-choc-informations-complementaires-7e-partie\/","title":{"rendered":"Hold-Up, le documentaire choc. Informations compl\u00e9mentaires. (7e partie)"},"content":{"rendered":"\n<p>La suite des 6 premiers articles publi\u00e9s suite \u00e0 la sortie du documentaire <a href=\"https:\/\/crudelis.fr\/site\/covid1984\/2020\/11\/11\/hold-up-le-documentaire-a-voir-pour-comprendre-ce-quil-se-passe\/\" data-type=\"URL\" data-id=\"https:\/\/crudelis.fr\/site\/covid1984\/2020\/11\/11\/hold-up-le-documentaire-a-voir-pour-comprendre-ce-quil-se-passe\/\" target=\"_blank\" rel=\"noreferrer noopener\">Hold-Up<\/a>. On arrive au bout, mais il y a encore des informations \u00e0 v\u00e9rifier.<\/p>\n\n\n\n<!--more-->\n\n\n\n<ul class=\"wp-block-list\" id=\"1\"><li><strong>Un taux de mortalit\u00e9 entre 0.3 et 0.5% ?<\/strong><\/li><\/ul>\n\n\n\n<p>Andr\u00e9 Comte-Sponville se m\u00e9lange un peu les pinceaux en parlant de taux de mortalit\u00e9 et de taux de l\u00e9talit\u00e9. Si il est probable que le taux de l\u00e9talit\u00e9 \u00e9tait de 0.3% \u00e0 0.5% d\u00e9but septembre. Il est int\u00e9ressant d'\u00e9tudier la question pr\u00e9cis\u00e9ment.<\/p>\n\n\n\n<p>Tout d'abord, il convient de faire la diff\u00e9rence entre le taux de mortalit\u00e9 et le taux de l\u00e9talit\u00e9.<\/p>\n\n\n\n<p>Le <strong>taux de mortalit\u00e9<\/strong> est le nombre de mort sur la population g\u00e9n\u00e9rale. C'est une indication globale de l'impact de la maladie sur la population g\u00e9n\u00e9rale.<\/p>\n\n\n\n<p>Le <strong>taux de l\u00e9talit\u00e9<\/strong> est le nombre de mort sur la population infect\u00e9e. C'est donc une mesure de la mortalit\u00e9 de la maladie pour ceux qui l'ont contract\u00e9.<\/p>\n\n\n\n<p>Qu'en est-il de la peste ?<br>Puisque c'est la comparaison propos\u00e9e par Andr\u00e9 Comte-Sponville, voyons \u00e7a.<br>La peste noire, lors de l'\u00e9pid\u00e9mie du 14e si\u00e8cle, est consid\u00e9r\u00e9e comme ayant un taux de mortalit\u00e9 entre 30% et 50% de la population europ\u00e9enne. Et un taux de l\u00e9talit\u00e9 de 100%.<\/p>\n\n\n\n<p>Donc, la peste \u00e9tait mortelle pour tout ceux qui la contractait et a tu\u00e9 pr\u00e8s de la moiti\u00e9 de la population.<\/p>\n\n\n\n<p>Qu'en est-il du covid-19 ?<br>Si on se r\u00e9f\u00e8re aux chiffres actuels (17 novembre), nous en somme \u00e0 46 273 morts, 2\u202f036\u202f755 personnes infect\u00e9es et 67 848 156 de Fran\u00e7ais.<\/p>\n\n\n\n<p>Le taux de l\u00e9talit\u00e9 se calcule donc de la mani\u00e8re suivante:<br>Nombre de morts \/ nombre de personnes infect\u00e9es * 100<br>46 273 \/ 2\u202f036\u202f755 * 100 = <strong>2.27%<\/strong><\/p>\n\n\n\n<p>Et le taux de mortalit\u00e9 de la mani\u00e8re suivante:<br>Nombre de morts \/ ensemble de la population * 100<br>46 273 \/ 67 848 156 * 100 = <strong>0.07%<\/strong><\/p>\n\n\n\n<p>La conclusion est donc que pour une personne infect\u00e9e par le covid-19, il y a <strong>97.73%<\/strong> de chance de survivre. Contre 0% pour la peste...<br>Puisque le <strong>taux de l\u00e9talit\u00e9<\/strong> du covid est de <strong>2.27%<\/strong>.<\/p>\n\n\n\n<p>Et pour l'ensemble de la population fran\u00e7aise, le <strong>taux de mortalit\u00e9<\/strong> est de <strong>0.07%<\/strong>, contre 30 \u00e0 50% pour la peste.<br>Dit autrement, <strong>99.93%<\/strong> des fran\u00e7ais ont surv\u00e9cu \u00e0 la pand\u00e9mie de covid \u00e0 ce jour.<\/p>\n\n\n\n<p>Nous pouvons remettre en perspective les propos de <a href=\"https:\/\/crudelis.fr\/site\/covid1984\/2020\/11\/15\/hold-up-le-documentaire-choc-informations-complementaires-5e-partie#7\" data-type=\"URL\" data-id=\"https:\/\/crudelis.fr\/site\/covid1984\/2020\/11\/15\/hold-up-le-documentaire-choc-informations-complementaires-5e-partie#7\" target=\"_blank\" rel=\"noreferrer noopener\">J\u00e9r\u00f4me Salomon qui avait compar\u00e9 le covid \u00e0 la peste noire<\/a>.<\/p>\n\n\n\n<p class=\"has-text-align-center\">---<\/p>\n\n\n\n<p>Pour avoir une vision globale, les chiffres d'aujourd'hui nous donnent pour le monde entier. 1\u202f341\u202f654 morts, 55\u202f867\u202f962 personnes infect\u00e9es et 7,8 milliards d'\u00eatres humains.<\/p>\n\n\n\n<p>Soit un <strong>taux de l\u00e9talit\u00e9<\/strong> mondial de <strong>2.4%<\/strong>.<br>Et un <strong>taux de mortalit\u00e9<\/strong> mondial de <strong>0.02%<\/strong>.<\/p>\n\n\n\n<hr class=\"wp-block-separator has-css-opacity is-style-dots\"\/>\n\n\n\n<ul class=\"wp-block-list\" id=\"2\"><li><strong>Des enfants traumatis\u00e9s en raison du covid ?<\/strong><\/li><\/ul>\n\n\n\n<p>Difficile pour le moment de trouver des informations, une \u00e9tude du CHU de Toulouse a d\u00e9marrer en mai. Elle n'est pas termin\u00e9e mais pr\u00e9sente d\u00e9j\u00e0 quelques r\u00e9sultats.<\/p>\n\n\n\n<p><a rel=\"noreferrer noopener\" href=\"https:\/\/www.20minutes.fr\/toulouse\/2801999-20200618-coronavirus-confinement-plus-traumatisant-parait-enfants-selon-premiers-resultats-etude\" data-type=\"URL\" data-id=\"https:\/\/www.20minutes.fr\/toulouse\/2801999-20200618-coronavirus-confinement-plus-traumatisant-parait-enfants-selon-premiers-resultats-etude\" target=\"_blank\">20 minutes - Coronavirus : Le confinement plus traumatisant qu'il n'y para\u00eet pour les enfants selon les premiers r\u00e9sultats d'une \u00e9tude<\/a><\/p>\n\n\n\n<p><a rel=\"noreferrer noopener\" href=\"https:\/\/www.lequotidiendumedecin.fr\/specialites\/infectiologie\/comment-vont-les-enfants-la-sortie-du-confinement-lhopital-de-toulouse-lance-letude-e-cocoon\" data-type=\"URL\" data-id=\"https:\/\/www.lequotidiendumedecin.fr\/specialites\/infectiologie\/comment-vont-les-enfants-la-sortie-du-confinement-lhopital-de-toulouse-lance-letude-e-cocoon\" target=\"_blank\">Le quotidien du medecin - Comment vont les enfants \u00e0 la sortie du confinement ? L'h\u00f4pital de Toulouse lance l'\u00e9tude E-Cocoon<\/a><\/p>\n\n\n\n<p>On trouve \u00e9galement des articles anglais et am\u00e9ricain sur le sujet.<\/p>\n\n\n\n<figure class=\"wp-block-table\"><table class=\"has-subtle-pale-pink-background-color has-background\"><tbody><tr><td><em>Pour les articles qui ne sont pas en fran\u00e7ais, vous pouvez utiliser <a rel=\"noreferrer noopener\" href=\"https:\/\/www.deepl.com\/translator\" target=\"_blank\">DeepL<\/a> pour traduire le texte en fran\u00e7ais.<\/em><\/td><\/tr><\/tbody><\/table><\/figure>\n\n\n\n<p><a rel=\"noreferrer noopener\" href=\"https:\/\/www.huffpost.com\/entry\/children-trauma-covid-19_l_5f91a86fc5b695a32fb152ad?guccounter=1\" target=\"_blank\">huffpost - How To Spot Signs Of Trauma In Children During COVID-19<\/a><\/p>\n\n\n\n<p><a href=\"https:\/\/www.mentalhealth.org.uk\/publications\/impacts-lockdown-mental-health-children-and-young-people\" data-type=\"URL\" data-id=\"https:\/\/www.mentalhealth.org.uk\/publications\/impacts-lockdown-mental-health-children-and-young-people\" target=\"_blank\" rel=\"noreferrer noopener\">Mental Health Foundation - Impacts of lockdown on the mental health of children and young people<\/a><\/p>\n\n\n\n<hr class=\"wp-block-separator has-css-opacity is-style-dots\"\/>\n\n\n\n<ul class=\"wp-block-list\" id=\"3\"><li><strong>Le gouvernement a-t-il vraiment dit qu'il ne fallait pas aller voir son m\u00e9decin traitant en cas de sympt\u00f4me ?<\/strong><\/li><\/ul>\n\n\n\n<p>Internet a tr\u00e8s bonne m\u00e9moire, gr\u00e2ce notamment \u00e0 la Wayback Machine de L'internet Archive.<br>Celle-ci nous permet de constater que le discours du gouvernement est rest\u00e9 le m\u00eame jusqu'au 16 mars, soit la veille du confinement. Le message \u00e9tait le suivant:<\/p>\n\n\n\n<blockquote class=\"wp-block-quote is-layout-flow wp-block-quote-is-layout-flow\"><p>Contactez le Samu Centre 15<br>Ne vous rendez pas chez votre m\u00e9decin traitant<\/p><cite><a href=\"https:\/\/web.archive.org\/web\/20200314055503\/https:\/\/www.gouvernement.fr\/info-coronavirus\" data-type=\"URL\" data-id=\"https:\/\/web.archive.org\/web\/20200314055503\/https:\/\/www.gouvernement.fr\/info-coronavirus\" target=\"_blank\" rel=\"noreferrer noopener\">gouvernement.fr<\/a><\/cite><\/blockquote>\n\n\n\n<p>C'est seulement le 16 mars au matin que le discours change pour:<\/p>\n\n\n\n<blockquote class=\"wp-block-quote is-layout-flow wp-block-quote-is-layout-flow\"><p>j\u2019appelle un m\u00e9decin avant de me rendre \u00e0 son cabinet<\/p><cite><a href=\"https:\/\/web.archive.org\/web\/20200316113251\/https:\/\/www.gouvernement.fr\/info-coronavirus\" data-type=\"URL\" data-id=\"https:\/\/web.archive.org\/web\/20200316113251\/https:\/\/www.gouvernement.fr\/info-coronavirus\" target=\"_blank\" rel=\"noreferrer noopener\">gouvernement.fr<\/a><\/cite><\/blockquote>\n\n\n\n<p>Donc, jusqu'\u00e0 la veille du confinement, le gouvernement a demand\u00e9 \u00e0 la population de ne pas aller voir son m\u00e9decin en cas de sympt\u00f4me mais d'appeler plut\u00f4t le 15.<\/p>\n\n\n\n<blockquote class=\"wp-block-quote is-layout-flow wp-block-quote-is-layout-flow\"><p><em>Les h\u00f4pitaux sont d\u00e9bord\u00e9s, les services de r\u00e9animations sont submerg\u00e9s.<br><code>Donc ils ont tout fait pour que \u00e7a arrive ?<\/code><br>Ils ont tout fait pour que \u00e7a arrive.<\/em><\/p><cite>Dr Claire Delval r\u00e9pond au journaliste.<\/cite><\/blockquote>\n\n\n\n<p>Il sera utile de se rappeler que la grippe aurait s\u00e9vit du 13 janvier au 15 mars selon Sant\u00e9 Publique France (<a href=\"https:\/\/crudelis.fr\/site\/covid1984\/2020\/11\/13\/hold-up-le-documentaire-choc-informations-complementaires-2e-partie#6\" data-type=\"URL\" data-id=\"https:\/\/crudelis.fr\/site\/covid1984\/2020\/11\/13\/hold-up-le-documentaire-choc-informations-complementaires-2e-partie#6\" target=\"_blank\" rel=\"noreferrer noopener\">comme indiqu\u00e9 pr\u00e9c\u00e9demment<\/a>). Donc durant la p\u00e9riode o\u00f9 le gouvernement demandait \u00e0 la population de ne pas aller voir son m\u00e9decin en cas de \"fi\u00e8vre ou sensation de fi\u00e8vre, toux, difficult\u00e9s respiratoires\".<\/p>\n\n\n\n<hr class=\"wp-block-separator has-css-opacity is-style-dots\"\/>\n\n\n\n<ul class=\"wp-block-list\" id=\"4\"><li><strong>Madagascar conseille \u00e0 ses citoyens le Covid-Organics pour se pr\u00e9munir du virus ?<\/strong><\/li><\/ul>\n\n\n\n<p>Comme on peut le voir sur l'extrait, le pr\u00e9sident du Madagascar met un avant un rem\u00e8de appel\u00e9 Covid-Organics.<br>Le rem\u00e8de est critiqu\u00e9, car son efficacit\u00e9 n'est pas prouv\u00e9e scientifiquement.<\/p>\n\n\n\n<p><a rel=\"noreferrer noopener\" href=\"https:\/\/www.jeuneafrique.com\/1037682\/societe\/madagascar-le-covid-organics-de-rajoelina-ne-fait-toujours-pas-de-miracles\/\" target=\"_blank\">jeune afrique - Madagascar : le Covid-Organics de Rajoelina ne fait (toujours) pas de miracles<\/a><\/p>\n\n\n\n<p>N\u00e9anmoins, le rem\u00e8de a d\u2019ores et d\u00e9j\u00e0 \u00e9t\u00e9 export\u00e9 dans plusieurs pays d'Afrique.<\/p>\n\n\n\n<p><a href=\"https:\/\/www.reuters.com\/article\/us-health-coronavirus-madagascar-idUSKBN22K1HQ\" data-type=\"URL\" data-id=\"https:\/\/www.reuters.com\/article\/us-health-coronavirus-madagascar-idUSKBN22K1HQ\" target=\"_blank\" rel=\"noreferrer noopener\">Reuters - Madagascar coronavirus herbal mix draws demand from across Africa despite WHO misgivings<\/a><\/p>\n\n\n\n<p>Si Madagascar accuse 250 d\u00e9c\u00e8s de la maladie, cela repr\u00e9sente en r\u00e9alit\u00e9 un nombre de morts pour 100 000 habitants de 0.95\/100k. Loin derri\u00e8re la France avec notre 67.36\/100k (<a href=\"https:\/\/coronavirus.jhu.edu\/data\/mortality\" target=\"_blank\" rel=\"noreferrer noopener\">source<\/a>).<br>Cela reste toutefois proche de son voisin le Mozambique qui affiche 0.39\/100k.<\/p>\n\n\n\n<p>La situation \u00e9tant tr\u00e8s diff\u00e9rente sur le continent africain, il serait difficile d'en tirer des conclusions.<br>On peut toutefois s'interroger sur la volont\u00e9 de r\u00e9futer un m\u00e9dicament qui pourrait peut-\u00eatre \u00eatre efficace. D'autant plus en consid\u00e9rant que l'Afrique est un des continents les moins frapp\u00e9 par la pand\u00e9mie (<a href=\"https:\/\/ourworldindata.org\/coronavirus-data-explorer?zoomToSelection=true&amp;country=Africa~NorthAmerica~SouthAmerica~Asia~Oceania~Europe&amp;region=World&amp;deathsMetric=true&amp;interval=total&amp;hideControls=true&amp;smoothing=0&amp;pickerMetric=location&amp;pickerSort=asc\" target=\"_blank\" rel=\"noreferrer noopener\">source<\/a>).<\/p>\n\n\n\n<hr class=\"wp-block-separator has-css-opacity is-style-dots\"\/>\n\n\n\n<ul class=\"wp-block-list\" id=\"5\"><li><strong>Le tweet \u00e9pingl\u00e9 d'Olivier V\u00e9ran est-t-il un fake ?<\/strong><\/li><\/ul>\n\n\n\n<p>Le 31 octobre, Olivier V\u00e9ran a fait un tweet annon\u00e7ant<\/p>\n\n\n\n<blockquote class=\"wp-block-quote is-layout-flow wp-block-quote-is-layout-flow\"><p>1 malade toutes les 2 sec.<br>1 hospitalisation toutes les 30 sec.<br>1 mort toutes les 4 mins.<\/p><cite>Olivier V\u00e9ran<\/cite><\/blockquote>\n\n\n\n<p>Les chiffres du 31 octobre sont disponible sur <a rel=\"noreferrer noopener\" href=\"https:\/\/web.archive.org\/web\/20201031234329\/https:\/\/www.santepubliquefrance.fr\/dossiers\/coronavirus-covid-19\/coronavirus-chiffres-cles-et-evolution-de-la-covid-19-en-france-et-dans-le-monde\" data-type=\"URL\" data-id=\"https:\/\/web.archive.org\/web\/20201031234329\/https:\/\/www.santepubliquefrance.fr\/dossiers\/coronavirus-covid-19\/coronavirus-chiffres-cles-et-evolution-de-la-covid-19-en-france-et-dans-le-monde\" target=\"_blank\">Sant\u00e9 Publique France<\/a>.<\/p>\n\n\n\n<ul class=\"wp-block-list\"><li>35 641 cas confirm\u00e9s.<\/li><li>2507 admissions en r\u00e9animation.<\/li><li>224 d\u00e9c\u00e8s.<\/li><\/ul>\n\n\n\n<p>Si il est clair qu'il faut faire la distinction entre malades et cas confirm\u00e9s, les chiffres en eux m\u00eame sont approximativement justes.<\/p>\n\n\n\n<ul class=\"wp-block-list\"><li>1 <s>malade<\/s> <strong>cas confirm\u00e9<\/strong> toutes les 2.4 secondes.<\/li><li>1 admission en r\u00e9animation toutes les 34 secondes.<\/li><li>1 mort toutes les <strong>6.4<\/strong> minutes. (<strong>Un mort toutes les 4 minutes aurait fait 360 morts sur la journ\u00e9e, une surestimation de 60%.<\/strong>)<\/li><\/ul>\n\n\n\n<p>On rappellera \u00e9galement que le 31 octobre, d'apr\u00e8s l'<a rel=\"noreferrer noopener\" href=\"https:\/\/www.insee.fr\/fr\/statistiques\/4923977?sommaire=4487854#tableau-figure1_radio1\" data-type=\"URL\" data-id=\"https:\/\/www.insee.fr\/fr\/statistiques\/4923977?sommaire=4487854#tableau-figure1_radio1\" target=\"_blank\">insee<\/a>, il y a eu 1957 morts, toutes causes confondues, soit 1 mort toutes les 44 secondes.<\/p>\n\n\n\n<hr class=\"wp-block-separator has-css-opacity is-style-dots\"\/>\n\n\n\n<ul class=\"wp-block-list\" id=\"6\"><li><strong>Des m\u00e9dicaments responsable de centaines de milliers de morts en Am\u00e9rique ?<\/strong><\/li><\/ul>\n\n\n\n<p>Peter C. G\u00f8tzsche annonce 200 000 morts par an en raison des m\u00e9dicaments en Am\u00e9rique.<br>Il est difficile de corroborer ce chiffre, mais on peut affirmer qu'en 2017, les m\u00e9dicaments \u00e0 base d'opio\u00efdes ont tu\u00e9 47000 personnes aux \u00c9tats-Unis (<a rel=\"noreferrer noopener\" href=\"https:\/\/www.hhs.gov\/opioids\/about-the-epidemic\/index.html\" target=\"_blank\">source<\/a>).<\/p>\n\n\n\n<p>Cette \u00e9pid\u00e9mie des opio\u00efdes est devenue une urgence de sant\u00e9 publique aux \u00c9tats-Unis en raison de sa gravit\u00e9.<\/p>\n\n\n\n<p><a href=\"https:\/\/www.liberation.fr\/planete\/2019\/05\/07\/les-etats-unis-mines-par-la-crise-sanitaire-de-l-oxycontin_1725536\" target=\"_blank\" rel=\"noreferrer noopener\">Lib\u00e9ration - Les \u00c9tats-Unis min\u00e9s par la crise sanitaire de l\u2019Oxycontin<\/a><\/p>\n\n\n\n<hr class=\"wp-block-separator has-css-opacity is-style-dots\"\/>\n\n\n\n<ul class=\"wp-block-list\" id=\"7\"><li><strong>Monique Pin\u00e7on-Charlot parle d'une 3e guerre mondiale, des riches contre les pauvres.<\/strong><\/li><\/ul>\n\n\n\n<p>Si on peut reconna\u00eetre l'usage maladroit du mot \"Holocauste\" (\u00e0 ne pas confondre avec \"holocauste\", sans majuscule), il est surprenant que Monique Pin\u00e7on-Charlot souhaite se d\u00e9solidariser des propos retenus par le documentaire (<a href=\"https:\/\/www.rtl.fr\/actu\/debats-societe\/hold-up-la-sociologue-monique-pincon-charlot-se-desolidarise-du-documentaire-polemique-7800922378\" data-type=\"URL\" data-id=\"https:\/\/www.rtl.fr\/actu\/debats-societe\/hold-up-la-sociologue-monique-pincon-charlot-se-desolidarise-du-documentaire-polemique-7800922378\" target=\"_blank\" rel=\"noreferrer noopener\">source<\/a>).<\/p>\n\n\n\n<blockquote class=\"wp-block-quote is-layout-flow wp-block-quote-is-layout-flow\"><p><em>Pour moi on est dans la 3e guerre mondiale. [...] c'est une guerre de classe que les plus riches m\u00e8nent contre les pauvres.<\/em><\/p><cite>Monique Pin\u00e7on-Charlot<\/cite><\/blockquote>\n\n\n\n<p>Cette notion de guerre de classe des riches contre les pauvres n'est pourtant ni nouvelle, ni sortie de son contexte. C'est un sujet qui a d\u00e9j\u00e0 \u00e9t\u00e9 \u00e9voqu\u00e9 par Monique Pin\u00e7on-Charlot.<\/p>\n\n\n\n<p><a rel=\"noreferrer noopener\" href=\"https:\/\/journals.openedition.org\/lectures\/15952\" data-type=\"URL\" data-id=\"https:\/\/journals.openedition.org\/lectures\/15952\" target=\"_blank\">Michel Pin\u00e7on, Monique Pin\u00e7on-Charlot, La violence des riches. Chronique d\u2019une immense casse sociale<\/a><\/p>\n\n\n\n<p><a rel=\"noreferrer noopener\" href=\"http:\/\/www.ventscontraires.net\/article.cfm\/14840_monique_pincon-charlotmichel_pincon__de_la_lutte_des_classes_a_la_guerre_des_classes.html\" data-type=\"URL\" data-id=\"http:\/\/www.ventscontraires.net\/article.cfm\/14840_monique_pincon-charlotmichel_pincon__de_la_lutte_des_classes_a_la_guerre_des_classes.html\" target=\"_blank\">Monique Pin\u00e7on-Charlot\/Michel Pin\u00e7on : De la lutte des classes \u00e0 la guerre des classes<\/a><\/p>\n\n\n\n<p>Le r\u00e9f\u00e9rence \u00e0 Warren Buffett et les riches gagnant la guerre peut-\u00eatre retrouv\u00e9e dans les propres mots du milliardaire.<br><em>La vid\u00e9o est en anglais, mais il est possible d'avoir des sous-titres en fran\u00e7ais.<\/em><br><a rel=\"noreferrer noopener\" href=\"https:\/\/www.youtube.com\/watch?v=RvcGUjXrKx4\" target=\"_blank\">Buffett: 'The extreme rich are clearly winning'<\/a><\/p>\n\n\n\n<hr class=\"wp-block-separator has-css-opacity is-style-dots\"\/>\n\n\n\n<ul class=\"wp-block-list\" id=\"8\"><li><strong>Un syst\u00e8me financier totalement int\u00e9gr\u00e9 \u00e0 la technologie, le transhumanisme, la technocratie, une dictature mondiale. Notre avenir ?<\/strong><\/li><\/ul>\n\n\n\n<p>Pinacle du complotisme ?<br>Voyons les faits...<\/p>\n\n\n\n<ul class=\"wp-block-list\"><li>Un syst\u00e8me financier totalement int\u00e9gr\u00e9 \u00e0 la technologie ?<\/li><\/ul>\n\n\n\n<p>Bas\u00e9e sur le concept des <a rel=\"noreferrer noopener\" href=\"https:\/\/fr.wikipedia.org\/wiki\/Cryptomonnaie\" target=\"_blank\">cryptomonnaies<\/a>, la <a rel=\"noreferrer noopener\" href=\"https:\/\/fr.wikipedia.org\/wiki\/Monnaie_num%C3%A9rique_de_banque_centrale\" target=\"_blank\">monnaie num\u00e9rique de banque centrale (CBDC)<\/a> reprend l'id\u00e9e d'une monnaie compl\u00e8tement d\u00e9mat\u00e9rialis\u00e9e, mais en remettant les banques au centre du dispositif.<br>C'\u00e9tait pourtant l\u00e0 le principe moteur de la cryptomonnaie, se lib\u00e9rer de l'emprise des banques.<\/p>\n\n\n\n<p>Alors que TIME, <a href=\"https:\/\/crudelis.fr\/site\/covid1984\/2020\/11\/17\/hold-up-le-documentaire-choc-informations-complementaires-6e-partie#3\" data-type=\"URL\" target=\"_blank\" rel=\"noreferrer noopener\">membre du World Economic Forum<\/a>, nous explique que les cryptomonnaies seraient id\u00e9ales pour aider les citoyens vivant dans des pays autoritaristes.<\/p>\n\n\n\n<p><a rel=\"noreferrer noopener\" href=\"https:\/\/time.com\/5486673\/bitcoin-venezuela-authoritarian\/\" target=\"_blank\">TIME - Why Bitcoin Matters for Freedom<\/a><\/p>\n\n\n\n<p>Le World Economic Forum lui m\u00eame explique que la monnaie num\u00e9rique de banque centrale est une solution d'avenir.<\/p>\n\n\n\n<p><a rel=\"noreferrer noopener\" href=\"https:\/\/www.weforum.org\/agenda\/2020\/08\/why-its-time-to-take-central-banks-digital-currencies-seriously\/\" target=\"_blank\">World Economic Forum - Why it's time to take central banks' digital currencies seriously<\/a><\/p>\n\n\n\n<ul class=\"wp-block-list\"><li>Le transhumanisme ?<\/li><\/ul>\n\n\n\n<blockquote class=\"wp-block-quote is-layout-flow wp-block-quote-is-layout-flow\"><p><em>Le transhumanisme est un mouvement culturel et intellectuel international pr\u00f4nant l'usage des sciences et des techniques afin d'am\u00e9liorer la condition humaine notamment par l'augmentation des capacit\u00e9s physiques et mentales des \u00eatres humains.<\/em><\/p><cite><a href=\"https:\/\/fr.wikipedia.org\/wiki\/Transhumanisme\" target=\"_blank\" rel=\"noreferrer noopener\">Wikipedia<\/a><\/cite><\/blockquote>\n\n\n\n<p>Durant le documentaire, nous avons d\u00e9j\u00e0 vu l'<a href=\"https:\/\/crudelis.fr\/site\/covid1984\/2020\/11\/17\/hold-up-le-documentaire-choc-informations-complementaires-6e-partie#7\" data-type=\"URL\" target=\"_blank\" rel=\"noreferrer noopener\">institut Berggruen<\/a> qui promeut le transhumanisme en le surnommant <a rel=\"noreferrer noopener\" href=\"https:\/\/www.berggruen.org\/work\/the-transformations-of-the-human\/\" data-type=\"URL\" data-id=\"https:\/\/www.berggruen.org\/work\/the-transformations-of-the-human\/\" target=\"_blank\">transformation de l'humain<\/a>.<\/p>\n\n\n\n<p>Le World Economic Forum n'est pas en reste avec les <a rel=\"noreferrer noopener\" href=\"https:\/\/www.weforum.org\/agenda\/2018\/05\/5-things-know-future-being-human-enhanced\/\" data-type=\"URL\" data-id=\"https:\/\/www.weforum.org\/agenda\/2018\/05\/5-things-know-future-being-human-enhanced\/\" target=\"_blank\">cinq choses \u00e0 savoir sur l'avenir de l'\u00eatre humain<\/a> pour qui voudrait \u00e9viter d\u2019\u00eatre pris dans une division sociale entre \"am\u00e9lior\u00e9s\" et \"non-am\u00e9lior\u00e9s\".<\/p>\n\n\n\n<ul class=\"wp-block-list\"><li>Technocratie vs d\u00e9mocratie ?<\/li><\/ul>\n\n\n\n<p>Une technocratie, qu'est-ce que c'est ?<br>D'apr\u00e8s <a href=\"https:\/\/fr.wikipedia.org\/wiki\/Technocratie\" target=\"_blank\" rel=\"noreferrer noopener\">Wikipedia<\/a>, une technocratie, au sens litt\u00e9ral du terme est<\/p>\n\n\n\n<blockquote class=\"wp-block-quote is-layout-flow wp-block-quote-is-layout-flow\"><p><em>une forme de gouvernement o\u00f9 la place des experts techniques et de leurs m\u00e9thodes est centrale dans les prises de d\u00e9cision<\/em><\/p><\/blockquote>\n\n\n\n<p>Une autre forme de technocratie, qui usurpe le terme, est la forme de gouvernement form\u00e9e par une <a rel=\"noreferrer noopener\" href=\"https:\/\/fr.wikipedia.org\/wiki\/Corpocratie\" data-type=\"URL\" data-id=\"https:\/\/fr.wikipedia.org\/wiki\/Corpocratie\" target=\"_blank\">corpocratie<\/a> d'entreprises \u00e0 la pointe de la technologie.<br>Ce sont les gouvernements habituels du mouvement de science-fiction <a rel=\"noreferrer noopener\" href=\"https:\/\/fr.wikipedia.org\/wiki\/Cyberpunk\" data-type=\"URL\" data-id=\"https:\/\/fr.wikipedia.org\/wiki\/Cyberpunk\" target=\"_blank\">cyberpunk<\/a>.<\/p>\n\n\n\n<blockquote class=\"wp-block-quote is-layout-flow wp-block-quote-is-layout-flow\"><p><em>Le cyberpunk brosse un portrait sinistre et noir du monde qui serait alors enti\u00e8rement domin\u00e9 par des programmes informatiques et o\u00f9 les multinationales ont, pour la plupart, remplac\u00e9 toute forme de gouvernement.<\/em><\/p><cite>Wikipedia<\/cite><\/blockquote>\n\n\n\n<p>Le cyberpunk est un genre de la science-fiction, ce n'est pas la r\u00e9alit\u00e9.<\/p>\n\n\n\n<blockquote class=\"wp-block-quote is-layout-flow wp-block-quote-is-layout-flow\"><p><em>The apparatus of democracy needs to be updated for the 21<sup>st<\/sup> century in order to preserve democratic values and the rule of law. Technology and globalization have driven significant changes in society and the economy, which are not reflected in our institutions. Our challenges are global, but government is national or local. Power is increasingly in networks, but our institutions are still islands of hierarchy. As technology has created opportunities for connection and participation, social and cultural expectations have shifted in this direction, but our institutions have been slow to adopt new models for engagement. Institutions must operate with the transparency and responsiveness that citizens have come to expect while also proving competent to govern.<br>---<br>L'appareil de la d\u00e9mocratie doit \u00eatre mis \u00e0 jour pour le 21e si\u00e8cle afin de pr\u00e9server les valeurs d\u00e9mocratiques et l'\u00c9tat de droit. La technologie et la mondialisation ont entra\u00een\u00e9 des changements importants dans la soci\u00e9t\u00e9 et l'\u00e9conomie, qui ne se refl\u00e8tent pas dans nos institutions. Nos d\u00e9fis sont mondiaux, mais le gouvernement est national ou local. Le pouvoir se fait de plus en plus en r\u00e9seaux, mais nos institutions restent des \u00eelots de hi\u00e9rarchie. La technologie ayant cr\u00e9\u00e9 des possibilit\u00e9s de connexion et de participation, les attentes sociales et culturelles ont \u00e9volu\u00e9 dans ce sens, mais nos institutions ont \u00e9t\u00e9 lentes \u00e0 adopter de nouveaux mod\u00e8les d'engagement. Les institutions doivent fonctionner avec la transparence et la r\u00e9activit\u00e9 que les citoyens en sont venus \u00e0 attendre, tout en se montrant comp\u00e9tentes pour gouverner.<\/em><\/p><cite><a href=\"https:\/\/www.berggruen.org\/work\/the-future-of-democracy\/\" target=\"_blank\" rel=\"noreferrer noopener\">Berggruen Institute - The Futur of Democracy<\/a><\/cite><\/blockquote>\n\n\n\n<p>Ce passage en revanche est issue de l'Institut Berggruen, si les mots sont bien choisis, il n'en demeure pas moins que nos institutions serait donc trop nationales, trop hi\u00e9rarchiques et trop lentes \u00e0 adopter les nouveaux mod\u00e8les. Toujours en retard face \u00e0 la technologie qui ne cesse d'avancer et d'apporter des innovations que les citoyens attendent.<\/p>\n\n\n\n<p>Du cot\u00e9 du World Economic Forum, le concept est nomm\u00e9 \"4e r\u00e9volution industrielle\".<\/p>\n\n\n\n<blockquote class=\"wp-block-quote is-layout-flow wp-block-quote-is-layout-flow\"><p><em>The Fourth Industrial Revolution can be described as the advent of \u201ccyber-physical systems\u201d involving entirely new capabilities for people and machines. While these capabilities are reliant on the technologies and infrastructure of the Third Industrial Revolution, the Fourth Industrial Revolution represents entirely new ways in which technology becomes embedded within societies and even our human bodies. Examples include genome editing, new forms of machine intelligence, breakthrough materials and approaches to governance that rely on cryptographic methods such as the blockchain.<br>---<br>La quatri\u00e8me r\u00e9volution industrielle peut \u00eatre d\u00e9crite comme l'av\u00e8nement de \"syst\u00e8mes cyber-physiques\" impliquant des capacit\u00e9s enti\u00e8rement nouvelles pour les personnes et les machines. Alors que ces capacit\u00e9s d\u00e9pendent des technologies et de l'infrastructure de la troisi\u00e8me r\u00e9volution industrielle, la quatri\u00e8me r\u00e9volution industrielle repr\u00e9sente des moyens enti\u00e8rement nouveaux par lesquels la technologie s'int\u00e8gre dans les soci\u00e9t\u00e9s et m\u00eame dans nos corps humains. Parmi les exemples, citons l'\u00e9dition du g\u00e9nome, les nouvelles formes d'intelligence artificielle, les mat\u00e9riaux de pointe et les approches de la gouvernance qui reposent sur des m\u00e9thodes cryptographiques telles que la cha\u00eene de blocage.<\/em><\/p><cite><a rel=\"noreferrer noopener\" href=\"https:\/\/www.weforum.org\/agenda\/2016\/01\/what-is-the-fourth-industrial-revolution\/\" target=\"_blank\">World Economic Forum<\/a><\/cite><\/blockquote>\n\n\n\n<p>C'est subtil et la lecture des diff\u00e9rents articles du WEF sur la 4e r\u00e9volution industrielle sont int\u00e9ressant. On y retrouvera toujours la notion d'\u00e9galit\u00e9 et de bonheur pour l'ensemble de la population.<\/p>\n\n\n\n<p>On peut aussi lire, sur le m\u00eame article.<\/p>\n\n\n\n<blockquote class=\"wp-block-quote is-layout-flow wp-block-quote-is-layout-flow\"><p><em>Every period of upheaval has winners and losers. And the technologies and systems involved in this latest revolution mean that individuals and groups could win \u2013 or lose \u2013 a lot. As Schwab says: \u201cThere has never been a time of greater promise, or one of greater potential peril.\u201d<br>---<br>Chaque p\u00e9riode de bouleversement a ses gagnants et ses perdants. Et les technologies et les syst\u00e8mes impliqu\u00e9s dans cette derni\u00e8re r\u00e9volution signifient que les individus et les groupes pourraient gagner - ou perdre - beaucoup. Comme le dit Schwab : \"Il n'y a jamais eu de p\u00e9riode plus prometteuse, ni de plus grand danger potentiel\".<\/em><\/p><cite>World Economic Forum<\/cite><\/blockquote>\n\n\n\n<p>Une question ne trouve pas de r\u00e9ponse toutefois dans toutes ces pr\u00e9sentations d'un avenir radieux.<\/p>\n\n\n\n<p><strong>Qui contr\u00f4le la technologie ?<\/strong><\/p>\n\n\n\n<p>En effet, qui d\u00e9tient les capitaux permettant de choisir la direction de la technologie ? Qui d\u00e9cide de la moralit\u00e9 de la technologie ? Qui dispose d'ores et d\u00e9j\u00e0 de la puissance n\u00e9cessaire pour imposer aux \u00e9tats eux-m\u00eame ?<\/p>\n\n\n\n<ul class=\"wp-block-list\"><li>Une dictature mondiale ?<\/li><\/ul>\n\n\n\n<p>Parler de dictature est \u00e9videmment s'avancer sur une vision personnelle, et pessimiste.<br>On peut en revanche s'interroger sur l'\u00e9ventualit\u00e9 d'un gouverment mondial.<\/p>\n\n\n\n<p>Du c\u00f4t\u00e9 de l'Institut Berggruen, on ne parle pas de gouvernement mondial, mais de<\/p>\n\n\n\n<blockquote class=\"wp-block-quote is-layout-flow wp-block-quote-is-layout-flow\"><p><em>convergence of interests to forge a global community of interests.<\/em><br><em>---<\/em><br><em>convergence d'int\u00e9r\u00eats pour forger une communaut\u00e9 mondiale d'int\u00e9r\u00eats.<\/em><\/p><cite><a href=\"https:\/\/web.archive.org\/web\/20201114195231\/https:\/\/www.berggruen.org\/work\/21st-century-council\/\" data-type=\"URL\" data-id=\"https:\/\/web.archive.org\/web\/20201114195231\/https:\/\/www.berggruen.org\/work\/21st-century-council\/\" target=\"_blank\" rel=\"noreferrer noopener\">Institut Berggruen<\/a><\/cite><\/blockquote>\n\n\n\n<p>Du c\u00f4t\u00e9 du World Economic Forum, sans \u00e9voquer directement un gouvernement mondial, on constatera<\/p>\n\n\n\n<blockquote class=\"wp-block-quote is-layout-flow wp-block-quote-is-layout-flow\"><p><em>failure of global governance and leadership<\/em><br><em>---<\/em><br><em>l'\u00e9chec de la gouvernance et du leadership mondial<\/em><\/p><cite><a href=\"https:\/\/www.weforum.org\/agenda\/2020\/07\/covid19-this-is-how-to-get-the-great-reset-right\/\" target=\"_blank\" rel=\"noreferrer noopener\">World Economic Forum<\/a><\/cite><\/blockquote>\n\n\n\n<p>Et on parlera de<\/p>\n\n\n\n<blockquote class=\"wp-block-quote is-layout-flow wp-block-quote-is-layout-flow\"><p><em>revitalizing global cooperation<br>---<br>revitaliser la coop\u00e9ration mondiale<\/em><\/p><cite><a href=\"https:\/\/www.weforum.org\/communities\/gfc-on-geopolitics\" target=\"_blank\" rel=\"noreferrer noopener\">World Economic Forum<\/a><\/cite><\/blockquote>\n\n\n\n<p>Ajoutons Jacques Attali, membre de l'Institut Berggruen, qui souhaite la mise en place <em><a href=\"https:\/\/crudelis.fr\/site\/covid1984\/2020\/11\/14\/hold-up-le-documentaire-choc-informations-complementaires-4e-partie#7\" data-type=\"URL\" target=\"_blank\" rel=\"noreferrer noopener\">\"d\u2019un v\u00e9ritable gouvernement mondial\u201c<\/a><\/em>.<\/p>\n\n\n\n<p>Un gouvernement mondial n'est pas n\u00e9cessairement une dictature toutefois.<\/p>\n\n\n\n<p>Mais si on m\u00e9lange le tout, une technocracie mondiale qui gouverne des humains, modifi\u00e9s par les entreprises qui les gouvernent, avec comme seul moyen de paiement une monnaie controll\u00e9e par les m\u00eames entreprises.<br>Celles-l\u00e0 m\u00eame se retrouve alors avec un contr\u00f4le absolu, tant dans les moyens d'\u00e9changes inter-individus que dans les faits et gestes de ceux-ci.<\/p>\n\n\n\n<p>Vous pouvez explorer les articles tagg\u00e9s <a href=\"https:\/\/crudelis.fr\/site\/covid1984\/tag\/great-reset\/\" target=\"_blank\" rel=\"noreferrer noopener\">Great Reset<\/a> pour en lire d'avantage \u00e0 ce sujet.<\/p>\n\n\n\n<hr class=\"wp-block-separator has-css-opacity\"\/>\n\n\n\n<p>Cet s\u00e9rie d'article pour d\u00e9crypter le documentaire Hold-Up approche de la fin, j'esp\u00e8re la terminer avec le 8e article. Suite et fin de cette s\u00e9rie d'articles: <a href=\"https:\/\/crudelis.fr\/site\/covid1984\/2020\/11\/19\/hold-up-le-documentaire-choc-informations-complementaires-8e-partie\/\">Hold-Up, le documentaire choc. Informations compl\u00e9mentaires. (8e partie)<\/a><\/p>\n","protected":false},"excerpt":{"rendered":"<p>La suite des 6 premiers articles publi\u00e9s suite \u00e0 la sortie du documentaire Hold-Up. On arrive au bout, mais il y a encore des informations \u00e0 v\u00e9rifier.<\/p>\n","protected":false},"author":2,"featured_media":0,"comment_status":"open","ping_status":"open","sticky":false,"template":"","format":"standard","meta":{"footnotes":""},"categories":[4,77,6,7,8,12],"tags":[22],"class_list":["post-463","post","type-post","status-publish","format-standard","hentry","category-analyse","category-covid19","category-democratie","category-documentaire","category-hold-up","category-mortalite","tag-great-reset"],"_links":{"self":[{"href":"https:\/\/crudelis.fr\/site\/covid1984\/wp-json\/wp\/v2\/posts\/463","targetHints":{"allow":["GET"]}}],"collection":[{"href":"https:\/\/crudelis.fr\/site\/covid1984\/wp-json\/wp\/v2\/posts"}],"about":[{"href":"https:\/\/crudelis.fr\/site\/covid1984\/wp-json\/wp\/v2\/types\/post"}],"author":[{"embeddable":true,"href":"https:\/\/crudelis.fr\/site\/covid1984\/wp-json\/wp\/v2\/users\/2"}],"replies":[{"embeddable":true,"href":"https:\/\/crudelis.fr\/site\/covid1984\/wp-json\/wp\/v2\/comments?post=463"}],"version-history":[{"count":1,"href":"https:\/\/crudelis.fr\/site\/covid1984\/wp-json\/wp\/v2\/posts\/463\/revisions"}],"predecessor-version":[{"id":2010,"href":"https:\/\/crudelis.fr\/site\/covid1984\/wp-json\/wp\/v2\/posts\/463\/revisions\/2010"}],"wp:attachment":[{"href":"https:\/\/crudelis.fr\/site\/covid1984\/wp-json\/wp\/v2\/media?parent=463"}],"wp:term":[{"taxonomy":"category","embeddable":true,"href":"https:\/\/crudelis.fr\/site\/covid1984\/wp-json\/wp\/v2\/categories?post=463"},{"taxonomy":"post_tag","embeddable":true,"href":"https:\/\/crudelis.fr\/site\/covid1984\/wp-json\/wp\/v2\/tags?post=463"}],"curies":[{"name":"wp","href":"https:\/\/api.w.org\/{rel}","templated":true}]}}