{"id":515,"date":"2020-11-19T22:42:01","date_gmt":"2020-11-19T22:42:01","guid":{"rendered":"https:\/\/covid1984.nohost.me\/blog\/?p=515"},"modified":"2022-08-20T11:09:36","modified_gmt":"2022-08-20T11:09:36","slug":"au-nom-des-soignants","status":"publish","type":"post","link":"https:\/\/crudelis.fr\/site\/covid1984\/2020\/11\/19\/au-nom-des-soignants\/","title":{"rendered":"Au nom des soignants"},"content":{"rendered":"\n<p>Communiqu\u00e9 de presse du Collectif Inter Urgence pour contester les propos de Jean Castex.<\/p>\n\n\n\n<p><a rel=\"noreferrer noopener\" href=\"https:\/\/www.interurgences.fr\/2020\/11\/au-nom-des-soignants\/\" data-type=\"URL\" data-id=\"https:\/\/www.interurgences.fr\/2020\/11\/au-nom-des-soignants\/\" target=\"_blank\">Inter Urgence - Au nom des soignants<\/a><br><em>Temps de lecture: 2 minutes.<\/em><\/p>\n\n\n\n<hr class=\"wp-block-separator is-style-dots\" \/>\n\n\n\n<blockquote class=\"wp-block-quote is-layout-flow wp-block-quote-is-layout-flow\"><p><em>Nous ne demandons pas \u00e0 la population d\u2019\u00e9viter de consulter \u00e0 l\u2019h\u00f4pital. Il est m\u00eame irresponsable de tenir un tel discours, d\u2019abord par la culpabilit\u00e9 que vous faites porter aux Fran\u00e7ais, et parce que les retards de prise en charge auront de graves cons\u00e9quences.<\/em><\/p><cite>Collectif Inter Urgence<\/cite><\/blockquote>\n\n\n\n<blockquote class=\"wp-block-quote is-layout-flow wp-block-quote-is-layout-flow\"><p><em><em>Depuis vingt mois, le Collectif Inter-Urgences d\u00e9nonce une volont\u00e9 de destruction de l\u2019h\u00f4pital public et demande \u00e0 pouvoir donner un acc\u00e8s aux soins pour tous.<\/em><\/em><\/p><cite>Collectif Inter Urgence<\/cite><\/blockquote>\n","protected":false},"excerpt":{"rendered":"<p>Communiqu\u00e9 de presse du Collectif Inter Urgence pour contester les propos de Jean Castex. Inter Urgence - Au nom des soignantsTemps de lecture: 2 minutes. Nous ne demandons pas \u00e0 la population d\u2019\u00e9viter de consulter \u00e0 l\u2019h\u00f4pital. Il est m\u00eame irresponsable de tenir un tel discours, d\u2019abord par la culpabilit\u00e9 que vous faites porter aux Fran\u00e7ais, et parce que les retards de prise en charge auront de graves cons\u00e9quences. Collectif Inter Urgence Depuis vingt mois, le Collectif Inter-Urgences d\u00e9nonce une volont\u00e9 de destruction de l\u2019h\u00f4pital public et demande \u00e0 pouvoir donner un acc\u00e8s aux soins pour tous. Collectif Inter Urgence<\/p>\n","protected":false},"author":2,"featured_media":0,"comment_status":"open","ping_status":"open","sticky":false,"template":"","format":"standard","meta":{"footnotes":""},"categories":[2,3,77,16],"tags":[],"class_list":["post-515","post","type-post","status-publish","format-standard","hentry","category-actualite","category-alerte","category-covid19","category-reanimation"],"_links":{"self":[{"href":"https:\/\/crudelis.fr\/site\/covid1984\/wp-json\/wp\/v2\/posts\/515","targetHints":{"allow":["GET"]}}],"collection":[{"href":"https:\/\/crudelis.fr\/site\/covid1984\/wp-json\/wp\/v2\/posts"}],"about":[{"href":"https:\/\/crudelis.fr\/site\/covid1984\/wp-json\/wp\/v2\/types\/post"}],"author":[{"embeddable":true,"href":"https:\/\/crudelis.fr\/site\/covid1984\/wp-json\/wp\/v2\/users\/2"}],"replies":[{"embeddable":true,"href":"https:\/\/crudelis.fr\/site\/covid1984\/wp-json\/wp\/v2\/comments?post=515"}],"version-history":[{"count":1,"href":"https:\/\/crudelis.fr\/site\/covid1984\/wp-json\/wp\/v2\/posts\/515\/revisions"}],"predecessor-version":[{"id":2322,"href":"https:\/\/crudelis.fr\/site\/covid1984\/wp-json\/wp\/v2\/posts\/515\/revisions\/2322"}],"wp:attachment":[{"href":"https:\/\/crudelis.fr\/site\/covid1984\/wp-json\/wp\/v2\/media?parent=515"}],"wp:term":[{"taxonomy":"category","embeddable":true,"href":"https:\/\/crudelis.fr\/site\/covid1984\/wp-json\/wp\/v2\/categories?post=515"},{"taxonomy":"post_tag","embeddable":true,"href":"https:\/\/crudelis.fr\/site\/covid1984\/wp-json\/wp\/v2\/tags?post=515"}],"curies":[{"name":"wp","href":"https:\/\/api.w.org\/{rel}","templated":true}]}}