{"id":525,"date":"2020-11-20T22:35:12","date_gmt":"2020-11-20T22:35:12","guid":{"rendered":"https:\/\/covid1984.nohost.me\/blog\/?p=525"},"modified":"2022-08-20T11:09:36","modified_gmt":"2022-08-20T11:09:36","slug":"le-couvre-feu-et-le-confinement-sont-ils-responsables-de-la-baisse-de-lintensite-de-la-covid-19","status":"publish","type":"post","link":"https:\/\/crudelis.fr\/site\/covid1984\/2020\/11\/20\/le-couvre-feu-et-le-confinement-sont-ils-responsables-de-la-baisse-de-lintensite-de-la-covid-19\/","title":{"rendered":"Le couvre-feu et le confinement sont-ils responsables de la baisse de l'intensit\u00e9 de la Covid-19 ?"},"content":{"rendered":"\n<p>Un extrait pour le moins int\u00e9ressant et r\u00e9v\u00e9lateur de l'\u00e9mission 24H Pujadas sur LCI ce 17 novembre.<br>L'incidence du virus aurait commencer \u00e0 baisser <strong>avant<\/strong> la mise en place des mesures de restriction.<\/p>\n\n\n\n<!--more-->\n\n\n\n<div class=\"wp-block-group\"><div class=\"wp-block-group__inner-container is-layout-flow wp-block-group-is-layout-flow\">\n<p><a href=\"https:\/\/odysee.com\/@tsundoku:8\/Le-confinement-ne-serait-pas-la-cause-de-la-baisse-de-l%E2%80%99%C3%A9pid%C3%A9mie-!-Po1cGksY40c:0\" data-type=\"URL\" data-id=\"https:\/\/odysee.com\/@tsundoku:8\/Le-confinement-ne-serait-pas-la-cause-de-la-baisse-de-l%E2%80%99%C3%A9pid%C3%A9mie-!-Po1cGksY40c:0\" target=\"_blank\" rel=\"noreferrer noopener\">Odysee - Le couvre-feu et le confinement sont-ils responsables de la baisse de l'intensit\u00e9 de la Covid-19 ?<\/a><br><em>2 minutes.<\/em><\/p>\n\n\n\n<hr class=\"wp-block-separator has-css-opacity is-style-dots\"\/>\n\n\n\n<blockquote class=\"wp-block-quote is-layout-flow wp-block-quote-is-layout-flow\"><p><em>\u00c7a laisse penser que cette baisse, ce recul de l'\u00e9pid\u00e9mie \u00e9tait d\u00e9j\u00e0 amorc\u00e9 avant l'entr\u00e9e en vigueur du couvre-feu<\/em><\/p><cite>Fanny Weil pour LCI<\/cite><\/blockquote>\n<\/div><\/div>\n\n\n\n<hr class=\"wp-block-separator has-css-opacity is-style-dots\"\/>\n\n\n\n<p>Il est int\u00e9ressant \u00e9galement de regarder de plus pr\u00e8s le R0, cet indicateur d\u00e9laiss\u00e9 depuis quelques mois, ainsi que <a rel=\"noreferrer noopener\" href=\"http:\/\/www.francesoir.fr\/opinions-tribunes\/chronique-covid-ndeg35-plus-personne-ne-parle-du-r0-ca-doit-cacher-quelque-chose\" data-type=\"URL\" data-id=\"http:\/\/www.francesoir.fr\/opinions-tribunes\/chronique-covid-ndeg35-plus-personne-ne-parle-du-r0-ca-doit-cacher-quelque-chose\" target=\"_blank\">FranceSoir l'avait fait remarquer<\/a>.<\/p>\n\n\n\n<p>Le R0 se d\u00e9finit comme le \"taux de reproduction du virus, c'est \u00e0 dire le nombre de personnes contamin\u00e9es pour chaque malade.\"<\/p>\n\n\n\n<p>Si il \u00e9tait de 3 durant le premier confinement (<a rel=\"noreferrer noopener\" href=\"https:\/\/www.nouvelobs.com\/coronavirus-de-wuhan\/20200420.OBS27781\/le-r0-ou-taux-de-reproduction-de-base-du-coronavirus-est-il-plus-eleve-que-celui-des-autres-maladies.html\" target=\"_blank\">source<\/a>), il \u00e9tait seulement de 1,47 \u00e0 son dernier pic.<\/p>\n\n\n\n<p>Mais ce qui est surtout int\u00e9ressant \u00e0 voir, c'est que le pic \u00e0 eu lieu le 23 octobre 2020 et n'a cess\u00e9 de se r\u00e9duire depuis. Soit 5 jours de baisse continue avant l'annonce d'un nouveau confinement (<a href=\"https:\/\/www.cascoronavirus.fr\/indicateurs-suivi-epidemie\/france\" target=\"_blank\" rel=\"noreferrer noopener\">source<\/a>).<\/p>\n\n\n\n<p>Les chiffres \u00e9taient donc en baisse depuis le 17 octobre, depuis le 23 octobre nous pouvions tous en juger, mais nous avons tout de m\u00eame \u00e9t\u00e9 forc\u00e9s de nous reconfiner, en connaissant ces chiffres.<\/p>\n","protected":false},"excerpt":{"rendered":"<p>Un extrait pour le moins int\u00e9ressant et r\u00e9v\u00e9lateur de l'\u00e9mission 24H Pujadas sur LCI ce 17 novembre.L'incidence du virus aurait commencer \u00e0 baisser avant la mise en place des mesures de restriction.<\/p>\n","protected":false},"author":2,"featured_media":0,"comment_status":"open","ping_status":"open","sticky":false,"template":"","format":"standard","meta":{"footnotes":""},"categories":[2,77],"tags":[21],"class_list":["post-525","post","type-post","status-publish","format-standard","hentry","category-actualite","category-covid19","tag-confinement"],"_links":{"self":[{"href":"https:\/\/crudelis.fr\/site\/covid1984\/wp-json\/wp\/v2\/posts\/525","targetHints":{"allow":["GET"]}}],"collection":[{"href":"https:\/\/crudelis.fr\/site\/covid1984\/wp-json\/wp\/v2\/posts"}],"about":[{"href":"https:\/\/crudelis.fr\/site\/covid1984\/wp-json\/wp\/v2\/types\/post"}],"author":[{"embeddable":true,"href":"https:\/\/crudelis.fr\/site\/covid1984\/wp-json\/wp\/v2\/users\/2"}],"replies":[{"embeddable":true,"href":"https:\/\/crudelis.fr\/site\/covid1984\/wp-json\/wp\/v2\/comments?post=525"}],"version-history":[{"count":1,"href":"https:\/\/crudelis.fr\/site\/covid1984\/wp-json\/wp\/v2\/posts\/525\/revisions"}],"predecessor-version":[{"id":2128,"href":"https:\/\/crudelis.fr\/site\/covid1984\/wp-json\/wp\/v2\/posts\/525\/revisions\/2128"}],"wp:attachment":[{"href":"https:\/\/crudelis.fr\/site\/covid1984\/wp-json\/wp\/v2\/media?parent=525"}],"wp:term":[{"taxonomy":"category","embeddable":true,"href":"https:\/\/crudelis.fr\/site\/covid1984\/wp-json\/wp\/v2\/categories?post=525"},{"taxonomy":"post_tag","embeddable":true,"href":"https:\/\/crudelis.fr\/site\/covid1984\/wp-json\/wp\/v2\/tags?post=525"}],"curies":[{"name":"wp","href":"https:\/\/api.w.org\/{rel}","templated":true}]}}