{"id":529,"date":"2020-11-20T22:57:49","date_gmt":"2020-11-20T22:57:49","guid":{"rendered":"https:\/\/covid1984.nohost.me\/blog\/?p=529"},"modified":"2022-08-20T11:09:36","modified_gmt":"2022-08-20T11:09:36","slug":"les-detresses-et-les-suicides-lies-au-confinement","status":"publish","type":"post","link":"https:\/\/crudelis.fr\/site\/covid1984\/2020\/11\/20\/les-detresses-et-les-suicides-lies-au-confinement\/","title":{"rendered":"Les d\u00e9tresses et les suicides li\u00e9s au confinement"},"content":{"rendered":"\n<p>Pour faire suite au pr\u00e9c\u00e9dent article interrogeant <a href=\"https:\/\/crudelis.fr\/site\/covid1984\/2020\/11\/20\/le-couvre-feu-et-le-confinement-sont-ils-responsables-de-la-baisse-de-lintensite-de-la-covid-19\/\" data-type=\"URL\" target=\"_blank\" rel=\"noreferrer noopener\">l'efficacit\u00e9 et la n\u00e9cessit\u00e9 du confinement<\/a>.<br>Une intervention d'Andr\u00e9 Bercoff sur SudRadio, le 18 novembre, pour nommer certaines des victimes collat\u00e9rales des restrictions mises en place par le gouvernement.<\/p>\n\n\n\n<!--more-->\n\n\n\n<p><a rel=\"noreferrer noopener\" href=\"https:\/\/www.youtube.com\/watch?v=MNohLlj2lK4\" target=\"_blank\">Youtube - Les d\u00e9tresses et les suicides li\u00e9s au confinement<\/a><br><em>6 minutes.<\/em><\/p>\n\n\n\n<hr class=\"wp-block-separator has-css-opacity is-style-dots\"\/>\n\n\n\n<p>Une \u00e9tude de la fondation Jean Jaur\u00e8s explore l'\u00e9tendue de la situation.<\/p>\n\n\n\n<p><a href=\"https:\/\/www.jean-jaures.org\/publication\/suicide-lautre-vague-a-venir-du-coronavirus\/\" data-type=\"URL\" data-id=\"https:\/\/www.jean-jaures.org\/publication\/suicide-lautre-vague-a-venir-du-coronavirus\/\" target=\"_blank\" rel=\"noreferrer noopener\">Fondation Jean Jaur\u00e8s - Suicide&nbsp;: l\u2019autre vague \u00e0 venir du coronavirus&nbsp;?<\/a><\/p>\n","protected":false},"excerpt":{"rendered":"<p>Pour faire suite au pr\u00e9c\u00e9dent article interrogeant l'efficacit\u00e9 et la n\u00e9cessit\u00e9 du confinement.Une intervention d'Andr\u00e9 Bercoff sur SudRadio, le 18 novembre, pour nommer certaines des victimes collat\u00e9rales des restrictions mises en place par le gouvernement.<\/p>\n","protected":false},"author":2,"featured_media":0,"comment_status":"closed","ping_status":"open","sticky":false,"template":"","format":"standard","meta":{"footnotes":""},"categories":[2,77,12],"tags":[21],"class_list":["post-529","post","type-post","status-publish","format-standard","hentry","category-actualite","category-covid19","category-mortalite","tag-confinement"],"_links":{"self":[{"href":"https:\/\/crudelis.fr\/site\/covid1984\/wp-json\/wp\/v2\/posts\/529","targetHints":{"allow":["GET"]}}],"collection":[{"href":"https:\/\/crudelis.fr\/site\/covid1984\/wp-json\/wp\/v2\/posts"}],"about":[{"href":"https:\/\/crudelis.fr\/site\/covid1984\/wp-json\/wp\/v2\/types\/post"}],"author":[{"embeddable":true,"href":"https:\/\/crudelis.fr\/site\/covid1984\/wp-json\/wp\/v2\/users\/2"}],"replies":[{"embeddable":true,"href":"https:\/\/crudelis.fr\/site\/covid1984\/wp-json\/wp\/v2\/comments?post=529"}],"version-history":[{"count":2,"href":"https:\/\/crudelis.fr\/site\/covid1984\/wp-json\/wp\/v2\/posts\/529\/revisions"}],"predecessor-version":[{"id":2081,"href":"https:\/\/crudelis.fr\/site\/covid1984\/wp-json\/wp\/v2\/posts\/529\/revisions\/2081"}],"wp:attachment":[{"href":"https:\/\/crudelis.fr\/site\/covid1984\/wp-json\/wp\/v2\/media?parent=529"}],"wp:term":[{"taxonomy":"category","embeddable":true,"href":"https:\/\/crudelis.fr\/site\/covid1984\/wp-json\/wp\/v2\/categories?post=529"},{"taxonomy":"post_tag","embeddable":true,"href":"https:\/\/crudelis.fr\/site\/covid1984\/wp-json\/wp\/v2\/tags?post=529"}],"curies":[{"name":"wp","href":"https:\/\/api.w.org\/{rel}","templated":true}]}}