{"id":556,"date":"2020-11-21T18:41:03","date_gmt":"2020-11-21T18:41:03","guid":{"rendered":"https:\/\/covid1984.nohost.me\/blog\/?p=556"},"modified":"2022-08-20T11:09:22","modified_gmt":"2022-08-20T11:09:22","slug":"le-droit-detre-soigne-le-devoir-de-soigner","status":"publish","type":"post","link":"https:\/\/crudelis.fr\/site\/covid1984\/2020\/11\/21\/le-droit-detre-soigne-le-devoir-de-soigner\/","title":{"rendered":"Le droit d'\u00eatre soign\u00e9. Le devoir de soigner"},"content":{"rendered":"\n<p>Un appel des m\u00e9decins du collectif \u201claissons les m\u00e9decins prescrire\u201d pour le droit \u00e0 soigner les malades pour sortir de la crise actuelle.<br>Un manifeste \u00e0 signer pour faire entendre la voix du soin plut\u00f4t que du confinement.<\/p>\n\n\n\n<!--more-->\n\n\n\n<p><a rel=\"noreferrer noopener\" href=\"https:\/\/manifestes-libertes.org\/\" data-type=\"URL\" data-id=\"https:\/\/manifestes-libertes.org\/\" target=\"_blank\">Collectif \u201claissons les m\u00e9decins prescrire\u201d - Le manifeste \u201cLa quatri\u00e8me voie\u201d<\/a><br><em>Temps de lecture: 5 minutes.<\/em><\/p>\n\n\n\n<hr class=\"wp-block-separator is-style-dots\" \/>\n\n\n\n<blockquote class=\"wp-block-quote is-layout-flow wp-block-quote-is-layout-flow\"><p><em>Nous, m\u00e9decins, avons \u00e9t\u00e9 choqu\u00e9s de constater qu\u2019\u00e0 aucun moment, notre Pr\u00e9sident n\u2019ait parl\u00e9 de soins pr\u00e9coces par le m\u00e9decin traitant. <strong>Et s\u2019il existait un autre chemin&nbsp;?<\/strong> Une autre solution aurait d\u00fb \u00eatre mise sur la table&nbsp;! Car en tant que soignants nous l\u2019affirmons, <strong>il existe une QUATRI\u00c8ME VOIE<\/strong>&nbsp;!<\/em><\/p><cite>Collectif \u201claissons les m\u00e9decins prescrire\u201d<\/cite><\/blockquote>\n\n\n\n<blockquote class=\"wp-block-quote is-layout-flow wp-block-quote-is-layout-flow\"><p><em><em>Face \u00e0 n\u2019importe quelle maladie, n\u2019est-il pas de notre devoir de soigner les patients&nbsp;? Et s\u2019il n\u2019existe pas de traitement qui fasse l\u2019unanimit\u00e9 dans le monde m\u00e9dical, est-ce une raison pour ne rien faire&nbsp;?<\/em><\/em><\/p><cite>Collectif \u201claissons les m\u00e9decins prescrire\u201d<\/cite><\/blockquote>\n\n\n\n<blockquote class=\"wp-block-quote is-layout-flow wp-block-quote-is-layout-flow\"><p><em><em><em>Nous demandons que <strong>de vrais protocoles de soins pr\u00e9coces soient mis en place<\/strong>, que ce soit pour la pr\u00e9vention de la population ou le traitement des malades comme n\u2019importe quelle m\u00e9decine moderne devrait le faire.<\/em><\/em><\/em><\/p><cite>Collectif \u201claissons les m\u00e9decins prescrire\u201d<\/cite><\/blockquote>\n","protected":false},"excerpt":{"rendered":"<p>Un appel des m\u00e9decins du collectif \u201claissons les m\u00e9decins prescrire\u201d pour le droit \u00e0 soigner les malades pour sortir de la crise actuelle.Un manifeste \u00e0 signer pour faire entendre la voix du soin plut\u00f4t que du confinement.<\/p>\n","protected":false},"author":2,"featured_media":0,"comment_status":"open","ping_status":"open","sticky":false,"template":"","format":"standard","meta":{"footnotes":""},"categories":[2,3,77,15],"tags":[],"class_list":["post-556","post","type-post","status-publish","format-standard","hentry","category-actualite","category-alerte","category-covid19","category-prevention"],"_links":{"self":[{"href":"https:\/\/crudelis.fr\/site\/covid1984\/wp-json\/wp\/v2\/posts\/556","targetHints":{"allow":["GET"]}}],"collection":[{"href":"https:\/\/crudelis.fr\/site\/covid1984\/wp-json\/wp\/v2\/posts"}],"about":[{"href":"https:\/\/crudelis.fr\/site\/covid1984\/wp-json\/wp\/v2\/types\/post"}],"author":[{"embeddable":true,"href":"https:\/\/crudelis.fr\/site\/covid1984\/wp-json\/wp\/v2\/users\/2"}],"replies":[{"embeddable":true,"href":"https:\/\/crudelis.fr\/site\/covid1984\/wp-json\/wp\/v2\/comments?post=556"}],"version-history":[{"count":1,"href":"https:\/\/crudelis.fr\/site\/covid1984\/wp-json\/wp\/v2\/posts\/556\/revisions"}],"predecessor-version":[{"id":2319,"href":"https:\/\/crudelis.fr\/site\/covid1984\/wp-json\/wp\/v2\/posts\/556\/revisions\/2319"}],"wp:attachment":[{"href":"https:\/\/crudelis.fr\/site\/covid1984\/wp-json\/wp\/v2\/media?parent=556"}],"wp:term":[{"taxonomy":"category","embeddable":true,"href":"https:\/\/crudelis.fr\/site\/covid1984\/wp-json\/wp\/v2\/categories?post=556"},{"taxonomy":"post_tag","embeddable":true,"href":"https:\/\/crudelis.fr\/site\/covid1984\/wp-json\/wp\/v2\/tags?post=556"}],"curies":[{"name":"wp","href":"https:\/\/api.w.org\/{rel}","templated":true}]}}