{"id":558,"date":"2020-11-24T22:34:19","date_gmt":"2020-11-24T22:34:19","guid":{"rendered":"https:\/\/covid1984.nohost.me\/blog\/?p=558"},"modified":"2022-08-20T11:09:22","modified_gmt":"2022-08-20T11:09:22","slug":"covid-19-mortalite-une-question-de-vulnerabilite-parmi-les-nations-confrontees-a-des-marges-dadaptation-limitees","status":"publish","type":"post","link":"https:\/\/crudelis.fr\/site\/covid1984\/2020\/11\/24\/covid-19-mortalite-une-question-de-vulnerabilite-parmi-les-nations-confrontees-a-des-marges-dadaptation-limitees\/","title":{"rendered":"Covid-19 Mortalit\u00e9 : Une question de vuln\u00e9rabilit\u00e9 parmi les nations confront\u00e9es \u00e0 des marges d'adaptation limit\u00e9es"},"content":{"rendered":"\n<p>Une publication scientifique r\u00e9cente s'int\u00e9resse aux causes de mortalit\u00e9 du covid \u00e0 travers le monde et pointe l'inefficacit\u00e9 des mesures de restrictions et de confinements.<\/p>\n\n\n\n<!--more-->\n\n\n\n<p><a rel=\"noreferrer noopener\" href=\"https:\/\/www.frontiersin.org\/articles\/10.3389\/fpubh.2020.604339\/full\" data-type=\"URL\" data-id=\"https:\/\/www.frontiersin.org\/articles\/10.3389\/fpubh.2020.604339\/full\" target=\"_blank\">Frontiers - Covid-19 Mortality: A Matter of Vulnerability Among Nations Facing Limited Margins of Adaptation<\/a><br><em>Temps de lecture: 35-44 minutes.<\/em><\/p>\n\n\n\n<p>La publication n'\u00e9tant pas ais\u00e9e \u00e0 lire, et longue, pour qui n'est pas scientifique, il est int\u00e9ressant de lire surtout la section <a rel=\"noreferrer noopener\" href=\"https:\/\/www.frontiersin.org\/articles\/10.3389\/fpubh.2020.604339\/full#h5\" data-type=\"URL\" data-id=\"https:\/\/www.frontiersin.org\/articles\/10.3389\/fpubh.2020.604339\/full#h5\" target=\"_blank\">Main Findings<\/a> qui r\u00e9sume tr\u00e8s bien les conclusions de l'\u00e9tude.<\/p>\n\n\n\n<p>Le Pr Toussaint, co-auteur de l'\u00e9tude, s'est exprim\u00e9 sur SudRadio \u00e0 ce sujet.<\/p>\n\n\n\n<p><a rel=\"noreferrer noopener\" href=\"https:\/\/www.youtube.com\/watch?v=MydX1IaA_dA\" target=\"_blank\" data-type=\"URL\" data-id=\"https:\/\/www.youtube.com\/watch?v=MydX1IaA_dA\">Youtube - Pr Toussaint - \"Notre \u00e9tude montre que le confinement n'a aucun impact sur la mortalit\u00e9\"<\/a><br><em>18 minutes.<\/em><\/p>\n\n\n\n<hr class=\"wp-block-separator is-style-dots\" \/>\n\n\n\n<blockquote class=\"wp-block-quote is-layout-flow wp-block-quote-is-layout-flow\"><p><em>This analysis shows that higher Covid-19 mortality rates are mostly found in countries experiencing higher life expectancies and showing a recent slowdown of this progression.<br>---<br>Cette analyse montre que les taux de mortalit\u00e9 plus \u00e9lev\u00e9s de Covid-19 se retrouvent surtout dans les pays o\u00f9 l'esp\u00e9rance de vie est plus \u00e9lev\u00e9e et o\u00f9 l'on observe un ralentissement r\u00e9cent de cette progression.<\/em><\/p><cite>Publication scientifique sur Frontiers<\/cite><\/blockquote>\n\n\n\n<blockquote class=\"wp-block-quote is-layout-flow wp-block-quote-is-layout-flow\"><p><em>This is consistent with the hypothesis of an optimal human development niche, that has aggregated favorable health, demographic, environment, and economic parameters. However, though previously positive, they now expose populations to higher vulnerabilities to both infectious (Covid-19) or physical constraints (heat waves).<br>---<br>Ceci est coh\u00e9rent avec l'hypoth\u00e8se d'un cr\u00e9neau de d\u00e9veloppement humain optimal, qui a agr\u00e9g\u00e9 des param\u00e8tres favorables en mati\u00e8re de sant\u00e9, de d\u00e9mographie, d'environnement et d'\u00e9conomie. Cependant, bien qu'elles aient \u00e9t\u00e9 auparavant positives, elles exposent d\u00e9sormais les populations \u00e0 des vuln\u00e9rabilit\u00e9s plus importantes \u00e0 des contraintes infectieuses (Covid-19) ou physiques (vagues de chaleur).<\/em><\/p><cite>Publication scientifique sur Frontiers<\/cite><\/blockquote>\n\n\n\n<blockquote class=\"wp-block-quote is-layout-flow wp-block-quote-is-layout-flow\"><p><em>Regarding government's actions (i, containment and stringency index), no association was found with the outcome, suggesting that the other studied factors were more important in the Covid-19 mortality than political measures implemented to fight the virus<br>---<br>En ce qui concerne les actions du gouvernement (i, indice de confinement et de rigueur), aucune association n'a \u00e9t\u00e9 trouv\u00e9e avec le r\u00e9sultat, ce qui sugg\u00e8re que les autres facteurs \u00e9tudi\u00e9s \u00e9taient plus importants dans la mortalit\u00e9 de Covid-19 que les mesures politiques mises en \u0153uvre pour lutter contre le virus<\/em><\/p><cite>Publication scientifique sur Frontiers<\/cite><\/blockquote>\n\n\n\n<blockquote class=\"wp-block-quote is-layout-flow wp-block-quote-is-layout-flow\"><p><em>Resulting from both biological and social processes, the decline in health and physical strength and the increasing disabilities particularly affect old people, bringing them closer to vulnerability thresholds. The highest proportions of elderly people are observed in countries with higher life expectancy. Such nations may suffer from higher mortality levels when new aggressors appear.<br>---<br>R\u00e9sultant de processus biologiques et sociaux, le d\u00e9clin de la sant\u00e9 et de la force physique ainsi que l'augmentation des handicaps touchent particuli\u00e8rement les personnes \u00e2g\u00e9es, les rapprochant ainsi des seuils de vuln\u00e9rabilit\u00e9. Les plus fortes proportions de personnes \u00e2g\u00e9es sont observ\u00e9es dans les pays o\u00f9 l'esp\u00e9rance de vie est plus \u00e9lev\u00e9e. Ces nations peuvent souffrir de niveaux de mortalit\u00e9 plus \u00e9lev\u00e9s lorsque de nouveaux agresseurs apparaissent.<\/em><\/p><cite>Publication scientifique sur Frontiers<\/cite><\/blockquote>\n\n\n\n<blockquote class=\"wp-block-quote is-layout-flow wp-block-quote-is-layout-flow\"><p><em>Covid-19 has prompted a wide range of responses from governments around the world, yet the contagion and mortality curves are very homologous among countries. This is reinforced by our findings regarding the lack of any association with the government's actions taken during the pandemic. In that sense, the determining demographic, health, development, and environment factors seem much more important to anticipate the lethal consequences of the Covid-19 than government's actions, especially when such actions are led by political goals more than by sanitary ones.<br>---<br>Le Covid-19 a suscit\u00e9 un large \u00e9ventail de r\u00e9ponses de la part des gouvernements du monde entier, mais les courbes de contagion et de mortalit\u00e9 sont tr\u00e8s homologues d'un pays \u00e0 l'autre. Cela est renforc\u00e9 par nos conclusions concernant l'absence de toute association avec les mesures prises par le gouvernement durant la pand\u00e9mie. En ce sens, les facteurs d\u00e9terminants de la d\u00e9mographie, de la sant\u00e9, du d\u00e9veloppement et de l'environnement semblent beaucoup plus importants pour anticiper les cons\u00e9quences mortelles du Covid-19 que les actions du gouvernement, surtout lorsque ces actions sont men\u00e9es par des objectifs politiques plut\u00f4t que sanitaires.<\/em><\/p><cite>Publication scientifique sur Frontiers<\/cite><\/blockquote>\n","protected":false},"excerpt":{"rendered":"<p>Une publication scientifique r\u00e9cente s'int\u00e9resse aux causes de mortalit\u00e9 du covid \u00e0 travers le monde et pointe l'inefficacit\u00e9 des mesures de restrictions et de confinements.<\/p>\n","protected":false},"author":2,"featured_media":0,"comment_status":"open","ping_status":"open","sticky":false,"template":"","format":"standard","meta":{"footnotes":""},"categories":[77,9,17],"tags":[21,32],"class_list":["post-558","post","type-post","status-publish","format-standard","hentry","category-covid19","category-interview","category-ressources","tag-confinement","tag-video"],"_links":{"self":[{"href":"https:\/\/crudelis.fr\/site\/covid1984\/wp-json\/wp\/v2\/posts\/558","targetHints":{"allow":["GET"]}}],"collection":[{"href":"https:\/\/crudelis.fr\/site\/covid1984\/wp-json\/wp\/v2\/posts"}],"about":[{"href":"https:\/\/crudelis.fr\/site\/covid1984\/wp-json\/wp\/v2\/types\/post"}],"author":[{"embeddable":true,"href":"https:\/\/crudelis.fr\/site\/covid1984\/wp-json\/wp\/v2\/users\/2"}],"replies":[{"embeddable":true,"href":"https:\/\/crudelis.fr\/site\/covid1984\/wp-json\/wp\/v2\/comments?post=558"}],"version-history":[{"count":1,"href":"https:\/\/crudelis.fr\/site\/covid1984\/wp-json\/wp\/v2\/posts\/558\/revisions"}],"predecessor-version":[{"id":2318,"href":"https:\/\/crudelis.fr\/site\/covid1984\/wp-json\/wp\/v2\/posts\/558\/revisions\/2318"}],"wp:attachment":[{"href":"https:\/\/crudelis.fr\/site\/covid1984\/wp-json\/wp\/v2\/media?parent=558"}],"wp:term":[{"taxonomy":"category","embeddable":true,"href":"https:\/\/crudelis.fr\/site\/covid1984\/wp-json\/wp\/v2\/categories?post=558"},{"taxonomy":"post_tag","embeddable":true,"href":"https:\/\/crudelis.fr\/site\/covid1984\/wp-json\/wp\/v2\/tags?post=558"}],"curies":[{"name":"wp","href":"https:\/\/api.w.org\/{rel}","templated":true}]}}