{"id":560,"date":"2020-11-26T18:00:52","date_gmt":"2020-11-26T18:00:52","guid":{"rendered":"https:\/\/covid1984.nohost.me\/blog\/?p=560"},"modified":"2022-08-20T11:09:21","modified_gmt":"2022-08-20T11:09:21","slug":"les-mesures-de-restrictions-et-leur-inefficacite-en-europe","status":"publish","type":"post","link":"https:\/\/crudelis.fr\/site\/covid1984\/2020\/11\/26\/les-mesures-de-restrictions-et-leur-inefficacite-en-europe\/","title":{"rendered":"Les mesures de restrictions et leur (in)efficacit\u00e9 en Europe"},"content":{"rendered":"\n<p>Suite \u00e0 plusieurs r\u00e9v\u00e9lations sur l'inefficacit\u00e9 du confinement en France, il m'a sembl\u00e9 int\u00e9ressant de comparer les diff\u00e9rentes mesures de restrictions des pays d'Europe de l'ouest et leur impact sur l'\u00e9pid\u00e9mie de covid.<\/p>\n\n\n\n<!--more-->\n\n\n\n<p>Nous avons tous entendu que le confinement a permis de mettre un frein \u00e0 l'\u00e9pid\u00e9mie au printemps, m\u00eame l'Imperial College London s'est fendu d'une \u00e9tude prouvant les bienfaits des confinements et des restrictions en Europe (<a rel=\"noreferrer noopener\" href=\"https:\/\/www.francetvinfo.fr\/sante\/maladie\/coronavirus\/coronavirus-une-etude-demontre-les-bienfaits-du-confinement_4001103.html\" data-type=\"URL\" data-id=\"https:\/\/www.francetvinfo.fr\/sante\/maladie\/coronavirus\/coronavirus-une-etude-demontre-les-bienfaits-du-confinement_4001103.html\" target=\"_blank\">source<\/a>).<br>Ce n'est toutefois gu\u00e8re surprenant puisque c'est la m\u00eame universit\u00e9 dans laquelle travail Neil Ferguson, celui qui avait d\u00e9j\u00e0 pr\u00e9dit une h\u00e9catombe en l'absence de restrictions strictes (<a href=\"https:\/\/crudelis.fr\/site\/covid1984\/2020\/11\/12\/hold-up-le-documentaire-choc-informations-complementaires-1ere-partie\/#1\" target=\"_blank\" rel=\"noreferrer noopener\">source<\/a>).<\/p>\n\n\n\n<p>Pourtant, des voix divergentes se sont r\u00e9cemment faites entendre chiffres \u00e0 l'appui pour contester ces affirmations.<br>Le 17 novembre, sur LCI, des informations contredisaient la n\u00e9cessit\u00e9 du confinement en indiquant que la baisse de l'\u00e9pid\u00e9mie \u00e9tait amorc\u00e9e avant m\u00eame le couvre-feu (<a href=\"https:\/\/crudelis.fr\/site\/covid1984\/2020\/11\/20\/le-couvre-feu-et-le-confinement-sont-ils-responsables-de-la-baisse-de-lintensite-de-la-covid-19\/\" target=\"_blank\" rel=\"noreferrer noopener\">source<\/a>).<br>Le 19 novembre, le Pr Toussaint, ainsi que d'autres scientifiques, publiaient une \u00e9tude d\u00e9montrant que l'\u00e9pid\u00e9mie ne faisait que peu de cas des restrictions mises en place par les \u00e9tats (<a href=\"https:\/\/crudelis.fr\/site\/covid1984\/2020\/11\/24\/covid-19-mortalite-une-question-de-vulnerabilite-parmi-les-nations-confrontees-a-des-marges-dadaptation-limitees\/\" target=\"_blank\" rel=\"noreferrer noopener\">source<\/a>).<br>Enfin, le 21 novembre, le Pr Didier Raoult indiquait que le confinement \u00e9tait intervenu \"au d\u00e9but de la chute brutale du nombre de cas\". Ce qui prouvait donc qu'il n'en \u00e9tait pas la cause.<\/p>\n\n\n\n<hr class=\"wp-block-separator has-css-opacity is-style-dots\"\/>\n\n\n\n<p>Pour \u00e9tudier le potentiel impact du confinement en France, il semble pertinent de s'int\u00e9resser \u00e9galement aux pays voisins en Europe de l'ouest.<br>Nous allons ici nous int\u00e9resser \u00e0 10 pays d'Europe: Allemagne, Angleterre, Belgique, Danemark, Espagne, France, Italie, Pays-Bas, Su\u00e8de et Suisse.<br>La Su\u00e8de n'est \u00e9videmment pas un voisin de la France, mais son choix de limiter au maximum les restrictions rend sa comparaison digne d'int\u00e9r\u00eat.<\/p>\n\n\n\n<p>Pour \u00e9tudier la crise \u00e9pid\u00e9mique du printemps, la p\u00e9riode d'analyse s'\u00e9tendra du 1er mars au 1er juillet.<\/p>\n\n\n\n<p>Il est int\u00e9ressant tout d'abord de constater que les courbes d'incidences du nombre de cas de covid et de mortalit\u00e9 suivent une temporalit\u00e9 particuli\u00e8rement similaire pour ces 10 pays.<\/p>\n\n\n<div class=\"wp-block-image is-style-default\">\n<figure class=\"alignleft size-large\"><a href=\"https:\/\/crudelis.fr\/site\/covid1984\/wp-content\/uploads\/sites\/8\/2020\/11\/Cas.png\" target=\"_blank\" rel=\"noopener noreferrer\"><img loading=\"lazy\" decoding=\"async\" width=\"1024\" height=\"723\" src=\"https:\/\/crudelis.fr\/site\/covid1984\/wp-content\/uploads\/sites\/8\/2020\/11\/Cas-1024x723.png\" alt=\"\" class=\"wp-image-686\" srcset=\"https:\/\/crudelis.fr\/site\/covid1984\/wp-content\/uploads\/sites\/8\/2020\/11\/Cas-1024x723.png 1024w, https:\/\/crudelis.fr\/site\/covid1984\/wp-content\/uploads\/sites\/8\/2020\/11\/Cas-300x212.png 300w, https:\/\/crudelis.fr\/site\/covid1984\/wp-content\/uploads\/sites\/8\/2020\/11\/Cas-768x542.png 768w, https:\/\/crudelis.fr\/site\/covid1984\/wp-content\/uploads\/sites\/8\/2020\/11\/Cas-1536x1084.png 1536w, https:\/\/crudelis.fr\/site\/covid1984\/wp-content\/uploads\/sites\/8\/2020\/11\/Cas-2048x1446.png 2048w, https:\/\/crudelis.fr\/site\/covid1984\/wp-content\/uploads\/sites\/8\/2020\/11\/Cas-1320x932.png 1320w\" sizes=\"auto, (max-width: 1024px) 100vw, 1024px\" \/><\/a><figcaption>Les courbes sont pond\u00e9r\u00e9es en nombre de cas par millions d'habitants (<a href=\"https:\/\/ourworldindata.org\/explorers\/coronavirus-data-explorer?zoomToSelection=true&amp;time=2020-05-19..2020-12-03&amp;facet=none&amp;pickerSort=asc&amp;pickerMetric=location&amp;hideControls=true&amp;Metric=Confirmed+cases&amp;Interval=7-day+rolling+average&amp;Relative+to+Population=true&amp;Color+by+test+positivity=false&amp;country=~FRA\" data-type=\"URL\" data-id=\"https:\/\/ourworldindata.org\/explorers\/coronavirus-data-explorer?zoomToSelection=true&amp;time=2020-05-19..2020-12-03&amp;facet=none&amp;pickerSort=asc&amp;pickerMetric=location&amp;hideControls=true&amp;Metric=Confirmed+cases&amp;Interval=7-day+rolling+average&amp;Relative+to+Population=true&amp;Color+by+test+positivity=false&amp;country=~FRA\" target=\"_blank\" rel=\"noreferrer noopener\">source<\/a>).<\/figcaption><\/figure><\/div>\n\n\n<figure class=\"wp-block-image size-large\"><a href=\"https:\/\/crudelis.fr\/site\/covid1984\/wp-content\/uploads\/sites\/8\/2020\/11\/Confirmed-death.png\" target=\"_blank\" rel=\"noopener noreferrer\"><img decoding=\"async\" src=\"https:\/\/crudelis.fr\/site\/covid1984\/wp-content\/uploads\/sites\/8\/2020\/11\/Confirmed-death.png\" alt=\"\"\/><\/a><figcaption>Les courbes sont pond\u00e9r\u00e9es en nombre de morts par millions d'habitants (<a href=\"https:\/\/ourworldindata.org\/coronavirus-data-explorer?zoomToSelection=true&amp;time=2020-03-01..2020-07-01&amp;country=SWE~ESP~BEL~CHE~GBR~FRA~DNK~DEU~NLD~ITA&amp;region=World&amp;deathsMetric=true&amp;interval=smoothed&amp;hideControls=true&amp;perCapita=true&amp;smoothing=7&amp;pickerMetric=location&amp;pickerSort=asc\" target=\"_blank\" rel=\"noreferrer noopener\">source<\/a>).<\/figcaption><\/figure>\n\n\n\n<p>Malgr\u00e9 la similitude dans la temporalit\u00e9 de l'\u00e9pid\u00e9mie aux travers de ces 10 pays, il est int\u00e9ressant de noter que seul 5 d'entre eux ont adopt\u00e9 un confinement strict.<br>On peut \u00e9galement remarquer que ce sont les 5 pays qui tiennent le haut du pr\u00e9c\u00e9dent graphique. \u00c9tant donn\u00e9 que ces courbes sont pond\u00e9r\u00e9es, cela signifie \u00e9galement que les 5 pays qui ont eu la mortalit\u00e9 la plus forte sont les 5 qui ont adopt\u00e9 un confinement strict !<\/p>\n\n\n\n<p>Si on peut constater que l'\u00e9pid\u00e9mie semble clairement avoir frapp\u00e9 l'Europe au m\u00eame moment, sans se pr\u00e9occuper des choix politiques de chaque pays, il est n\u00e9anmoins int\u00e9ressant d'\u00e9tudier plus pr\u00e9cis\u00e9ment quelles restrictions ont \u00e9t\u00e9 d\u00e9cid\u00e9es par quels pays et quand.<\/p>\n\n\n\n<figure class=\"wp-block-table\"><table><tbody><tr><td>Pour les moins patients, vous pouvez aller directement \u00e0 la <a href=\"#conclusion\" data-type=\"internal\" data-id=\"#conclusion\">conclusion<\/a> et passer les d\u00e9tails de chaque pays.<\/td><\/tr><\/tbody><\/table><\/figure>\n\n\n\n<hr class=\"wp-block-separator has-css-opacity is-style-dots\"\/>\n\n\n\n<p>En France, officiellement, \"le confinement est mis en \u0153uvre pour limiter fortement la circulation du virus\" (<a rel=\"noreferrer noopener\" href=\"https:\/\/www.santepubliquefrance.fr\/dossiers\/coronavirus-covid-19\/coronavirus-chiffres-cles-et-evolution-de-la-covid-19-en-france-et-dans-le-monde\" target=\"_blank\">source<\/a>).<br>Ce faisant, le confinement devrait donc avoir pour effet de r\u00e9duire le nombre de cas positif, et m\u00e9caniquement le nombre de d\u00e9c\u00e8s li\u00e9s au virus.<\/p>\n\n\n\n<p>Le temps d'incubation est habituellement de 3 \u00e0 5 jours (<a rel=\"noreferrer noopener\" href=\"https:\/\/solidarites-sante.gouv.fr\/soins-et-maladies\/maladies\/maladies-infectieuses\/coronavirus\/tout-savoir-sur-la-covid-19\/article\/reponses-a-vos-questions-sur-le-covid-19\" target=\"_blank\">source<\/a>). On consid\u00e9ra donc qu'un d\u00e9lai d'une semaine est une estimation correcte pour voir la baisse des contaminations.<\/p>\n\n\n\n<p>Quand \u00e0 la mortalit\u00e9, on consid\u00e9rera un d\u00e9lai de 3 \u00e0 4 semaines entre la contamination et le d\u00e9c\u00e8s (<a rel=\"noreferrer noopener\" href=\"https:\/\/www.lemonde.fr\/les-decodeurs\/article\/2020\/08\/26\/covid-19-pourquoi-la-hausse-des-cas-ne-permet-pas-encore-de-conclure-a-une-deuxieme-vague_6050010_4355770.html\" target=\"_blank\">source<\/a>).<\/p>\n\n\n\n<p>En d'autres termes, si les mesures de restrictions sont efficaces, elles devraient avoir un effet visible sur les <strong>contaminations<\/strong> dans les <strong>7 jours<\/strong> et sur la <strong>mortalit\u00e9<\/strong> dans les <strong>3-4 semaines<\/strong>.<\/p>\n\n\n\n<p>D'autre part, une analyse de l'ensemble des courbes a permis de d\u00e9terminer un sch\u00e9ma r\u00e9current de 22.5 jours en moyenne entre le d\u00e9but de l'explosion de d\u00e9c\u00e8s et le pic de mortalit\u00e9 de l'\u00e9pid\u00e9mie dans chaque pays.<\/p>\n\n\n\n<p>Avec ces \u00e9l\u00e9ments d'analyse, il est temps de regarder concr\u00e8tement les courbes individuelles de chaque pays.<br>En commen\u00e7ant par les pays qui ont adopt\u00e9 un confinement strict.<\/p>\n\n\n\n<figure class=\"wp-block-table\"><table><tbody><tr><td>Les courbes de nombre de cas positifs ont \u00e9t\u00e9 ajout\u00e9es pour avoir un \u00e9l\u00e9ment de comparaison avec les courbes de d\u00e9c\u00e8s en terme de temporalit\u00e9.<br>Toutefois, l'\u00e9chelle verticale s'applique uniquement \u00e0 la mortalit\u00e9.<\/td><\/tr><\/tbody><\/table><\/figure>\n\n\n\n<ul class=\"wp-block-list\"><li><strong>Angleterre<\/strong><\/li><\/ul>\n\n\n\n<figure class=\"wp-block-image size-large\"><a href=\"https:\/\/crudelis.fr\/site\/covid1984\/wp-content\/uploads\/sites\/8\/2020\/11\/United-Kingdom.png\" target=\"_blank\" rel=\"noopener noreferrer\"><img decoding=\"async\" src=\"https:\/\/crudelis.fr\/site\/covid1984\/wp-content\/uploads\/sites\/8\/2020\/11\/United-Kingdom.png\" alt=\"\"\/><\/a><\/figure>\n\n\n\n<p>L'Angleterre a adopt\u00e9 un confinement strict le 24 mars. Au m\u00eame moment la courbe de mortalit\u00e9 amor\u00e7ait une net mont\u00e9e.<br>Le pic de mortalit\u00e9 a \u00e9t\u00e9 atteint le 15 avril, 22 jours apr\u00e8s le confinement.<br>Au 1er juillet, la mortalit\u00e9 du virus avait atteint 65.90 pour 100 000 habitants (<a rel=\"noreferrer noopener\" href=\"https:\/\/web.archive.org\/web\/20200701212759\/https:\/\/coronavirus.jhu.edu\/data\/mortality\" target=\"_blank\">source<\/a>).<\/p>\n\n\n\n<p>De ces courbes on peut d\u00e9duire 2 informations int\u00e9ressantes.<br>Le confinement ne semble avoir eu aucun effet apr\u00e8s 7 jours sur les contaminations.<br>En revanche, dans un d\u00e9lai de 3 \u00e0 4 semaines, la mortalit\u00e9 a chut\u00e9.<\/p>\n\n\n\n<ul class=\"wp-block-list\"><li><strong>Belgique<\/strong><\/li><\/ul>\n\n\n\n<figure class=\"wp-block-image size-large\"><a href=\"https:\/\/crudelis.fr\/site\/covid1984\/wp-content\/uploads\/sites\/8\/2020\/11\/Belgium.png\" target=\"_blank\" rel=\"noopener noreferrer\"><img loading=\"lazy\" decoding=\"async\" width=\"1024\" height=\"723\" src=\"https:\/\/crudelis.fr\/site\/covid1984\/wp-content\/uploads\/sites\/8\/2020\/11\/Belgium-1024x723.png\" alt=\"\" class=\"wp-image-580\" srcset=\"https:\/\/crudelis.fr\/site\/covid1984\/wp-content\/uploads\/sites\/8\/2020\/11\/Belgium-1024x723.png 1024w, https:\/\/crudelis.fr\/site\/covid1984\/wp-content\/uploads\/sites\/8\/2020\/11\/Belgium-300x212.png 300w, https:\/\/crudelis.fr\/site\/covid1984\/wp-content\/uploads\/sites\/8\/2020\/11\/Belgium-768x542.png 768w, https:\/\/crudelis.fr\/site\/covid1984\/wp-content\/uploads\/sites\/8\/2020\/11\/Belgium-1536x1084.png 1536w, https:\/\/crudelis.fr\/site\/covid1984\/wp-content\/uploads\/sites\/8\/2020\/11\/Belgium-2048x1446.png 2048w, https:\/\/crudelis.fr\/site\/covid1984\/wp-content\/uploads\/sites\/8\/2020\/11\/Belgium-1320x932.png 1320w\" sizes=\"auto, (max-width: 1024px) 100vw, 1024px\" \/><\/a><\/figure>\n\n\n\n<p>La Belgique a adopt\u00e9 un confinement strict le 18 mars. Au m\u00eame moment la courbe de mortalit\u00e9 amor\u00e7ait sa mont\u00e9e.<br>Le pic de mortalit\u00e9 a \u00e9t\u00e9 atteint le 14 avril, 27 jours apr\u00e8s le confinement.<br>Au 1er juillet, la mortalit\u00e9 du virus avait atteint 85.33 pour 100 000 habitants (<a rel=\"noreferrer noopener\" href=\"https:\/\/web.archive.org\/web\/20200701212759\/https:\/\/coronavirus.jhu.edu\/data\/mortality\" target=\"_blank\">source<\/a>).<\/p>\n\n\n\n<p>Si le pic de mortalit\u00e9 arrive peu apr\u00e8s le d\u00e9lai de 3-4 semaines, on pourrait consid\u00e9rer tout de m\u00eame que ce pourrait \u00eatre l'effet de confinement.<br>Toutefois, on voit clairement une augmentation du nombre de cas positif 7 jours apr\u00e8s le confinement.<\/p>\n\n\n\n<ul class=\"wp-block-list\"><li><strong>Espagne<\/strong><\/li><\/ul>\n\n\n\n<figure class=\"wp-block-image size-large\"><a href=\"https:\/\/crudelis.fr\/site\/covid1984\/wp-content\/uploads\/sites\/8\/2020\/11\/Spain.png\" target=\"_blank\" rel=\"noopener noreferrer\"><img loading=\"lazy\" decoding=\"async\" width=\"1024\" height=\"723\" src=\"https:\/\/crudelis.fr\/site\/covid1984\/wp-content\/uploads\/sites\/8\/2020\/11\/Spain-1024x723.png\" alt=\"\" class=\"wp-image-1878\" srcset=\"https:\/\/crudelis.fr\/site\/covid1984\/wp-content\/uploads\/sites\/8\/2020\/11\/Spain-1024x723.png 1024w, https:\/\/crudelis.fr\/site\/covid1984\/wp-content\/uploads\/sites\/8\/2020\/11\/Spain-300x212.png 300w, https:\/\/crudelis.fr\/site\/covid1984\/wp-content\/uploads\/sites\/8\/2020\/11\/Spain-768x542.png 768w, https:\/\/crudelis.fr\/site\/covid1984\/wp-content\/uploads\/sites\/8\/2020\/11\/Spain-1536x1084.png 1536w, https:\/\/crudelis.fr\/site\/covid1984\/wp-content\/uploads\/sites\/8\/2020\/11\/Spain-2048x1446.png 2048w, https:\/\/crudelis.fr\/site\/covid1984\/wp-content\/uploads\/sites\/8\/2020\/11\/Spain-1320x932.png 1320w\" sizes=\"auto, (max-width: 1024px) 100vw, 1024px\" \/><\/a><\/figure>\n\n\n\n<p>L'Espagne a adopt\u00e9 un confinement strict le 15 mars. Tr\u00e8s peu de temps apr\u00e8s l'augmentation de la mortalit\u00e9.<br>Le pic de mortalit\u00e9 a \u00e9t\u00e9 atteint le 4 avril, 20 jours apr\u00e8s le confinement.<br>Au 1er juillet, la mortalit\u00e9 du virus avait atteint 60.69 pour 100 000 habitants (<a rel=\"noreferrer noopener\" href=\"https:\/\/web.archive.org\/web\/20200701212759\/https:\/\/coronavirus.jhu.edu\/data\/mortality\" target=\"_blank\">source<\/a>).<\/p>\n\n\n\n<p>Le pic de mortalit\u00e9 a \u00e9t\u00e9 atteint dans un d\u00e9lai de 3 semaines.<br>Le nombre de cas semble toutefois ne pas avoir \u00e9t\u00e9 affect\u00e9 par le confinement.<\/p>\n\n\n\n<ul class=\"wp-block-list\"><li><strong>France<\/strong><\/li><\/ul>\n\n\n\n<figure class=\"wp-block-image size-large\"><a href=\"https:\/\/crudelis.fr\/site\/covid1984\/wp-content\/uploads\/sites\/8\/2020\/11\/France.png\" target=\"_blank\" rel=\"noopener noreferrer\"><img loading=\"lazy\" decoding=\"async\" width=\"1024\" height=\"723\" src=\"https:\/\/crudelis.fr\/site\/covid1984\/wp-content\/uploads\/sites\/8\/2020\/11\/France-1024x723.png\" alt=\"\" class=\"wp-image-1879\" srcset=\"https:\/\/crudelis.fr\/site\/covid1984\/wp-content\/uploads\/sites\/8\/2020\/11\/France-1024x723.png 1024w, https:\/\/crudelis.fr\/site\/covid1984\/wp-content\/uploads\/sites\/8\/2020\/11\/France-300x212.png 300w, https:\/\/crudelis.fr\/site\/covid1984\/wp-content\/uploads\/sites\/8\/2020\/11\/France-768x542.png 768w, https:\/\/crudelis.fr\/site\/covid1984\/wp-content\/uploads\/sites\/8\/2020\/11\/France-1536x1084.png 1536w, https:\/\/crudelis.fr\/site\/covid1984\/wp-content\/uploads\/sites\/8\/2020\/11\/France-2048x1446.png 2048w, https:\/\/crudelis.fr\/site\/covid1984\/wp-content\/uploads\/sites\/8\/2020\/11\/France-1320x932.png 1320w\" sizes=\"auto, (max-width: 1024px) 100vw, 1024px\" \/><\/a><\/figure>\n\n\n\n<p>La France a adopt\u00e9 un confinement strict le 17 mars. Quelques jours avant l'augmentation de la mortalit\u00e9.<br>Le pic de mortalit\u00e9 a \u00e9t\u00e9 atteint le 10 avril, 24 jours apr\u00e8s le confinement.<br>Au 1er juillet, la mortalit\u00e9 du virus avait atteint 44.55 pour 100 000 habitants (<a rel=\"noreferrer noopener\" href=\"https:\/\/web.archive.org\/web\/20200701212759\/https:\/\/coronavirus.jhu.edu\/data\/mortality\" target=\"_blank\">source<\/a>).<\/p>\n\n\n\n<p>De mani\u00e8re similaire \u00e0 la Belgique, 7 jours apr\u00e8s le confinement on constate une nette augmentation du nombre de cas, plut\u00f4t que l'inverse qui \u00e9tait attendu.<br>Le pic de mortalit\u00e9 correspond au d\u00e9lai de 3-4 semaines et semble coh\u00e9rent avec un effet attendu du confinement.<\/p>\n\n\n\n<ul class=\"wp-block-list\"><li><strong>Italie<\/strong><\/li><\/ul>\n\n\n\n<figure class=\"wp-block-image size-large\"><a href=\"https:\/\/crudelis.fr\/site\/covid1984\/wp-content\/uploads\/sites\/8\/2020\/11\/Italy.png\" target=\"_blank\" rel=\"noopener noreferrer\"><img loading=\"lazy\" decoding=\"async\" width=\"1024\" height=\"723\" src=\"https:\/\/crudelis.fr\/site\/covid1984\/wp-content\/uploads\/sites\/8\/2020\/11\/Italy-1024x723.png\" alt=\"\" class=\"wp-image-1881\" srcset=\"https:\/\/crudelis.fr\/site\/covid1984\/wp-content\/uploads\/sites\/8\/2020\/11\/Italy-1024x723.png 1024w, https:\/\/crudelis.fr\/site\/covid1984\/wp-content\/uploads\/sites\/8\/2020\/11\/Italy-300x212.png 300w, https:\/\/crudelis.fr\/site\/covid1984\/wp-content\/uploads\/sites\/8\/2020\/11\/Italy-768x542.png 768w, https:\/\/crudelis.fr\/site\/covid1984\/wp-content\/uploads\/sites\/8\/2020\/11\/Italy-1536x1084.png 1536w, https:\/\/crudelis.fr\/site\/covid1984\/wp-content\/uploads\/sites\/8\/2020\/11\/Italy-2048x1446.png 2048w, https:\/\/crudelis.fr\/site\/covid1984\/wp-content\/uploads\/sites\/8\/2020\/11\/Italy-1320x932.png 1320w\" sizes=\"auto, (max-width: 1024px) 100vw, 1024px\" \/><\/a><\/figure>\n\n\n\n<p>L'Italie a adopt\u00e9 un confinement strict le 10 mars. Quelques jours apr\u00e8s l'augmentation de la mortalit\u00e9.<br>Le pic de mortalit\u00e9 a \u00e9t\u00e9 atteint le 4 avril, 25 jours apr\u00e8s le confinement.<br>Au 1er juillet, la mortalit\u00e9 du virus avait atteint 57.53 pour 100 000 habitants (<a rel=\"noreferrer noopener\" href=\"https:\/\/web.archive.org\/web\/20200701212759\/https:\/\/coronavirus.jhu.edu\/data\/mortality\" target=\"_blank\">source<\/a>).<\/p>\n\n\n\n<p>L\u00e0 encore, la mortalit\u00e9 semble d\u00e9cro\u00eetre dans le d\u00e9lais attendu de 3 \u00e0 4 semaines apr\u00e8s le confinement.<br>Et, l\u00e0 encore, le nombre de cas positif ne semble pas \u00eatre affect\u00e9 par le confinement.<\/p>\n\n\n\n<p class=\"has-text-align-center\">---<\/p>\n\n\n\n<p>Que peut-on conclure de ces 5 pays qui ont choisi de confiner leur population pour endiguer la propagation du virus ?<\/p>\n\n\n\n<ul class=\"wp-block-list\"><li>La mortalit\u00e9 semble avoir atteint son pic dans un d\u00e9lai de 3 \u00e0 4 semaines apr\u00e8s les confinements, telle qu'escompt\u00e9e.<\/li><li>Les confinements n'ont pas r\u00e9duit les contaminations, pour certains pays il semblerait m\u00eame que ce soit l'inverse qui ce soit produit !<\/li><li>Puisque c'est la mortalit\u00e9 qui est v\u00e9ritablement importante, on pourrait conclure que les confinements ont effectivement permis de vaincre le virus.<\/li><\/ul>\n\n\n\n<p>Il convient toutefois d'attirer l'attention sur un d\u00e9tail important, un d\u00e9lai de 3 \u00e0 4 semaines devrait \u00eatre observ\u00e9 entre les contaminations et les d\u00e9c\u00e8s. Pourtant, l'\u00e9cart entre les cas positifs et les d\u00e9c\u00e8s n'est objectivement pas de 3 \u00e0 4 semaines.<\/p>\n\n\n\n<p>La question qui est importante de se poser d\u00e9sormais est que se serait-il pass\u00e9 si ces pays n'avaient pas choisi de confiner leur population ?<br>Aurions-nous observ\u00e9 une progression constante sans chute de mortalit\u00e9 dans les 4 semaines qui suivaient ?<br>Pour le savoir, il est int\u00e9ressant d'observer ce qui s'est pass\u00e9 dans les pays voisins, qui n'ont pas choisi d'avoir recours \u00e0 un confinement strict de leur population.<\/p>\n\n\n\n<hr class=\"wp-block-separator has-css-opacity is-style-dots\"\/>\n\n\n\n<ul class=\"wp-block-list\"><li><strong>Allemagne<\/strong><\/li><\/ul>\n\n\n\n<figure class=\"wp-block-image size-large\"><a href=\"https:\/\/crudelis.fr\/site\/covid1984\/wp-content\/uploads\/sites\/8\/2020\/11\/Germany-1.png\" target=\"_blank\" rel=\"noopener noreferrer\"><img loading=\"lazy\" decoding=\"async\" width=\"1024\" height=\"723\" src=\"https:\/\/crudelis.fr\/site\/covid1984\/wp-content\/uploads\/sites\/8\/2020\/11\/Germany-1-1024x723.png\" alt=\"\" class=\"wp-image-589\" srcset=\"https:\/\/crudelis.fr\/site\/covid1984\/wp-content\/uploads\/sites\/8\/2020\/11\/Germany-1-1024x723.png 1024w, https:\/\/crudelis.fr\/site\/covid1984\/wp-content\/uploads\/sites\/8\/2020\/11\/Germany-1-300x212.png 300w, https:\/\/crudelis.fr\/site\/covid1984\/wp-content\/uploads\/sites\/8\/2020\/11\/Germany-1-768x542.png 768w, https:\/\/crudelis.fr\/site\/covid1984\/wp-content\/uploads\/sites\/8\/2020\/11\/Germany-1-1536x1084.png 1536w, https:\/\/crudelis.fr\/site\/covid1984\/wp-content\/uploads\/sites\/8\/2020\/11\/Germany-1-2048x1446.png 2048w, https:\/\/crudelis.fr\/site\/covid1984\/wp-content\/uploads\/sites\/8\/2020\/11\/Germany-1-1320x932.png 1320w\" sizes=\"auto, (max-width: 1024px) 100vw, 1024px\" \/><\/a><\/figure>\n\n\n\n<p>L'Allemagne n'a pas confin\u00e9 l'ensemble de sa population comme les pays pr\u00e9c\u00e9dents.<\/p>\n\n\n\n<p>L'Allemagne a seulement d\u00e9cid\u00e9 d'adopter des restrictions visant \u00e0 r\u00e9duire la circulation du virus.<\/p>\n\n\n\n<ul class=\"wp-block-list\"><li>Le 17 mars, le pays ferme les lieux sportifs et de loisir.<br>Ordonne la fermeture des restaurants apr\u00e8s 15h.<br>Les commerces non-essentiels sont \u00e9galement ferm\u00e9s<\/li><li>Le 22 mars, l'Allemagne interdit les rassemblements publics.<br>Les restaurants et services sont ferm\u00e9s.<\/li><li>De plus, la Saxe rejoint la Bavi\u00e8re et la Sare (depuis le 20 mars) dans un confinement strict \u00e0 l'image de la France. Ces 3 \u00e9tats repr\u00e9sentent toutefois seulement 20% de la population allemande.<\/li><\/ul>\n\n\n\n<p>L'interdiction des rassemblements publics et les confinements dans 3 \u00e9tats sont intervenus au moment o\u00f9 la mortalit\u00e9 commen\u00e7ait sont ascension.<br>Le pic de mortalit\u00e9 a \u00e9t\u00e9 atteint le 20 avril, 29 jours apr\u00e8s les derni\u00e8res restrictions.<br>Au 1er juillet, la mortalit\u00e9 du virus avait atteint 10.84 pour 100 000 habitants (<a rel=\"noreferrer noopener\" href=\"https:\/\/web.archive.org\/web\/20200701212759\/https:\/\/coronavirus.jhu.edu\/data\/mortality\" target=\"_blank\">source<\/a>).<\/p>\n\n\n\n<p>Sur les contaminations, les restrictions ne semblent pas avoir eu d'impact visible.<br>En terme de mortalit\u00e9, on d\u00e9c\u00e8le un l\u00e9ger d\u00e9crochage 3 semaines apr\u00e8s les derni\u00e8res restrictions, mais qui sera de courte dur\u00e9e.<\/p>\n\n\n\n<ul class=\"wp-block-list\"><li><strong>Danemark<\/strong><\/li><\/ul>\n\n\n\n<figure class=\"wp-block-image size-large\"><a href=\"https:\/\/crudelis.fr\/site\/covid1984\/wp-content\/uploads\/sites\/8\/2020\/11\/Denmark.png\" target=\"_blank\" rel=\"noopener noreferrer\"><img loading=\"lazy\" decoding=\"async\" width=\"1024\" height=\"723\" src=\"https:\/\/crudelis.fr\/site\/covid1984\/wp-content\/uploads\/sites\/8\/2020\/11\/Denmark-1024x723.png\" alt=\"\" class=\"wp-image-591\" srcset=\"https:\/\/crudelis.fr\/site\/covid1984\/wp-content\/uploads\/sites\/8\/2020\/11\/Denmark-1024x723.png 1024w, https:\/\/crudelis.fr\/site\/covid1984\/wp-content\/uploads\/sites\/8\/2020\/11\/Denmark-300x212.png 300w, https:\/\/crudelis.fr\/site\/covid1984\/wp-content\/uploads\/sites\/8\/2020\/11\/Denmark-768x542.png 768w, https:\/\/crudelis.fr\/site\/covid1984\/wp-content\/uploads\/sites\/8\/2020\/11\/Denmark-1536x1084.png 1536w, https:\/\/crudelis.fr\/site\/covid1984\/wp-content\/uploads\/sites\/8\/2020\/11\/Denmark-2048x1446.png 2048w, https:\/\/crudelis.fr\/site\/covid1984\/wp-content\/uploads\/sites\/8\/2020\/11\/Denmark-1320x932.png 1320w\" sizes=\"auto, (max-width: 1024px) 100vw, 1024px\" \/><\/a><\/figure>\n\n\n\n<p>Le Danemark ferme ses \u00e9tablissements publics non-essentiels le 13 mars et conseille aux entreprises priv\u00e9es de faire de m\u00eame si possible.<br>De m\u00eame que les \u00e9tablissements scolaires, les biblioth\u00e8ques et gymnases.<br>Les rassemblements publics sont \u00e9galement limit\u00e9 \u00e0 100 personnes.<\/p>\n\n\n\n<p>Les restrictions seront mises en placent presque une semaine avant l\u2019augmentation de la mortalit\u00e9.<br>Le pic de mortalit\u00e9 a \u00e9t\u00e9 atteint le 9 avril, 27 jours apr\u00e8s les restrictions.<br>Au 1er juillet, la mortalit\u00e9 du virus avait atteint 10.44 pour 100 000 habitants (<a rel=\"noreferrer noopener\" href=\"https:\/\/web.archive.org\/web\/20200701212759\/https:\/\/coronavirus.jhu.edu\/data\/mortality\" target=\"_blank\">source<\/a>).<\/p>\n\n\n\n<p>Les restrictions semblent clairement avoir impact\u00e9 les contaminations dans un premier temps. Mais les contaminations repartirons \u00e0 la hausse n\u00e9anmoins.<br>Le pic de mortalit\u00e9 arrive apr\u00e8s le d\u00e9lai de 4 semaines. Mais 3 semaines apr\u00e8s le d\u00e9but de la mont\u00e9e de la courbe.<\/p>\n\n\n\n<ul class=\"wp-block-list\"><li><strong>Pays-Bas<\/strong><\/li><\/ul>\n\n\n\n<figure class=\"wp-block-image size-large\"><a href=\"https:\/\/crudelis.fr\/site\/covid1984\/wp-content\/uploads\/sites\/8\/2020\/11\/Netherlands.png\" target=\"_blank\" rel=\"noopener noreferrer\"><img loading=\"lazy\" decoding=\"async\" width=\"1024\" height=\"723\" src=\"https:\/\/crudelis.fr\/site\/covid1984\/wp-content\/uploads\/sites\/8\/2020\/11\/Netherlands-1024x723.png\" alt=\"\" class=\"wp-image-592\" srcset=\"https:\/\/crudelis.fr\/site\/covid1984\/wp-content\/uploads\/sites\/8\/2020\/11\/Netherlands-1024x723.png 1024w, https:\/\/crudelis.fr\/site\/covid1984\/wp-content\/uploads\/sites\/8\/2020\/11\/Netherlands-300x212.png 300w, https:\/\/crudelis.fr\/site\/covid1984\/wp-content\/uploads\/sites\/8\/2020\/11\/Netherlands-768x542.png 768w, https:\/\/crudelis.fr\/site\/covid1984\/wp-content\/uploads\/sites\/8\/2020\/11\/Netherlands-1536x1084.png 1536w, https:\/\/crudelis.fr\/site\/covid1984\/wp-content\/uploads\/sites\/8\/2020\/11\/Netherlands-2048x1446.png 2048w, https:\/\/crudelis.fr\/site\/covid1984\/wp-content\/uploads\/sites\/8\/2020\/11\/Netherlands-1320x932.png 1320w\" sizes=\"auto, (max-width: 1024px) 100vw, 1024px\" \/><\/a><\/figure>\n\n\n\n<p>Les Pays-Bas ferment toutes leurs \u00e9coles, garderies, bars, restaurants, clubs de sports, maisons closes et coffee shops le 15 mars et limite les rassemblements \u00e0 100 personnes.<\/p>\n\n\n\n<p>Les restrictions prennent effet peu avant l\u2019augmentation de la mortalit\u00e9.<br>Le pic de mortalit\u00e9 a \u00e9t\u00e9 atteint le 9 avril, 23 jours apr\u00e8s les restrictions.<br>Au 1er juillet, la mortalit\u00e9 du virus avait atteint 35.39 pour 100 000 habitants (<a rel=\"noreferrer noopener\" href=\"https:\/\/web.archive.org\/web\/20200701212759\/https:\/\/coronavirus.jhu.edu\/data\/mortality\" target=\"_blank\">source<\/a>).<\/p>\n\n\n\n<p>L'impact \u00e0 7 jours des restrictions est n\u00e9gligeable sur les contaminations.<br>Tandis que la mortalit\u00e9 semble \u00eatre affect\u00e9e apr\u00e8s 4 semaines.<\/p>\n\n\n\n<ul class=\"wp-block-list\"><li><strong>Suisse<\/strong><\/li><\/ul>\n\n\n\n<figure class=\"wp-block-image size-large\"><a href=\"https:\/\/crudelis.fr\/site\/covid1984\/wp-content\/uploads\/sites\/8\/2020\/11\/Switzerland.png\" target=\"_blank\" rel=\"noopener noreferrer\"><img loading=\"lazy\" decoding=\"async\" width=\"1024\" height=\"723\" src=\"https:\/\/crudelis.fr\/site\/covid1984\/wp-content\/uploads\/sites\/8\/2020\/11\/Switzerland-1024x723.png\" alt=\"\" class=\"wp-image-593\" srcset=\"https:\/\/crudelis.fr\/site\/covid1984\/wp-content\/uploads\/sites\/8\/2020\/11\/Switzerland-1024x723.png 1024w, https:\/\/crudelis.fr\/site\/covid1984\/wp-content\/uploads\/sites\/8\/2020\/11\/Switzerland-300x212.png 300w, https:\/\/crudelis.fr\/site\/covid1984\/wp-content\/uploads\/sites\/8\/2020\/11\/Switzerland-768x542.png 768w, https:\/\/crudelis.fr\/site\/covid1984\/wp-content\/uploads\/sites\/8\/2020\/11\/Switzerland-1536x1084.png 1536w, https:\/\/crudelis.fr\/site\/covid1984\/wp-content\/uploads\/sites\/8\/2020\/11\/Switzerland-2048x1446.png 2048w, https:\/\/crudelis.fr\/site\/covid1984\/wp-content\/uploads\/sites\/8\/2020\/11\/Switzerland-1320x932.png 1320w\" sizes=\"auto, (max-width: 1024px) 100vw, 1024px\" \/><\/a><\/figure>\n\n\n\n<p>La suisse d\u00e9cidera de fermer ses commerces non-essentiels le 17 mars et limitera les rassemblements publics \u00e0 100 personnes, puis 5 personnes quelques jours plus tard.<\/p>\n\n\n\n<p>Les restrictions sont mises en place peu apr\u00e8s la mont\u00e9e de la courbe de mortalit\u00e9.<br>Le pic de mortalit\u00e9 a \u00e9t\u00e9 atteint le 9 avril, 23 jours apr\u00e8s les restrictions.<br>Au 1er juillet, la mortalit\u00e9 du virus avait atteint 23.05 pour 100 000 habitants (<a rel=\"noreferrer noopener\" href=\"https:\/\/web.archive.org\/web\/20200701212759\/https:\/\/coronavirus.jhu.edu\/data\/mortality\" target=\"_blank\">source<\/a>).<\/p>\n\n\n\n<p>L\u00e0 encore, les restrictions ont montr\u00e9 un effet faible sur les contaminations apr\u00e8s 7 jours.<br>Le pic de mortalit\u00e9 arrive apr\u00e8s 3 \u00e0 4 semaines comme esp\u00e9r\u00e9.<\/p>\n\n\n\n<p class=\"has-text-align-center\">---<\/p>\n\n\n\n<p>Que pouvons nous conclure de ces 4 pays qui ont fait le choix de restrictions moins s\u00e9v\u00e8res qu'un confinement strict de la population ?<\/p>\n\n\n\n<p>Tout d'abord, il faut bien faire la distinction, l'Angleterre, la Belgique, l'Espagne, la France et l'Italie ont eu recours \u00e0 un confinement strict avec une population interdite de sortie sauf conditions.<br>Alors que l'Allemagne, le Danemark, les Pays-Bas et la Suisse ont ferm\u00e9 leurs commerces et interdit les rassemblements mais pas enferm\u00e9 leur population. Ce qui pouvait donc occasionner encore des contaminations.<\/p>\n\n\n\n<ul class=\"wp-block-list\"><li>On constate que pour ces 4 pays, les mesures de restrictions n'ont pas permis de limiter les contaminations apr\u00e8s 7 jours. Pas plus que les pays qui avaient choisi un confinement strict.<\/li><li>\u00c0 l'exception du Danemark, les restrictions semblent avoir eu l'effet escompt\u00e9 sur la mortalit\u00e9 apr\u00e8s 3 \u00e0 4 semaines.<br>La diff\u00e9rence avec le Danemark est que les restrictions ont \u00e9t\u00e9 mises en place presque une semaine avant la mont\u00e9e de la courbe de mortalit\u00e9.<\/li><\/ul>\n\n\n\n<p>\u00c0 l'exception de l'Allemagne, comme pour les pays ayant choisi le confinement, on ne distingue pas de d\u00e9lai de 3 \u00e0 4 semaines entre les contaminations et les d\u00e9c\u00e8s.<\/p>\n\n\n\n<p>En revanche, on retrouve une persistance de ce d\u00e9lai de 22.5 jours environ entre le d\u00e9but de la flamb\u00e9e des d\u00e9c\u00e8s et le pic de mortalit\u00e9.<\/p>\n\n\n\n<p>A partir de l\u00e0, 2 constatations sont \u00e9videntes:<\/p>\n\n\n\n<ul class=\"wp-block-list\"><li>Entre un confinement strict et des restrictions moins contraignantes, on ne constate aucune diff\u00e9rence significative sur l'incidence des courbes de cas et de mortalit\u00e9.<br>Un confinement strict ne montre donc pas de b\u00e9n\u00e9fice particulier.<\/li><li>Mais on constate \u00e9galement que les 5 pays qui ont choisi le confinement strict ont un taux de mortalit\u00e9 moyen de <strong>66.8 pour 100 000 habitants.<\/strong><br>Tandis que ceux qui ont choisi des restrictions moins contraignantes ont un taux de mortalit\u00e9 moyen de <strong>19.9 pour 100 000 habitants.<\/strong><br><strong>C'est donc un taux de mortalit\u00e9 3 fois moins \u00e9lev\u00e9 pour les pays qui n'ont pas eu recours \u00e0 un confinement strict !<\/strong><\/li><\/ul>\n\n\n\n<hr class=\"wp-block-separator has-css-opacity is-style-dots\"\/>\n\n\n\n<p>Il reste toutefois le cas particulier de la Su\u00e8de, qui pourrait trancher le d\u00e9bat, puisque c'est le seul pays d'Europe de l'ouest qui n'a ni confin\u00e9 sa population, ni ferm\u00e9 ses commerces.<\/p>\n\n\n\n<figure class=\"wp-block-image size-large\"><a href=\"https:\/\/crudelis.fr\/site\/covid1984\/wp-content\/uploads\/sites\/8\/2020\/11\/Sweden.png\" target=\"_blank\" rel=\"noopener noreferrer\"><img loading=\"lazy\" decoding=\"async\" width=\"1024\" height=\"723\" src=\"https:\/\/crudelis.fr\/site\/covid1984\/wp-content\/uploads\/sites\/8\/2020\/11\/Sweden-1024x723.png\" alt=\"\" class=\"wp-image-595\" srcset=\"https:\/\/crudelis.fr\/site\/covid1984\/wp-content\/uploads\/sites\/8\/2020\/11\/Sweden-1024x723.png 1024w, https:\/\/crudelis.fr\/site\/covid1984\/wp-content\/uploads\/sites\/8\/2020\/11\/Sweden-300x212.png 300w, https:\/\/crudelis.fr\/site\/covid1984\/wp-content\/uploads\/sites\/8\/2020\/11\/Sweden-768x542.png 768w, https:\/\/crudelis.fr\/site\/covid1984\/wp-content\/uploads\/sites\/8\/2020\/11\/Sweden-1536x1084.png 1536w, https:\/\/crudelis.fr\/site\/covid1984\/wp-content\/uploads\/sites\/8\/2020\/11\/Sweden-2048x1446.png 2048w, https:\/\/crudelis.fr\/site\/covid1984\/wp-content\/uploads\/sites\/8\/2020\/11\/Sweden-1320x932.png 1320w\" sizes=\"auto, (max-width: 1024px) 100vw, 1024px\" \/><\/a><\/figure>\n\n\n\n<p>Les informations officielles sont difficiles \u00e0 trouver, hormis de la part de journaux qui ne citent pas leur sources... On consid\u00e9rera les informations disponibles sur la page fran\u00e7aise <a rel=\"noreferrer noopener\" href=\"https:\/\/fr.wikipedia.org\/wiki\/Pand%C3%A9mie_de_Covid-19_en_Su%C3%A8de#Mesures_prises\" data-type=\"URL\" data-id=\"https:\/\/fr.wikipedia.org\/wiki\/Pand%C3%A9mie_de_Covid-19_en_Su%C3%A8de#Mesures_prises\" target=\"_blank\">wikipedia<\/a>.<\/p>\n\n\n\n<p>La su\u00e8de a d\u00e9cid\u00e9 le 11 mars de limiter les rassemblements \u00e0 500 personnes. Puis \u00e0 50 le 27 mars.<br>Le 18 mars, les lyc\u00e9es et universit\u00e9s sont ferm\u00e9s \u00e9galement.<br>Enfin, le 27 mars, les visites en maison de retraites seront interdites.<\/p>\n\n\n\n<p>Il n'y a eu aucun confinement strict, ni fermeture de commerces.<\/p>\n\n\n\n<p>Les restrictions sont mises en place en 3 temps, avant, pendant et apr\u00e8s l'augmentation de la mortalit\u00e9.<br>Le pic de mortalit\u00e9 a \u00e9t\u00e9 atteint le 18 avril, 38 jours apr\u00e8s les premi\u00e8res restrictions et 22 apr\u00e8s les derni\u00e8res.<br>Au 1er juillet, la mortalit\u00e9 du virus avait atteint 52.37 pour 100 000 habitants (<a rel=\"noreferrer noopener\" href=\"https:\/\/web.archive.org\/web\/20200701212759\/https:\/\/coronavirus.jhu.edu\/data\/mortality\" target=\"_blank\">source<\/a>).<\/p>\n\n\n\n<p>De mani\u00e8re int\u00e9ressante, la Su\u00e8de est le seul pays pour lequel les mesures semblent avoir eu un impact certain sur la transmission du virus.<br>Les premi\u00e8res mesures de restrictions de rassemblement ont un effet \u00e9vident avec la courbe marquant un plateau 7 jours plus tard.<br>Les secondes, le 27 mars, ont \u00e9galement un effet visible sur les contaminations.<\/p>\n\n\n\n<p>La mortalit\u00e9 en revanche ne semble affect\u00e9e que par l'interdiction des visites en EHPAD.<\/p>\n\n\n\n<p>On remarque \u00e9videmment une remont\u00e9e du nombre de cas en juin, apr\u00e8s un plateau. Comme on peut l'apercevoir sur le premier graphique de cet article, le nombre de cas amorcera toutefois une chute brutale d\u00e8s le d\u00e9but du mois de juillet.<br>Cette augmentation du nombre de cas n'est toutefois pas accompagn\u00e9e d'une hausse de la mortalit\u00e9.<\/p>\n\n\n\n<p>Un point toutefois important \u00e0 consid\u00e9rer est que la Su\u00e8de, n'imposant que tr\u00e8s peu de restrictions contraignantes a en revanche beaucoup communiqu\u00e9 sur les risques et les mesures \u00e0 prendre en responsabilisant sa population plut\u00f4t que la contraindre.<\/p>\n\n\n\n<hr class=\"wp-block-separator has-css-opacity is-style-dots\"\/>\n\n\n\n<p id=\"conclusion\">Que pouvons-nous conclure de cette analyse de 10 pays europ\u00e9ens ?<\/p>\n\n\n\n<p>Il est important de rappeler que \"le confinement est mis en \u0153uvre pour limiter fortement la circulation du virus\".<br>Et qu'en l'absence de confinement, les pays d'Europe auraient eu des centaines de milliers de morts.<\/p>\n\n\n\n<p>L'\u00e9tude des courbes nous montre pourtant les points suivants:<br>Concernant le nombre de cas:<\/p>\n\n\n\n<ul class=\"wp-block-list\"><li>De mani\u00e8re g\u00e9n\u00e9rale, les mesures de confinements ou les restrictions moins contraignantes n'ont pas eu d'effets visibles sur les contaminations.<br>M\u00eame lorsque des effets on pu \u00eatre aper\u00e7us, ils ont \u00e9t\u00e9 de courte dur\u00e9e.<\/li><li>En ce qui concerne la France et la Belgique, le confinement semble m\u00eame avoir augment\u00e9 le nombre de contaminations.<\/li><li>La Su\u00e8de est le seul pays pour lequel les mesures de restrictions, bien que r\u00e9duites, semble avoir affect\u00e9 les contaminations. Pour une dur\u00e9e limit\u00e9e toutefois.<\/li><\/ul>\n\n\n\n<p>Concernant les d\u00e9c\u00e8s:<\/p>\n\n\n\n<ul class=\"wp-block-list\"><li>Lorsque les confinements ou mesures de restrictions ont \u00e9t\u00e9 mis en place au moment de l'explosion de la mortalit\u00e9, le pic de mortalit\u00e9 a \u00e9t\u00e9 atteint apr\u00e8s 3 \u00e0 4 semaines.<\/li><li>Mais le Danemark et la Su\u00e8de qui n'ont pas align\u00e9 leurs d\u00e9cisions sur l'augmentation de la mortalit\u00e9 n'ont pas eu un pic apr\u00e8s 3 \u00e0 4 semaines.<\/li><li>Pour les 10 pays, le pic de mortalit\u00e9 a \u00e9t\u00e9 atteint environ 3 \u00e0 4 semaines apr\u00e8s le d\u00e9but de la mont\u00e9e de la courbe.<br>Cela laisse penser que le pic de mortalit\u00e9 intervient toujours au m\u00eame moment, ind\u00e9pendamment des mesures prises.<\/li><li>Les pays ayant choisi un confinement strict ont une mortalit\u00e9 3 fois plus importante que leurs voisins qui n'ont pas confin\u00e9 !<\/li><\/ul>\n\n\n\n<p class=\"has-text-align-center\">---<\/p>\n\n\n\n<p><strong>Conclusion:<\/strong><\/p>\n\n\n\n<p>Que les pays aient choisi un confinement strict ou des restrictions moins contraignantes, voir presque aucune, on ne constate aucune diff\u00e9rence significative visible sur les courbes de contaminations ou de mortalit\u00e9s li\u00e9es au virus.<\/p>\n\n\n\n<p><strong>Toutefois les confinements stricts semblent responsables d'une augmentation substantielle de la mortalit\u00e9.<\/strong><\/p>\n\n\n\n<p><strong>Le virus semble simplement ne faire aucun cas de quelconques mesures prises pas les diff\u00e9rents pays.<\/strong><br>la courbe des d\u00e9c\u00e8s pour ces 10 pays nous montre d'ailleurs parfaitement que le virus a suivi sa courbe en cloche, dont les \u00e9pid\u00e9miologistes n'ont de cesse de parler, sans se soucier des restrictions impos\u00e9es \u00e0 la population.<\/p>\n\n\n\n<figure class=\"wp-block-image size-large\"><a href=\"https:\/\/crudelis.fr\/site\/covid1984\/wp-content\/uploads\/sites\/8\/2020\/11\/Confirmed-death.png\" target=\"_blank\" rel=\"noopener noreferrer\"><img loading=\"lazy\" decoding=\"async\" width=\"1024\" height=\"723\" src=\"https:\/\/crudelis.fr\/site\/covid1984\/wp-content\/uploads\/sites\/8\/2020\/11\/Confirmed-death-1024x723.png\" alt=\"\" class=\"wp-image-570\" srcset=\"https:\/\/crudelis.fr\/site\/covid1984\/wp-content\/uploads\/sites\/8\/2020\/11\/Confirmed-death-1024x723.png 1024w, https:\/\/crudelis.fr\/site\/covid1984\/wp-content\/uploads\/sites\/8\/2020\/11\/Confirmed-death-300x212.png 300w, https:\/\/crudelis.fr\/site\/covid1984\/wp-content\/uploads\/sites\/8\/2020\/11\/Confirmed-death-768x542.png 768w, https:\/\/crudelis.fr\/site\/covid1984\/wp-content\/uploads\/sites\/8\/2020\/11\/Confirmed-death-1536x1084.png 1536w, https:\/\/crudelis.fr\/site\/covid1984\/wp-content\/uploads\/sites\/8\/2020\/11\/Confirmed-death-2048x1446.png 2048w, https:\/\/crudelis.fr\/site\/covid1984\/wp-content\/uploads\/sites\/8\/2020\/11\/Confirmed-death-1320x932.png 1320w\" sizes=\"auto, (max-width: 1024px) 100vw, 1024px\" \/><\/a><\/figure>\n\n\n\n<p>Tout porte \u00e0 croire que la nature est de toute mani\u00e8re bien plus forte que les humains, quoi qu'on tente de faire pour lui barrer la route.<\/p>\n\n\n\n<p>Mais si les mesures de restrictions et les confinements n'auront pas permis de ralentir la course de l'\u00e9pid\u00e9mie, il est certain qu'ils auront mis un coup fatal \u00e0 nos soci\u00e9t\u00e9s dont on ne se rel\u00e8vera pas de si t\u00f4t.<\/p>\n\n\n\n<p>Cela pose une question des plus importantes en ces temps de second confinement, si \u00e7a n'avait manifestement pas fonctionn\u00e9 la premi\u00e8re fois mais fait autant de d\u00e9g\u00e2ts \u00e0 notre soci\u00e9t\u00e9, <strong>pourquoi recommencer une seconde fois !?<\/strong><\/p>\n","protected":false},"excerpt":{"rendered":"<p>Suite \u00e0 plusieurs r\u00e9v\u00e9lations sur l'inefficacit\u00e9 du confinement en France, il m'a sembl\u00e9 int\u00e9ressant de comparer les diff\u00e9rentes mesures de restrictions des pays d'Europe de l'ouest et leur impact sur l'\u00e9pid\u00e9mie de covid.<\/p>\n","protected":false},"author":2,"featured_media":0,"comment_status":"open","ping_status":"open","sticky":false,"template":"","format":"standard","meta":{"footnotes":""},"categories":[4,77,12],"tags":[21],"class_list":["post-560","post","type-post","status-publish","format-standard","hentry","category-analyse","category-covid19","category-mortalite","tag-confinement"],"_links":{"self":[{"href":"https:\/\/crudelis.fr\/site\/covid1984\/wp-json\/wp\/v2\/posts\/560","targetHints":{"allow":["GET"]}}],"collection":[{"href":"https:\/\/crudelis.fr\/site\/covid1984\/wp-json\/wp\/v2\/posts"}],"about":[{"href":"https:\/\/crudelis.fr\/site\/covid1984\/wp-json\/wp\/v2\/types\/post"}],"author":[{"embeddable":true,"href":"https:\/\/crudelis.fr\/site\/covid1984\/wp-json\/wp\/v2\/users\/2"}],"replies":[{"embeddable":true,"href":"https:\/\/crudelis.fr\/site\/covid1984\/wp-json\/wp\/v2\/comments?post=560"}],"version-history":[{"count":4,"href":"https:\/\/crudelis.fr\/site\/covid1984\/wp-json\/wp\/v2\/posts\/560\/revisions"}],"predecessor-version":[{"id":2110,"href":"https:\/\/crudelis.fr\/site\/covid1984\/wp-json\/wp\/v2\/posts\/560\/revisions\/2110"}],"wp:attachment":[{"href":"https:\/\/crudelis.fr\/site\/covid1984\/wp-json\/wp\/v2\/media?parent=560"}],"wp:term":[{"taxonomy":"category","embeddable":true,"href":"https:\/\/crudelis.fr\/site\/covid1984\/wp-json\/wp\/v2\/categories?post=560"},{"taxonomy":"post_tag","embeddable":true,"href":"https:\/\/crudelis.fr\/site\/covid1984\/wp-json\/wp\/v2\/tags?post=560"}],"curies":[{"name":"wp","href":"https:\/\/api.w.org\/{rel}","templated":true}]}}