{"id":62,"date":"2020-10-27T13:27:57","date_gmt":"2020-10-27T13:27:57","guid":{"rendered":"https:\/\/covid1984.nohost.me\/?p=62"},"modified":"2022-09-08T11:23:16","modified_gmt":"2022-09-08T11:23:16","slug":"halte-a-la-manipulation-ils-ont-baisse-le-seuil-epidemique-pour-le-covid","status":"publish","type":"post","link":"https:\/\/crudelis.fr\/site\/covid1984\/2020\/10\/27\/halte-a-la-manipulation-ils-ont-baisse-le-seuil-epidemique-pour-le-covid\/","title":{"rendered":"Halte \u00e0 la manipulation : Ils ont baiss\u00e9 le seuil \u00e9pid\u00e9mique pour le covid !"},"content":{"rendered":"\n<p>L'une des nombreuses \"Chronique Covid\" du journal FranceSoir s'attarde, le 23 juillet 2020, sur la danse des seuils \u00e9pid\u00e9miques, jonglant de 10\/100000 pour le seul de vigilance \u00e0 250\/100000 pour le seuil d'alerte maximale, en passant par des pallier \u00e0 150\/100000 pour le seuil d'alerte renforc\u00e9e et 50\/100000 pour le seul d'alerte.<\/p>\n\n\n\n<!--more-->\n\n\n\n<figure class=\"wp-block-table\"><table class=\"has-subtle-light-gray-background-color has-background\"><tbody><tr><td class=\"has-text-align-center\" data-align=\"center\"><strong><strong>OPINION<\/strong><br><br>Cet article exprime l'opinion personnelle de son auteur.<\/strong><\/td><\/tr><\/tbody><\/table><\/figure>\n\n\n\n<p><a rel=\"noreferrer noopener\" href=\"http:\/\/www.francesoir.fr\/societe-sante\/chronique-covid-ndeg13-halte-la-manipulation-ils-ont-baisse-le-seuil-epidemique-pour\" data-type=\"URL\" data-id=\"http:\/\/www.francesoir.fr\/societe-sante\/chronique-covid-ndeg13-halte-la-manipulation-ils-ont-baisse-le-seuil-epidemique-pour\" target=\"_blank\">FranceSoir - Chronique Covid N\u00b013 \u2013 \u00ab Halte \u00e0 la manipulation : Ils ont baiss\u00e9 le seuil \u00e9pid\u00e9mique pour le covid !<\/a><br><em>Temps de lecture: 7-9 minutes.<\/em> (<a href=\"https:\/\/crudelis.fr\/site\/covid1984\/wp-content\/uploads\/sites\/8\/2022\/09\/Chronique-Covid-N\u00b013-\u2013-Halte-a-la-manipulation-Ils-ont-baisse-le-seuil-epidemique-pour-le-covid-FranceSoir.pdf\">T\u00e9l\u00e9charger l'article original en pdf<\/a>)<\/p>\n\n\n\n<hr class=\"wp-block-separator has-css-opacity is-style-dots\"\/>\n\n\n\n<blockquote class=\"wp-block-quote is-style-default is-layout-flow wp-block-quote-is-layout-flow\"><p><em>Mais, franchement, quelle affaire !<\/em><\/p><p><em>Car en r\u00e9alit\u00e9, \u00e0 50 cas pour 100.000 habitants, nous sommes encore tr\u00e8s tr\u00e8s loin d\u2019un seuil \u00e9pid\u00e9mique lors d\u2019une infection \u00e0 virus respiratoire.<\/em><\/p><cite>FranceSoir<\/cite><\/blockquote>\n\n\n\n<blockquote class=\"wp-block-quote is-style-default is-layout-flow wp-block-quote-is-layout-flow\"><p><em>Le seuil \u00e9pid\u00e9mique pour chaque \u00e9pid\u00e9mie \u00e0 virus respiratoire (syndromes grippaux) depuis 1985 et jusqu\u2019\u00e0 2018 (derni\u00e8re ann\u00e9e pour laquelle le r\u00e9seau Sentinelles a publi\u00e9 un bilan annuel) a constamment \u00e9t\u00e9 fix\u00e9 entre 150 et 200 cas pour 100.000 habitants<\/em><\/p><cite>FranceSoir<\/cite><\/blockquote>\n\n\n\n<hr class=\"wp-block-separator has-css-opacity is-style-dots\"\/>\n\n\n\n<p>Afin \u00e9galement de prendre du recul sur la lecture de ces chiffres, il est bon de se rappeler que, <strong>sans tester des millions de personnes chaque semaines \u00e0 la recherche de personnes positives aux virus de la grippe<\/strong>, les taux d'incidences pour les 3 derni\u00e8res saisons de grippes se sont \u00e9lev\u00e9s respectivement \u00e0 459\/100000 pour la saison 2017-2018, 599\/100000 pour 2018-2019 et 314\/100000 pour 2019-2020 \u00e0 leurs pics \u00e9pid\u00e9miques.<\/p>\n\n\n\n<p>Bien sup\u00e9rieur aux taux d'incidences cit\u00e9s pr\u00e9c\u00e9demment pour le covid, ces 3 derni\u00e8res \u00e9pid\u00e9mies de grippes n'ont pourtant entra\u00een\u00e9s aucune mesure de l'ampleur de celles que nous connaissons aujourd'hui...<\/p>\n","protected":false},"excerpt":{"rendered":"<p>L'une des nombreuses \"Chronique Covid\" du journal FranceSoir s'attarde, le 23 juillet 2020, sur la danse des seuils \u00e9pid\u00e9miques, jonglant de 10\/100000 pour le seul de vigilance \u00e0 250\/100000 pour le seuil d'alerte maximale, en passant par des pallier \u00e0 150\/100000 pour le seuil d'alerte renforc\u00e9e et 50\/100000 pour le seul d'alerte.<\/p>\n","protected":false},"author":2,"featured_media":0,"comment_status":"open","ping_status":"open","sticky":false,"template":"","format":"standard","meta":{"footnotes":""},"categories":[2,77,13],"tags":[26,28],"class_list":["post-62","post","type-post","status-publish","format-standard","hentry","category-actualite","category-covid19","category-opinion","tag-opinion","tag-relativiser"],"_links":{"self":[{"href":"https:\/\/crudelis.fr\/site\/covid1984\/wp-json\/wp\/v2\/posts\/62","targetHints":{"allow":["GET"]}}],"collection":[{"href":"https:\/\/crudelis.fr\/site\/covid1984\/wp-json\/wp\/v2\/posts"}],"about":[{"href":"https:\/\/crudelis.fr\/site\/covid1984\/wp-json\/wp\/v2\/types\/post"}],"author":[{"embeddable":true,"href":"https:\/\/crudelis.fr\/site\/covid1984\/wp-json\/wp\/v2\/users\/2"}],"replies":[{"embeddable":true,"href":"https:\/\/crudelis.fr\/site\/covid1984\/wp-json\/wp\/v2\/comments?post=62"}],"version-history":[{"count":3,"href":"https:\/\/crudelis.fr\/site\/covid1984\/wp-json\/wp\/v2\/posts\/62\/revisions"}],"predecessor-version":[{"id":2467,"href":"https:\/\/crudelis.fr\/site\/covid1984\/wp-json\/wp\/v2\/posts\/62\/revisions\/2467"}],"wp:attachment":[{"href":"https:\/\/crudelis.fr\/site\/covid1984\/wp-json\/wp\/v2\/media?parent=62"}],"wp:term":[{"taxonomy":"category","embeddable":true,"href":"https:\/\/crudelis.fr\/site\/covid1984\/wp-json\/wp\/v2\/categories?post=62"},{"taxonomy":"post_tag","embeddable":true,"href":"https:\/\/crudelis.fr\/site\/covid1984\/wp-json\/wp\/v2\/tags?post=62"}],"curies":[{"name":"wp","href":"https:\/\/api.w.org\/{rel}","templated":true}]}}