{"id":64,"date":"2020-10-27T13:53:46","date_gmt":"2020-10-27T13:53:46","guid":{"rendered":"https:\/\/covid1984.nohost.me\/?p=64"},"modified":"2022-08-20T11:11:19","modified_gmt":"2022-08-20T11:11:19","slug":"croyances-et-sciences-seraient-elles-melees-a-des-conflits-dinteret-la-france-sombrerait-elle-dans-un-drame-inevitable","status":"publish","type":"post","link":"https:\/\/crudelis.fr\/site\/covid1984\/2020\/10\/27\/croyances-et-sciences-seraient-elles-melees-a-des-conflits-dinteret-la-france-sombrerait-elle-dans-un-drame-inevitable\/","title":{"rendered":"Croyances et sciences seraient-elles m\u00eal\u00e9es \u00e0 des conflits d\u2019int\u00e9r\u00eat ? La France sombrerait-elle dans un drame in\u00e9vitable ?"},"content":{"rendered":"\n<p>Des pistes de compr\u00e9hension sur l'offensive contre l'hydroxychloroquine qui frappe notre pays depuis le d\u00e9but de cette crise.<br>Article dat\u00e9 du 26 octobre 2020.<\/p>\n\n\n\n<!--more-->\n\n\n\n<p><a rel=\"noreferrer noopener\" href=\"http:\/\/www.francesoir.fr\/societe-sante\/croyance-et-sciences-seraient-elles-meles-des-conflits-dinteret-la-france-sombrerait\" data-type=\"URL\" data-id=\"http:\/\/www.francesoir.fr\/societe-sante\/croyance-et-sciences-seraient-elles-meles-des-conflits-dinteret-la-france-sombrerait\" target=\"_blank\">FranceSoir - Croyances et sciences seraient-elles m\u00eal\u00e9es \u00e0 des conflits d\u2019int\u00e9r\u00eat ? La France sombrerait-elle dans un drame in\u00e9vitable ?<\/a><br><em>Temps de lecture: 10-12 minutes.<\/em><\/p>\n\n\n\n<hr class=\"wp-block-separator is-style-dots\" \/>\n\n\n\n<blockquote class=\"wp-block-quote is-style-default is-layout-flow wp-block-quote-is-layout-flow\"><p><em>A travers de ses actes et d\u00e9cisions,<strong> le pr\u00e9sident <\/strong>aurait-il favoris\u00e9 ainsi l\u2019\u00e9mergence d\u2019un traitement 200 fois plus cher que celui du professeur <strong>Didier Raoult<\/strong> et laisser notre destin en d\u2019autres mains que ceux des experts reconnus mondialement&nbsp;?<\/em><\/p><cite>FranceSoir<\/cite><\/blockquote>\n\n\n\n<blockquote class=\"wp-block-quote is-style-default is-layout-flow wp-block-quote-is-layout-flow\"><p><em>De son c\u00f4t\u00e9, le <strong>remdesivir<\/strong>, m\u00e9dicament de Gilead aux propri\u00e9t\u00e9s toxiques <strong>importantes obtiendra en juillet une ATU de l\u2019agence Europ\u00e9enne du m\u00e9dicament alors que les b\u00e9n\u00e9fices patients ne sont pas prouv\u00e9s<\/strong> .<\/em><\/p><cite>FranceSoir<\/cite><\/blockquote>\n\n\n\n<blockquote class=\"wp-block-quote is-style-default is-layout-flow wp-block-quote-is-layout-flow\"><p><strong>Donc si l\u2019on r\u00e9sume, l\u2019Elys\u00e9e est conseill\u00e9e par le mari de la coll\u00e8gue de sa belle fille qui elle-m\u00eame collabore avec le cod\u00e9tenteur de brevets sur un m\u00e9dicament qui pourrait traiter le COVID-19 tout comme le Plaquenil, mais pour 200 fois plus cher&nbsp;!!! <\/strong>Ou quelque 600 fois plus cher pour le remdesivir.<\/p><cite>FranceSoir<\/cite><\/blockquote>\n\n\n\n<hr class=\"wp-block-separator is-style-dots\" \/>\n\n\n\n<p>Les rapprochements qui sont fait dans cet article avec le Christ cosmique et Pierre Teilhard de Chardin pourraient para\u00eetre \u00eatre issue d'id\u00e9es complotistes.<br>Il est toutefois int\u00e9ressant de noter que Bertrand Thirion est effectivement membre du Comit\u00e9 analyse, recherche et expertise (<a rel=\"noreferrer noopener\" href=\"https:\/\/solidarites-sante.gouv.fr\/actualites\/article\/installation-du-comite-analyse-recherche-et-expertise-care\" data-type=\"URL\" data-id=\"https:\/\/solidarites-sante.gouv.fr\/actualites\/article\/installation-du-comite-analyse-recherche-et-expertise-care\" target=\"_blank\">source<\/a>). Qu'il est effectivement li\u00e9 au Centre Teilhard de Chardin (<a rel=\"noreferrer noopener\" href=\"https:\/\/www.centreteilharddechardin.fr\" data-type=\"URL\" data-id=\"https:\/\/www.centreteilharddechardin.fr\" target=\"_blank\">source<\/a>). Et que Pierre Teilhard de Chardin est effectivement \u00e0 l'origine de l'id\u00e9e d'un Christ cosmique (<a rel=\"noreferrer noopener\" href=\"https:\/\/fr.wikipedia.org\/wiki\/Pierre_Teilhard_de_Chardin#Noosph%C3%A8re,_Christ_cosmique_et_point_Om%C3%A9ga\" data-type=\"URL\" data-id=\"https:\/\/fr.wikipedia.org\/wiki\/Pierre_Teilhard_de_Chardin#Noosph%C3%A8re,_Christ_cosmique_et_point_Om%C3%A9ga\" target=\"_blank\">source<\/a>).<\/p>\n","protected":false},"excerpt":{"rendered":"<p>Des pistes de compr\u00e9hension sur l'offensive contre l'hydroxychloroquine qui frappe notre pays depuis le d\u00e9but de cette crise.Article dat\u00e9 du 26 octobre 2020.<\/p>\n","protected":false},"author":2,"featured_media":0,"comment_status":"open","ping_status":"open","sticky":false,"template":"","format":"standard","meta":{"footnotes":""},"categories":[2,77,14],"tags":[24],"class_list":["post-64","post","type-post","status-publish","format-standard","hentry","category-actualite","category-covid19","category-pourquoi","tag-hydroxychloroquine"],"_links":{"self":[{"href":"https:\/\/crudelis.fr\/site\/covid1984\/wp-json\/wp\/v2\/posts\/64","targetHints":{"allow":["GET"]}}],"collection":[{"href":"https:\/\/crudelis.fr\/site\/covid1984\/wp-json\/wp\/v2\/posts"}],"about":[{"href":"https:\/\/crudelis.fr\/site\/covid1984\/wp-json\/wp\/v2\/types\/post"}],"author":[{"embeddable":true,"href":"https:\/\/crudelis.fr\/site\/covid1984\/wp-json\/wp\/v2\/users\/2"}],"replies":[{"embeddable":true,"href":"https:\/\/crudelis.fr\/site\/covid1984\/wp-json\/wp\/v2\/comments?post=64"}],"version-history":[{"count":1,"href":"https:\/\/crudelis.fr\/site\/covid1984\/wp-json\/wp\/v2\/posts\/64\/revisions"}],"predecessor-version":[{"id":2369,"href":"https:\/\/crudelis.fr\/site\/covid1984\/wp-json\/wp\/v2\/posts\/64\/revisions\/2369"}],"wp:attachment":[{"href":"https:\/\/crudelis.fr\/site\/covid1984\/wp-json\/wp\/v2\/media?parent=64"}],"wp:term":[{"taxonomy":"category","embeddable":true,"href":"https:\/\/crudelis.fr\/site\/covid1984\/wp-json\/wp\/v2\/categories?post=64"},{"taxonomy":"post_tag","embeddable":true,"href":"https:\/\/crudelis.fr\/site\/covid1984\/wp-json\/wp\/v2\/tags?post=64"}],"curies":[{"name":"wp","href":"https:\/\/api.w.org\/{rel}","templated":true}]}}