{"id":652,"date":"2020-12-03T23:11:42","date_gmt":"2020-12-03T23:11:42","guid":{"rendered":"https:\/\/covid1984.nohost.me\/blog\/?p=652"},"modified":"2022-08-20T11:09:19","modified_gmt":"2022-08-20T11:09:19","slug":"quand-le-fact-checking-senfonce-dans-les-fakes-news","status":"publish","type":"post","link":"https:\/\/crudelis.fr\/site\/covid1984\/2020\/12\/03\/quand-le-fact-checking-senfonce-dans-les-fakes-news\/","title":{"rendered":"Quand le fact-checking s'enfonce dans les fakes news..."},"content":{"rendered":"\n<p>Un excellent article de France Soir qui d\u00e9montre, preuves \u00e0 l'appui comment un debunk de l'AFP s'enfonce lui m\u00eame dans des mensonges en s\u00e9lectionnant ses sources et en les interpr\u00e9tant de mani\u00e8re fallacieuse.<\/p>\n\n\n\n<!--more-->\n\n\n\n<p><a href=\"http:\/\/www.francesoir.fr\/politique-france\/hold-up-afp-debunk-debunk\" data-type=\"URL\" data-id=\"http:\/\/www.francesoir.fr\/politique-france\/hold-up-afp-debunk-debunk\" target=\"_blank\" rel=\"noreferrer noopener\">FranceSoir - Le \"Hold up\" de l'AFP : \"debunk\" de leur \"debunk\"<\/a><br><em>Temps de lecture: 92-118 minutes.<\/em><\/p>\n\n\n\n<p>L'article est long, mais tr\u00e8s int\u00e9ressant \u00e0 lire. Il traite des sujets suivants:<\/p>\n\n\n\n<ul class=\"wp-block-list\"><li>L'Organisation Mondiale de la Sant\u00e9 recommande le port du masque g\u00e9n\u00e9ralis\u00e9 par le grand public.<\/li><li>Les masques sont tr\u00e8s protecteurs et ne sont pas des nids \u00e0 microbes.<\/li><li>La Su\u00e8de n'a pas \u00e9t\u00e9 \u00e9pargn\u00e9e par la crise du Covid-19<\/li><li>Le Rivotril n'a pas \u00e9t\u00e9 utilis\u00e9 dans les EHPAD pour achever les r\u00e9sidents faute de place dans les h\u00f4pitaux.<\/li><li>L'hydroxychloroquine est inefficace pour traiter la Covid-19.<\/li><\/ul>\n\n\n\n<hr class=\"wp-block-separator has-css-opacity is-style-dots\"\/>\n\n\n\n<blockquote class=\"wp-block-quote is-layout-flow wp-block-quote-is-layout-flow\"><p><em><em><em><em>Contrairement \u00e0 ce qui \u00e9tait avanc\u00e9 dans son premier article, ce second papier de l'AFP pr\u00e9cise donc bel et bien que le conseil de porter le masque par l'OMS ne s'applique en r\u00e9alit\u00e9 qu'\u00e0 des situations particuli\u00e8res et n'est en rien donn\u00e9 comme une obligation s'appliquant \u00e0 \u00ab&nbsp;tout le monde&nbsp;\u00bb,<\/em><\/em><\/em><\/em><\/p><p><em><em><em><em>L'affirmation d'Astrid Stuckelberger est donc bien confirm\u00e9e par l\u2019Organisation mondiale de la sant\u00e9.<\/em><\/em><\/em><\/em><\/p><cite>Wolf Wagner pour France Soir<\/cite><\/blockquote>\n\n\n\n<blockquote class=\"wp-block-quote is-layout-flow wp-block-quote-is-layout-flow\"><p><em><em><em>C'est \u00e0 dire que selon les D\u00e9codeurs du Monde, tout autre masque qu'un masque chirurgical ne vous prot\u00e8ge pas (en juillet 2020, date de parution de l'article) contre les bact\u00e9ries et autres particules circulant dans l'air.<\/em><\/em><\/em><\/p><cite>Wolf Wagner pour France Soir<\/cite><\/blockquote>\n\n\n\n<blockquote class=\"wp-block-quote is-layout-flow wp-block-quote-is-layout-flow\"><p><em><em><em><em>Autrement dit, quand Claude Verres affirme que les masques chirurgicaux \u00ab&nbsp;ne sont pas tr\u00e8s protecteurs&nbsp;\u00bb et que l'AFP la contredit, si l'on prend en compte les conclusions exprim\u00e9es par Le Monde, celles de France 3 et que l'on part du principe qu'une partie certaine de la population utilisant ces masques chirurgicaux ne respecte de toute mani\u00e8re pas scrupuleusement les recommandations d'usage, on peut alors, sans craindre d'\u00eatre \u00e0 son tour contredit, affirmer que l'AFP donne ici une information erron\u00e9e, ou \u00e0 minima infond\u00e9e.<\/em><\/em><\/em><\/em><\/p><cite>Wolf Wagner pour France Soir<\/cite><\/blockquote>\n\n\n\n<blockquote class=\"wp-block-quote is-layout-flow wp-block-quote-is-layout-flow\"><p><em><em><em>On nous explique que les taux de mortalit\u00e9 similaires ne sont pas n\u00e9cessairement comparables lorsqu'il existe une diff\u00e9rence de densit\u00e9 de population, mais qu'en revanche deux pays diam\u00e9tralement oppos\u00e9s g\u00e9ographiquement en Europe et avec des environnements totalement diff\u00e9rents, seraient bien plus scientifiquement comparables pour la seule et unique raison qu'ils ont un nombre d'habitants \u00e9quivalent ?<\/em><\/em><\/em><\/p><cite>Wolf Wagner pour France Soir<\/cite><\/blockquote>\n\n\n\n<blockquote class=\"wp-block-quote is-layout-flow wp-block-quote-is-layout-flow\"><p><em><em><em>En se fondant sur cette seule m\u00e9thodologie de comparaison bas\u00e9e sur la taille de la population, nous pouvons donc affirmer que la Belgique qui a pourtant bien confin\u00e9 a connu beaucoup plus de morts de la Covid-19 que la Su\u00e8de, qui, elle, ne l'a pas fait. Preuve par l'absurde que la comparaison entre Su\u00e8de et Portugal n'apporte aucune information pertinente, puisqu'en se basant sur les m\u00eames crit\u00e8res de comparaison, on peut tout \u00e0 fait arriver au r\u00e9sultat totalement contraire.<\/em><\/em><\/em><\/p><cite>Wolf Wagner pour France Soir<\/cite><\/blockquote>\n\n\n\n<blockquote class=\"wp-block-quote is-layout-flow wp-block-quote-is-layout-flow\"><p><em><em><em>Ainsi, toujours en suivant cette logique d\u00e9ploy\u00e9e par l'AFP, la Finlande, qui n'a pas confin\u00e9, serait dans ce cas le parfait exemple pour d\u00e9montrer que le confinement ne sert \u00e0 rien...<\/em><\/em><\/em><\/p><cite>Wolf Wagner pour France Soir<\/cite><\/blockquote>\n\n\n\n<blockquote class=\"wp-block-quote is-layout-flow wp-block-quote-is-layout-flow\"><p><em><em><em>il est bien av\u00e9r\u00e9, via la circulaire du minist\u00e8re de la Sant\u00e9, ainsi qu'apr\u00e8s lecture des chiffres divulgu\u00e9s par l'Assistance Publique de Paris, qu'il y a bien eu une volont\u00e9 politique de d\u00e9charger les h\u00f4pitaux en privil\u00e9giant l'entr\u00e9e en soins intensifs des patients les moins fragiles, au d\u00e9triment de ceux qui l'\u00e9taient le plus, et donc des plus anciens.<\/em><\/em><\/em><\/p><cite>Wolf Wagner pour France Soir<\/cite><\/blockquote>\n\n\n\n<blockquote class=\"wp-block-quote is-layout-flow wp-block-quote-is-layout-flow\"><p><em><em><em>Apr\u00e8s avoir pris connaissance de ces d\u00e9clarations et contrairement \u00e0 ce que conclut l'AFP, il n'est donc plus possible d'affirmer que l'usage de ces s\u00e9datifs seraient strictement limit\u00e9s \u00e0 endormir profond\u00e9ment des patients.<\/em><\/em><\/em><\/p><cite>Wolf Wagner pour France Soir<\/cite><\/blockquote>\n\n\n\n<blockquote class=\"wp-block-quote is-layout-flow wp-block-quote-is-layout-flow\"><p><em><em><em>C'est en r\u00e9alit\u00e9 bien l'AFP qui propage une fausse interpr\u00e9tation en contredisant l'avis de Serge Rader, puisque oui, on a bien \u00ab&nbsp;<em>achev\u00e9<\/em>&nbsp;\u00bb ou \u00ab&nbsp;<em>aider \u00e0 partir<\/em>&nbsp;\u00bb des personnes parce qu'il n'y avait plus de place dans les h\u00f4pitaux, ou tout du moins parce qu'on leur en avait refus\u00e9 le droit d'acc\u00e8s.<\/em><\/em><\/em><\/p><cite>Wolf Wagner pour France Soir<\/cite><\/blockquote>\n\n\n\n<blockquote class=\"wp-block-quote is-layout-flow wp-block-quote-is-layout-flow\"><p><em><em><em>Par cons\u00e9quent, l'\u00e9tude Recovery, en ne prescrivant pas l'azithromycine avec l'hydroxychloroquine et en donnant des doses de cheval aux patients trait\u00e9s, ne peut pas pr\u00e9tendre avoir v\u00e9rifi\u00e9 si le protocole de Didier Raoult fonctionnait ou non.<\/em><\/em><\/em><\/p><cite>Wolf Wagner pour France Soir<\/cite><\/blockquote>\n\n\n\n<blockquote class=\"wp-block-quote is-layout-flow wp-block-quote-is-layout-flow\"><p><em><em><em>Au final, si cet essai ne d\u00e9montre pas une efficacit\u00e9 significative de la mol\u00e9cule, elle ne permet pas non plus d'affirmer qu'elle est inefficace dans le traitement de la Covid-19, remettant ainsi en cause l'affirmation initiale de l'AFP\u00a8et son choix d'avoir pris Hycovid pour exemple.<\/em><\/em><\/em><\/p><cite>Wolf Wagner pour France Soir<\/cite><\/blockquote>\n\n\n\n<blockquote class=\"wp-block-quote is-layout-flow wp-block-quote-is-layout-flow\"><p><em><em><em>Finalement, l'AFP ne dit pas explicitement que le protocole du professeur Raoult est inefficace, elle dit que l'hydroxychloroquine seule l'est, sans pour autant pr\u00e9ciser dans quels cas de figure elle l'est, Ce qui lui permet donc de formuler cette affirmation sans prendre le risque d'\u00eatre attaqu\u00e9e sur la v\u00e9racit\u00e9 de son propos. Une nuance subtile qui n'est pas n\u00e9cessairement d\u00e9celable pour qui ne suit pas pr\u00e9cis\u00e9ment le sujet.&nbsp;On peut tr\u00e8s facilement conclure apr\u00e8s la lecture de ce passage de l'article que c'est l'ensemble du traitement du professeur Raoult qui ne marche pas, plut\u00f4t que la mol\u00e9cule utilis\u00e9e en monoth\u00e9rapie avec ces doses pr\u00e9cises.<\/em><\/em><\/em><\/p><cite>Wolf Wagner pour France Soir<\/cite><\/blockquote>\n\n\n\n<hr class=\"wp-block-separator has-css-opacity is-style-dots\"\/>\n\n\n\n<p>Cet article est tr\u00e8s long, mais vaut vraiment la peine d'\u00eatre lu enti\u00e8rement pour la qualit\u00e9 et la m\u00e9ticulosit\u00e9 du travail de son auteur qui \u00e0 fait un excellent travail de recherche.<\/p>\n\n\n\n<p>Si le propos, exprim\u00e9 d\u00e9s le d\u00e9but de l'article, \"<em>n'a ni vocation \u00e0 encenser ni \u00e0 d\u00e9noncer Hold Up<\/em>\", il est en revanche particuli\u00e8rement int\u00e9ressant dans la mesure o\u00f9 il remet en perspective la confiance \u00e0 avoir dans ces m\u00e9dias qui s'imposent comme la v\u00e9rit\u00e9 absolue et indiscutable.<\/p>\n","protected":false},"excerpt":{"rendered":"<p>Un excellent article de France Soir qui d\u00e9montre, preuves \u00e0 l'appui comment un debunk de l'AFP s'enfonce lui m\u00eame dans des mensonges en s\u00e9lectionnant ses sources et en les interpr\u00e9tant de mani\u00e8re fallacieuse.<\/p>\n","protected":false},"author":2,"featured_media":0,"comment_status":"open","ping_status":"open","sticky":false,"template":"","format":"standard","meta":{"footnotes":""},"categories":[77,11,12,17],"tags":[21,24],"class_list":["post-652","post","type-post","status-publish","format-standard","hentry","category-covid19","category-masque","category-mortalite","category-ressources","tag-confinement","tag-hydroxychloroquine"],"_links":{"self":[{"href":"https:\/\/crudelis.fr\/site\/covid1984\/wp-json\/wp\/v2\/posts\/652","targetHints":{"allow":["GET"]}}],"collection":[{"href":"https:\/\/crudelis.fr\/site\/covid1984\/wp-json\/wp\/v2\/posts"}],"about":[{"href":"https:\/\/crudelis.fr\/site\/covid1984\/wp-json\/wp\/v2\/types\/post"}],"author":[{"embeddable":true,"href":"https:\/\/crudelis.fr\/site\/covid1984\/wp-json\/wp\/v2\/users\/2"}],"replies":[{"embeddable":true,"href":"https:\/\/crudelis.fr\/site\/covid1984\/wp-json\/wp\/v2\/comments?post=652"}],"version-history":[{"count":2,"href":"https:\/\/crudelis.fr\/site\/covid1984\/wp-json\/wp\/v2\/posts\/652\/revisions"}],"predecessor-version":[{"id":2098,"href":"https:\/\/crudelis.fr\/site\/covid1984\/wp-json\/wp\/v2\/posts\/652\/revisions\/2098"}],"wp:attachment":[{"href":"https:\/\/crudelis.fr\/site\/covid1984\/wp-json\/wp\/v2\/media?parent=652"}],"wp:term":[{"taxonomy":"category","embeddable":true,"href":"https:\/\/crudelis.fr\/site\/covid1984\/wp-json\/wp\/v2\/categories?post=652"},{"taxonomy":"post_tag","embeddable":true,"href":"https:\/\/crudelis.fr\/site\/covid1984\/wp-json\/wp\/v2\/tags?post=652"}],"curies":[{"name":"wp","href":"https:\/\/api.w.org\/{rel}","templated":true}]}}