{"id":654,"date":"2020-12-03T23:29:51","date_gmt":"2020-12-03T23:29:51","guid":{"rendered":"https:\/\/covid1984.nohost.me\/blog\/?p=654"},"modified":"2022-08-20T11:09:19","modified_gmt":"2022-08-20T11:09:19","slug":"olivier-veran-reconnait-que-les-deces-covid-en-ephad-ne-sont-bases-que-sur-des-suspicions-de-covid","status":"publish","type":"post","link":"https:\/\/crudelis.fr\/site\/covid1984\/2020\/12\/03\/olivier-veran-reconnait-que-les-deces-covid-en-ephad-ne-sont-bases-que-sur-des-suspicions-de-covid\/","title":{"rendered":"Olivier V\u00e9ran reconnait que les d\u00e9c\u00e8s Covid en EHPAD ne sont bas\u00e9s que sur des \u201csuspicions\u201d de Covid"},"content":{"rendered":"\n<p>Le mercredi 4 novembre, Olivier Veran avouait, en commission d'enqu\u00eate \u00e0 l\u2019Assembl\u00e9e Nationale, que les d\u00e9c\u00e8s covid en EHPAD \u00e9taient bas\u00e9s sur des suspicions seulement.<\/p>\n\n\n\n<!--more-->\n\n\n\n<p><a href=\"https:\/\/planetes360.fr\/oliver-veran-reconnait-que-les-deces-covid-en-ephad-ne-sont-bases-que-sur-des-suspicions-de-covid\/\" data-type=\"URL\" data-id=\"https:\/\/planetes360.fr\/oliver-veran-reconnait-que-les-deces-covid-en-ephad-ne-sont-bases-que-sur-des-suspicions-de-covid\/\" target=\"_blank\" rel=\"noreferrer noopener\">Planetes365 - Olivier V\u00e9ran reconnait que les d\u00e9c\u00e8s Covid en EPHAD ne sont bas\u00e9s que sur des \u201csuspicions\u201d de Covid<\/a><br><em>Temps de lecture: 2-3 minutes.<\/em><\/p>\n\n\n\n<hr class=\"wp-block-separator is-style-dots\" \/>\n\n\n\n<blockquote class=\"wp-block-quote is-layout-flow wp-block-quote-is-layout-flow\"><p><em><em>On a des certificats de d\u00e9c\u00e8s que j\u2019ai pu constater, des personnes tr\u00e8s \u00e2g\u00e9es, qui sont d\u00e9c\u00e9d\u00e9es, marqu\u00e9es Covid-19. Or, il n\u2019y a jamais eu de COVID-19 chez ces patients.<\/em><\/em><\/p><cite>Jean-Pierre Door<\/cite><\/blockquote>\n\n\n\n<blockquote class=\"wp-block-quote is-layout-flow wp-block-quote-is-layout-flow\"><p><em><em><em>En EPHAD, s\u2019il y avait un cas Covid dans l\u2019EPHAD, et donc il y avait une \u00e9pid\u00e9mie identifi\u00e9e dans l\u2019EPHAD, et qu\u2019un d\u00e9c\u00e8s \u00e9tait suspect\u00e9 Covid, on l\u2019identifiait et on le reconnaissait comme Covid, on ne faisait pas de PCR post mortem si c\u2019est votre question ?<\/em><\/em><\/em><\/p><cite>Olivier V\u00e9ran<\/cite><\/blockquote>\n\n\n\n<hr class=\"wp-block-separator is-style-dots\" \/>\n\n\n\n<p>Les vid\u00e9os sont particuli\u00e8rement \u00e9loquentes :<\/p>\n\n\n\n<p><a href=\"https:\/\/twitter.com\/doorjean\/status\/1324264348538314752\" target=\"_blank\" rel=\"noreferrer noopener\">Twitter Jean-Pierre Door<\/a><\/p>\n","protected":false},"excerpt":{"rendered":"<p>Le mercredi 4 novembre, Olivier Veran avouait, en commission d'enqu\u00eate \u00e0 l\u2019Assembl\u00e9e Nationale, que les d\u00e9c\u00e8s covid en EHPAD \u00e9taient bas\u00e9s sur des suspicions seulement.<\/p>\n","protected":false},"author":2,"featured_media":0,"comment_status":"open","ping_status":"open","sticky":false,"template":"","format":"standard","meta":{"footnotes":""},"categories":[2,77,12],"tags":[],"class_list":["post-654","post","type-post","status-publish","format-standard","hentry","category-actualite","category-covid19","category-mortalite"],"_links":{"self":[{"href":"https:\/\/crudelis.fr\/site\/covid1984\/wp-json\/wp\/v2\/posts\/654","targetHints":{"allow":["GET"]}}],"collection":[{"href":"https:\/\/crudelis.fr\/site\/covid1984\/wp-json\/wp\/v2\/posts"}],"about":[{"href":"https:\/\/crudelis.fr\/site\/covid1984\/wp-json\/wp\/v2\/types\/post"}],"author":[{"embeddable":true,"href":"https:\/\/crudelis.fr\/site\/covid1984\/wp-json\/wp\/v2\/users\/2"}],"replies":[{"embeddable":true,"href":"https:\/\/crudelis.fr\/site\/covid1984\/wp-json\/wp\/v2\/comments?post=654"}],"version-history":[{"count":1,"href":"https:\/\/crudelis.fr\/site\/covid1984\/wp-json\/wp\/v2\/posts\/654\/revisions"}],"predecessor-version":[{"id":2309,"href":"https:\/\/crudelis.fr\/site\/covid1984\/wp-json\/wp\/v2\/posts\/654\/revisions\/2309"}],"wp:attachment":[{"href":"https:\/\/crudelis.fr\/site\/covid1984\/wp-json\/wp\/v2\/media?parent=654"}],"wp:term":[{"taxonomy":"category","embeddable":true,"href":"https:\/\/crudelis.fr\/site\/covid1984\/wp-json\/wp\/v2\/categories?post=654"},{"taxonomy":"post_tag","embeddable":true,"href":"https:\/\/crudelis.fr\/site\/covid1984\/wp-json\/wp\/v2\/tags?post=654"}],"curies":[{"name":"wp","href":"https:\/\/api.w.org\/{rel}","templated":true}]}}