{"id":66,"date":"2020-10-28T12:25:40","date_gmt":"2020-10-28T12:25:40","guid":{"rendered":"https:\/\/covid1984.nohost.me\/?p=66"},"modified":"2022-08-20T11:11:19","modified_gmt":"2022-08-20T11:11:19","slug":"covid-19-nous-ne-voulons-plus-etre-gouvernes-par-la-peur-la-tribune-de-chercheurs-et-de-medecins","status":"publish","type":"post","link":"https:\/\/crudelis.fr\/site\/covid1984\/2020\/10\/28\/covid-19-nous-ne-voulons-plus-etre-gouvernes-par-la-peur-la-tribune-de-chercheurs-et-de-medecins\/","title":{"rendered":"\u00abCovid-19: nous ne voulons plus \u00eatre gouvern\u00e9s par la peur\u00bb : la tribune de chercheurs et de m\u00e9decins"},"content":{"rendered":"\n<p>Une tribune de chercheurs et m\u00e9decins, dat\u00e9e du 10 septembre 2020, inquiets de la tournure hyst\u00e9rique prise par la crise du covid.<br>Un appel d'autant plus important que les m\u00e9dias relayent d'avantage les injonctions de peur.<\/p>\n\n\n\n<!--more-->\n\n\n\n<p><a rel=\"noreferrer noopener\" href=\"https:\/\/www.leparisien.fr\/societe\/covid-19-nous-ne-voulons-plus-etre-gouvernes-par-la-peur-la-tribune-de-chercheurs-et-de-medecins-10-09-2020-8382387.php\" data-type=\"URL\" data-id=\"https:\/\/www.leparisien.fr\/societe\/covid-19-nous-ne-voulons-plus-etre-gouvernes-par-la-peur-la-tribune-de-chercheurs-et-de-medecins-10-09-2020-8382387.php\" target=\"_blank\">Le parisien - \u00abCovid-19: nous ne voulons plus \u00eatre gouvern\u00e9s par la peur\u00bb : la tribune de chercheurs et de m\u00e9decins<\/a><br><em>Temps de lecture: 7-9 minutes.<\/em><\/p>\n\n\n\n<hr class=\"wp-block-separator is-style-dots\" \/>\n\n\n\n<blockquote class=\"wp-block-quote is-style-default is-layout-flow wp-block-quote-is-layout-flow\"><p><em>La soci\u00e9t\u00e9 fran\u00e7aise est actuellement en tension, beaucoup de citoyens s'affolent ou au contraire se moquent des consignes, et nombre de d\u00e9cideurs paniquent. Il est urgent de changer de cap.<\/em><\/p><cite>Tribune de chercheurs et m\u00e9decins<\/cite><\/blockquote>\n\n\n\n<blockquote class=\"wp-block-quote is-style-default is-layout-flow wp-block-quote-is-layout-flow\"><p><em>[...] si la guerre peut parfois justifier un \u00e9tat d'urgence et des restrictions exceptionnelles de l'Etat de droit et des libert\u00e9s publiques qui fondent la d\u00e9mocratie et la R\u00e9publique, ce n'est pas le cas d'une \u00e9pid\u00e9mie. Aujourd'hui comme hier, cette crise doit nous unir et nous responsabiliser, pas nous diviser ni nous soumettre.<\/em><\/p><cite>Tribune de chercheurs et m\u00e9decins<\/cite><\/blockquote>\n\n\n\n<blockquote class=\"wp-block-quote is-style-default is-layout-flow wp-block-quote-is-layout-flow\"><p><em>Il ne faut pas confondre la responsabilisation \u00e9clair\u00e9e avec la culpabilisation moralisatrice, ni l'\u00e9ducation citoyenne avec l'infantilisation.<\/em><\/p><cite>Tribune de chercheurs et m\u00e9decins<\/cite><\/blockquote>\n\n\n\n<p><\/p>\n","protected":false},"excerpt":{"rendered":"<p>Une tribune de chercheurs et m\u00e9decins, dat\u00e9e du 10 septembre 2020, inquiets de la tournure hyst\u00e9rique prise par la crise du covid.Un appel d'autant plus important que les m\u00e9dias relayent d'avantage les injonctions de peur.<\/p>\n","protected":false},"author":2,"featured_media":0,"comment_status":"open","ping_status":"open","sticky":false,"template":"","format":"standard","meta":{"footnotes":""},"categories":[2,3,77],"tags":[27,28],"class_list":["post-66","post","type-post","status-publish","format-standard","hentry","category-actualite","category-alerte","category-covid19","tag-peur","tag-relativiser"],"_links":{"self":[{"href":"https:\/\/crudelis.fr\/site\/covid1984\/wp-json\/wp\/v2\/posts\/66","targetHints":{"allow":["GET"]}}],"collection":[{"href":"https:\/\/crudelis.fr\/site\/covid1984\/wp-json\/wp\/v2\/posts"}],"about":[{"href":"https:\/\/crudelis.fr\/site\/covid1984\/wp-json\/wp\/v2\/types\/post"}],"author":[{"embeddable":true,"href":"https:\/\/crudelis.fr\/site\/covid1984\/wp-json\/wp\/v2\/users\/2"}],"replies":[{"embeddable":true,"href":"https:\/\/crudelis.fr\/site\/covid1984\/wp-json\/wp\/v2\/comments?post=66"}],"version-history":[{"count":1,"href":"https:\/\/crudelis.fr\/site\/covid1984\/wp-json\/wp\/v2\/posts\/66\/revisions"}],"predecessor-version":[{"id":2368,"href":"https:\/\/crudelis.fr\/site\/covid1984\/wp-json\/wp\/v2\/posts\/66\/revisions\/2368"}],"wp:attachment":[{"href":"https:\/\/crudelis.fr\/site\/covid1984\/wp-json\/wp\/v2\/media?parent=66"}],"wp:term":[{"taxonomy":"category","embeddable":true,"href":"https:\/\/crudelis.fr\/site\/covid1984\/wp-json\/wp\/v2\/categories?post=66"},{"taxonomy":"post_tag","embeddable":true,"href":"https:\/\/crudelis.fr\/site\/covid1984\/wp-json\/wp\/v2\/tags?post=66"}],"curies":[{"name":"wp","href":"https:\/\/api.w.org\/{rel}","templated":true}]}}