{"id":662,"date":"2020-12-04T23:54:45","date_gmt":"2020-12-04T23:54:45","guid":{"rendered":"https:\/\/covid1984.nohost.me\/blog\/?p=662"},"modified":"2022-08-20T11:09:19","modified_gmt":"2022-08-20T11:09:19","slug":"ne-laissez-pas-mourir-vos-artistes","status":"publish","type":"post","link":"https:\/\/crudelis.fr\/site\/covid1984\/2020\/12\/04\/ne-laissez-pas-mourir-vos-artistes\/","title":{"rendered":"Ne laissez pas mourir vos artistes !"},"content":{"rendered":"\n<p>Une tribune \u00e9mouvante d'un amoureux de l'art qui voit s'\u00e9teindre la culture dans le silence et une indiff\u00e9rence g\u00e9n\u00e9rale.<br>Alors que l'art existe depuis aussi longtemps que l'humanit\u00e9, le monde moderne aura finalement trouv\u00e9 le moyen de l'assassiner...<\/p>\n\n\n\n<!--more-->\n\n\n\n<figure class=\"wp-block-table\"><table class=\"has-subtle-light-gray-background-color has-background\"><tbody><tr><td class=\"has-text-align-center\" data-align=\"center\"><strong><strong>OPINION<\/strong><br><br>Cet article exprime l'opinion personnelle de son auteur.<\/strong><\/td><\/tr><\/tbody><\/table><\/figure>\n\n\n\n<p><a rel=\"noreferrer noopener\" href=\"https:\/\/classiques-essentiels.fr\/tribune-ne-laissez-pas-mourir-vos-artistes\/\" data-type=\"URL\" data-id=\"https:\/\/classiques-essentiels.fr\/tribune-ne-laissez-pas-mourir-vos-artistes\/\" target=\"_blank\">Classiques Essentiels - Tribune \u2013 Ne laissez pas mourir vos artistes !<\/a><br><em>Temps de lecture: 4-5 minutes.<\/em><\/p>\n\n\n\n<hr class=\"wp-block-separator has-css-opacity is-style-dots\"\/>\n\n\n\n<blockquote class=\"wp-block-quote is-layout-flow wp-block-quote-is-layout-flow\"><p><em>Priv\u00e9s de sc\u00e8ne, de public ou de diffusion, les artistes sont d\u00e9sormais une esp\u00e8ce vou\u00e9e \u00e0 la disparition, entra\u00eenant dans leur chute la suppression de milliers d\u2019emplois, l\u2019oubli de savoir-faire ancestraux, d\u00e9truisant autant de vies au passage. Un th\u00e9\u00e2tre qui ferme, c\u2019est un si\u00e8cle de tradition qui s\u2019en va, vingt com\u00e9diens sur le trottoir, et <em>Cyrano<\/em> aux oubliettes.<\/em><\/p><cite>Classiques Essentiels<\/cite><\/blockquote>\n\n\n\n<blockquote class=\"wp-block-quote is-layout-flow wp-block-quote-is-layout-flow\"><p><em><em>Il y a malheureusement plus inqui\u00e9tant encore. Le monde d\u2019apr\u00e8s risque fort d\u2019\u00eatre un monde sans artistes. L\u2019offre culturelle sera automatiquement r\u00e9duite : pour un Op\u00e9ra national qu\u2019on sauvera, on d\u00e9plorera de nombreuses autres salles ferm\u00e9es d\u00e9finitivement.<\/em><\/em><\/p><cite>Classiques Essentiels<\/cite><\/blockquote>\n\n\n\n<blockquote class=\"wp-block-quote is-layout-flow wp-block-quote-is-layout-flow\"><p><em><em><em>Demain, il y aura toujours un premier violon. Mais trouvera-t-on encore un troisi\u00e8me, un quatri\u00e8me&nbsp;? Il y aura toujours des stars \u00e0 l\u2019\u00e9cran. Mais qui leur donnera la r\u00e9plique&nbsp;? Il y aura toujours les \u00e9missions de <em>Radio Classique<\/em>. Mais qui enregistrera les concerts, qui organisera les festivals&nbsp;?<\/em><\/em><\/em><\/p><cite>Classiques Essentiels<\/cite><\/blockquote>\n","protected":false},"excerpt":{"rendered":"<p>Une tribune \u00e9mouvante d'un amoureux de l'art qui voit s'\u00e9teindre la culture dans le silence et une indiff\u00e9rence g\u00e9n\u00e9rale.Alors que l'art existe depuis aussi longtemps que l'humanit\u00e9, le monde moderne aura finalement trouv\u00e9 le moyen de l'assassiner...<\/p>\n","protected":false},"author":2,"featured_media":0,"comment_status":"open","ping_status":"open","sticky":false,"template":"","format":"standard","meta":{"footnotes":""},"categories":[3,77],"tags":[],"class_list":["post-662","post","type-post","status-publish","format-standard","hentry","category-alerte","category-covid19"],"_links":{"self":[{"href":"https:\/\/crudelis.fr\/site\/covid1984\/wp-json\/wp\/v2\/posts\/662","targetHints":{"allow":["GET"]}}],"collection":[{"href":"https:\/\/crudelis.fr\/site\/covid1984\/wp-json\/wp\/v2\/posts"}],"about":[{"href":"https:\/\/crudelis.fr\/site\/covid1984\/wp-json\/wp\/v2\/types\/post"}],"author":[{"embeddable":true,"href":"https:\/\/crudelis.fr\/site\/covid1984\/wp-json\/wp\/v2\/users\/2"}],"replies":[{"embeddable":true,"href":"https:\/\/crudelis.fr\/site\/covid1984\/wp-json\/wp\/v2\/comments?post=662"}],"version-history":[{"count":1,"href":"https:\/\/crudelis.fr\/site\/covid1984\/wp-json\/wp\/v2\/posts\/662\/revisions"}],"predecessor-version":[{"id":2121,"href":"https:\/\/crudelis.fr\/site\/covid1984\/wp-json\/wp\/v2\/posts\/662\/revisions\/2121"}],"wp:attachment":[{"href":"https:\/\/crudelis.fr\/site\/covid1984\/wp-json\/wp\/v2\/media?parent=662"}],"wp:term":[{"taxonomy":"category","embeddable":true,"href":"https:\/\/crudelis.fr\/site\/covid1984\/wp-json\/wp\/v2\/categories?post=662"},{"taxonomy":"post_tag","embeddable":true,"href":"https:\/\/crudelis.fr\/site\/covid1984\/wp-json\/wp\/v2\/tags?post=662"}],"curies":[{"name":"wp","href":"https:\/\/api.w.org\/{rel}","templated":true}]}}