{"id":683,"date":"2020-12-10T23:04:34","date_gmt":"2020-12-10T23:04:34","guid":{"rendered":"https:\/\/covid1984.nohost.me\/blog\/?p=683"},"modified":"2022-08-20T11:09:17","modified_gmt":"2022-08-20T11:09:17","slug":"est-il-vraiment-question-dune-2e-vague","status":"publish","type":"post","link":"https:\/\/crudelis.fr\/site\/covid1984\/2020\/12\/10\/est-il-vraiment-question-dune-2e-vague\/","title":{"rendered":"Est-il vraiment question d'une 2e vague ?"},"content":{"rendered":"\n<p>Depuis le d\u00e9but de mois de septembre, nous entendons que le nombre de cas n'augmente pas en raison de l'augmentation du nombre de tests.<br>Or une comparaison des courbes du nombre de cas et du nombre de tests pr\u00e9sentent des similitudes pour le moins curieuse...<\/p>\n\n\n\n<!--more-->\n\n\n\n<p>La question de la fiabilit\u00e9 des tests PCR a \u00e9t\u00e9 plusieurs fois \u00e9voqu\u00e9e sur ce blog, voir le tag <a rel=\"noreferrer noopener\" href=\"https:\/\/crudelis.fr\/site\/covid1984\/tag\/pcr\/\" data-type=\"URL\" data-id=\"https:\/\/crudelis.fr\/site\/covid1984\/tag\/pcr\/\" target=\"_blank\">Test PCR<\/a>, en particulier l'explication qui en est faite par l'<a rel=\"noreferrer noopener\" href=\"https:\/\/crudelis.fr\/site\/covid1984\/2020\/11\/04\/etes-vous-infectieux-si-vous-avez-un-resultat-positif-au-test-pcr-pour-covid-19\/\" target=\"_blank\">universit\u00e9 d'Oxford<\/a> et la premi\u00e8re alerte lev\u00e9e par l'<a rel=\"noreferrer noopener\" href=\"https:\/\/crudelis.fr\/site\/covid1984\/2020\/10\/26\/harvard-avertit-du-manque-de-fiabilite-du-test-pcr\/\" target=\"_blank\">Universit\u00e9 d'Harvard<\/a>.<\/p>\n\n\n\n<p>La conclusion en \u00e9tait alors simple, le test PCR peut \u00eatre signifiant si et seulement si le nombre de cycles d'amplifications est indiqu\u00e9 ET n'est pas \u00e9lev\u00e9 (pas plus de 30).<\/p>\n\n\n\n<figure class=\"wp-block-table\"><table><tbody><tr><td>Le CT, <em>Cycle Threshold<\/em>, correspond au nombre de cycles d\u2019amplifications du g\u00e9nome dans l'\u00e9chantillon n\u00e9cessaire pour parvenir \u00e0 le d\u00e9tecter.<br>Moins l'\u00e9chantillon contient de g\u00e9nome du virus, plus il sera n\u00e9cessaire de l'amplifier pour parvenir \u00e0 le d\u00e9tecter.<br>\u00c0 l'inverse, un \u00e9chantillon dans lequel le virus est tr\u00e8s pr\u00e9sent n\u00e9cessitera moins de cycle d'amplifications pour \u00eatre d\u00e9tect\u00e9.<br>Au del\u00e0 de 30 amplifications, le test n'est plus consid\u00e9r\u00e9 comme \u00e9tant fiable.<\/td><\/tr><\/tbody><\/table><\/figure>\n\n\n\n<p>Dans un fact checking maladroit, Lib\u00e9ration essayera pourtant en septembre de d\u00e9montrer que la pol\u00e9mique est infond\u00e9e.<br><a rel=\"noreferrer noopener\" href=\"https:\/\/www.liberation.fr\/checknews\/2020\/09\/21\/tests-rt-pcr-est-il-vrai-que-90-des-patients-positifs-ne-sont-pas-contagieux_1799741\" data-type=\"URL\" data-id=\"https:\/\/www.liberation.fr\/checknews\/2020\/09\/21\/tests-rt-pcr-est-il-vrai-que-90-des-patients-positifs-ne-sont-pas-contagieux_1799741\" target=\"_blank\">Lib\u00e9ration - Tests RT-PCR&nbsp;: est-il vrai que 90% des patients positifs ne sont pas contagieux&nbsp;?<\/a><br><em>Temps de lecture: 5-7 minutes.<\/em><\/p>\n\n\n\n<p>Lib\u00e9ration essayera tout d'abord de d\u00e9cr\u00e9dibiliser les r\u00e9sultats de Harvard, avant d'avouer que la France utilise des cycles d'amplifications entre 35 et 45.<\/p>\n\n\n\n<p>Au final, pour quiconque conna\u00eet les biais de ces tests PCR, l'article de Lib\u00e9ration ne fera que confirmer que les tests pratiqu\u00e9s en France ne sont pas suffisamment fiables.<\/p>\n\n\n\n<p>Il est amusant de constater que l'\u00e9tude de Harvard faisait \u00e9tat de 90% de faux positifs pour des tests avec un CT de 40, alors qu'en France, le CT \u00e9tant entre 35 et 45, \u00e7a donne une valeur moyenne de 40...<\/p>\n\n\n\n<p>Quant \u00e0 ce cycle d'amplification, s'il \u00e9tait de 35 \u00e0 45 en septembre, on ne conna\u00eet pas son \u00e9volution \u00e0 ce jour puisque c'est une information qui n'est toujours pas disponible, quand bien m\u00eame indispensable pour l'analyse du r\u00e9sultat.<\/p>\n\n\n\n<hr class=\"wp-block-separator has-css-opacity is-style-dots\"\/>\n\n\n\n<p>Les m\u00e9dias n'ont eu de cesse de nous dire que non, l'augmentation du nombre de cas n'est pas li\u00e9e \u00e0 l'augmentation du nombre de tests.<br>N\u00e9anmoins, les courbes de nombre de cas et de nombre de tests sont \u00e9trangement similaires...<\/p>\n\n\n\n<figure class=\"wp-block-image size-large\"><a href=\"https:\/\/crudelis.fr\/site\/covid1984\/wp-content\/uploads\/sites\/8\/2020\/11\/Tests.png\" target=\"_blank\" rel=\"noopener noreferrer\"><img decoding=\"async\" src=\"https:\/\/crudelis.fr\/site\/covid1984\/wp-content\/uploads\/sites\/8\/2020\/11\/Tests.png\" alt=\"\"\/><\/a><figcaption>Courbe du nombre de tests (<a href=\"https:\/\/ourworldindata.org\/explorers\/coronavirus-data-explorer?zoomToSelection=true&amp;time=2020-05-19..2020-12-03&amp;facet=none&amp;pickerSort=desc&amp;pickerMetric=total_cases&amp;hideControls=true&amp;Metric=Tests&amp;Interval=7-day+rolling+average&amp;Relative+to+Population=false&amp;Color+by+test+positivity=false&amp;country=~FRA\" data-type=\"URL\" data-id=\"https:\/\/ourworldindata.org\/explorers\/coronavirus-data-explorer?zoomToSelection=true&amp;time=2020-05-19..2020-12-03&amp;facet=none&amp;pickerSort=desc&amp;pickerMetric=total_cases&amp;hideControls=true&amp;Metric=Tests&amp;Interval=7-day+rolling+average&amp;Relative+to+Population=false&amp;Color+by+test+positivity=false&amp;country=~FRA\" target=\"_blank\" rel=\"noreferrer noopener\">source<\/a>)<\/figcaption><\/figure>\n\n\n\n<figure class=\"wp-block-image size-large\"><a href=\"https:\/\/crudelis.fr\/site\/covid1984\/wp-content\/uploads\/sites\/8\/2020\/11\/Cas.png\" target=\"_blank\" rel=\"noopener noreferrer\"><img decoding=\"async\" src=\"https:\/\/crudelis.fr\/site\/covid1984\/wp-content\/uploads\/sites\/8\/2020\/11\/Cas.png\" alt=\"\"\/><\/a><figcaption>Courbe du nombre de cas (<a rel=\"noreferrer noopener\" href=\"https:\/\/ourworldindata.org\/coronavirus-data-explorer?zoomToSelection=true&amp;time=2020-05-19..2020-12-03&amp;country=~FRA&amp;region=World&amp;casesMetric=true&amp;interval=smoothed&amp;hideControls=true&amp;smoothing=7&amp;pickerMetric=total_cases&amp;pickerSort=desc\" data-type=\"URL\" data-id=\"https:\/\/ourworldindata.org\/coronavirus-data-explorer?zoomToSelection=true&amp;time=2020-05-19..2020-12-03&amp;country=~FRA&amp;region=World&amp;casesMetric=true&amp;interval=smoothed&amp;hideControls=true&amp;smoothing=7&amp;pickerMetric=total_cases&amp;pickerSort=desc\" target=\"_blank\">source<\/a>)<\/figcaption><\/figure>\n\n\n\n<p>D'un premier coup d\u2019\u0153il on aper\u00e7oit bien \u00e9videmment le pic de la 2e vague. Ce qui est en revanche plus troublant, c'est que ce pic est visible au m\u00eame moment sur la courbe des cas ET la courbe des tests !<\/p>\n\n\n\n<p>En regardant de plus pr\u00e8s quelques dates cl\u00e9s report\u00e9es sur les courbes, on commence \u00e0 apercevoir des \u00e9l\u00e9ments troublants.<\/p>\n\n\n\n<p>Tout d'abord, on remarque que si la fr\u00e9quence des tests a augment\u00e9 d\u00e8s la fin juin, le nombre de cas n'a lui commenc\u00e9 \u00e0 augmenter qu'\u00e0 partir de la fin juillet. Sans pour autant amorcer une augmentation importante.<\/p>\n\n\n\n<ul class=\"wp-block-list\"><li><strong>16 ao\u00fbt<\/strong><\/li><\/ul>\n\n\n\n<p>Le premier palier intervient ce 16 ao\u00fbt avec une augmentation tr\u00e8s marqu\u00e9e du nombre de tests.<br>Cette augmentation est certainement li\u00e9e \u00e0 un arr\u00eat\u00e9 du 10 ao\u00fbt autorisant les laboratoires ne disposant pas d'assez de personnel qualifi\u00e9 \u00e0 faire appel \u00e0 du personnel moins qualifi\u00e9 pour effectuer les tests (<a rel=\"noreferrer noopener\" href=\"https:\/\/www.macsf.fr\/actualites\/covid-19-une-nouvelle-extension-de-la-liste-des-personnes-autorisees-a-realiser-les-tests-pcr\" target=\"_blank\">source<\/a>).<\/p>\n\n\n\n<p>Malgr\u00e9 une augmentation importante du nombre de tests, le nombre de cas positifs d\u00e9tect\u00e9s continuera son ascension au m\u00eame rythme.<\/p>\n\n\n\n<ul class=\"wp-block-list\"><li><strong>7 septembre<\/strong><\/li><\/ul>\n\n\n\n<p>Le 7 septembre marque un second palier dans l'augmentation toujours plus importante du nombre de tests, suite \u00e0 l'annonce le 27 ao\u00fbt par Olivier Veran de monter, \u00e0 court terme, \u00e0 1 million de tests par semaine dans les laboratoires (<a rel=\"noreferrer noopener\" href=\"https:\/\/www.youtube.com\/watch?v=lLIFIlSUGUQ\" target=\"_blank\">source<\/a>).<\/p>\n\n\n\n<p>Le nombre de tests par jour augmente donc encore plus vite, le nombre de cas continue m\u00e9caniquement son augmentation in\u00e9vitable. Mais toujours au m\u00eame rythme.<\/p>\n\n\n\n<ul class=\"wp-block-list\"><li><strong>16 septembre<\/strong><\/li><\/ul>\n\n\n\n<p>Ce qui devait arriver arriva, \u00e0 force de demander toujours plus aux laboratoires, le syst\u00e8me sature. Les employ\u00e9s des laboratoires disent stop, il n'est plus possible de tester toujours plus et tout le monde sans distinction (<a rel=\"noreferrer noopener\" href=\"https:\/\/www.francetvinfo.fr\/sante\/maladie\/coronavirus\/test-covid-19-les-biologistes-denoncent-la-saturation-des-laboratoires_4098411.html\" target=\"_blank\">source<\/a>).<br>Le nombre de tests par jour va alors subitement atteindre un sommet avant de s'\u00e9crouler dans les jours suivant.<\/p>\n\n\n\n<p>L'effet sur le nombre de cas ne se fera sentir que partiellement 2 semaines apr\u00e8s, le 1er octobre.<\/p>\n\n\n\n<p>L'explication logique de ce faible impact sur le nombre de cas est \u00e9videmment l'arriv\u00e9e de la 2e vague avec un virus omnipr\u00e9sent.<\/p>\n\n\n\n<p>Mais il s'av\u00e8re que si on regarde la courbe de positivit\u00e9 des tests, un effet \u00e9trange peut \u00eatre constat\u00e9.<\/p>\n\n\n\n<figure class=\"wp-block-image size-large\"><a href=\"https:\/\/crudelis.fr\/site\/covid1984\/wp-content\/uploads\/sites\/8\/2020\/11\/Positivite-tests.png\" target=\"_blank\" rel=\"noopener\"><img decoding=\"async\" src=\"https:\/\/crudelis.fr\/site\/covid1984\/wp-content\/uploads\/sites\/8\/2020\/11\/Positivite-tests.png\" alt=\"\"\/><\/a><figcaption>Courbe du positivit\u00e9 des tests (<a href=\"https:\/\/ourworldindata.org\/explorers\/coronavirus-data-explorer?zoomToSelection=true&amp;time=2020-05-19..2020-12-03&amp;facet=none&amp;pickerSort=desc&amp;pickerMetric=total_cases&amp;hideControls=true&amp;Metric=Share+of+positive+tests&amp;Interval=7-day+rolling+average&amp;Relative+to+Population=false&amp;Color+by+test+positivity=false&amp;country=~FRA\" data-type=\"URL\" data-id=\"https:\/\/ourworldindata.org\/explorers\/coronavirus-data-explorer?zoomToSelection=true&amp;time=2020-05-19..2020-12-03&amp;facet=none&amp;pickerSort=desc&amp;pickerMetric=total_cases&amp;hideControls=true&amp;Metric=Share+of+positive+tests&amp;Interval=7-day+rolling+average&amp;Relative+to+Population=false&amp;Color+by+test+positivity=false&amp;country=~FRA\" target=\"_blank\" rel=\"noreferrer noopener\">source<\/a>)<\/figcaption><\/figure>\n\n\n\n<p>Entre le 7 et le 16 septembre, le taux de positivit\u00e9 des tests avait stagn\u00e9 alors que le nombre de tests avait largement augment\u00e9. Il repartira \u00e0 la hausse apr\u00e8s le 16 septembre, alors que le nombre de tests diminue fortement.<\/p>\n\n\n\n<p>Si on peut bien \u00e9videmment penser que la hausse est en raison de l'arriv\u00e9e de la 2e vague, on ne peut pas balayer d'un revers de la main l'\u00e9trange occurrence de ce plateau la pr\u00e9c\u00e9dent.<\/p>\n\n\n\n<p>Consid\u00e9rant que le taux de positivit\u00e9 d'un test PCR est directement li\u00e9 au nombre de cycles d'amplifications (CT), donn\u00e9e qui n'est pas transmise, on peut s'interroger...<br>Si on avait voulu maintenir la pression sur le sentiment de peur des citoyens, alors que le taux de positivit\u00e9 \u00e9tait stable, et le nombre de tests en baisse, augmenter le CT aurait permis de maintenir un nombre de cas positif en constante augmentation.<br>Or le nombre de cas a effectivement continu\u00e9 \u00e0 augmenter...<\/p>\n\n\n\n<ul class=\"wp-block-list\"><li><strong>5 octobre<\/strong><\/li><\/ul>\n\n\n\n<p>Le 5 octobre est marqu\u00e9 par une augmentation impressionnante du nombre de cas, la 2e vague est l\u00e0 ! Elle entra\u00eenera dans son sillage le couvre-feu et par la suite le 2e confinement.<\/p>\n\n\n\n<p>Mais il s'av\u00e8re que cette augmentation brutale du nombre de cas est accompagn\u00e9e au m\u00eame moment par une augmentation tout aussi brutale du nombre de tests et de leur positivit\u00e9, dont on ne conna\u00eet toujours pas le CT retenu.<br>Curieuse co\u00efncidence...<\/p>\n\n\n\n<p>Que s'est-il pass\u00e9 ?<br>Suite \u00e0 la saturation des laboratoires, le gouvernement a pris la d\u00e9cision de prioriser les tests, de les r\u00e9server en priorit\u00e9 aux asymptomatiques et aux cas contacts (<a rel=\"noreferrer noopener\" href=\"https:\/\/www.leparisien.fr\/societe\/tests-pcr-au-covid-19-veran-promet-un-acces-facilite-d-ici-a-trois-semaines-05-09-2020-8379159.php\" target=\"_blank\">source<\/a>). Mais en m\u00eame temps, la campagne massive de tests accessibles \u00e0 tous et gratuits co\u00fbtent tr\u00e8s cher \u00e0 l'Assurance Maladie et fait pol\u00e9mique (<a rel=\"noreferrer noopener\" href=\"https:\/\/www.lemonde.fr\/planete\/article\/2020\/09\/19\/coronavirus-la-note-tres-salee-des-tests-rt-pcr_6052815_3244.html\" target=\"_blank\">source<\/a>).<\/p>\n\n\n\n<p>Si la solution adopt\u00e9e aura bien pour effet de soulager les laboratoires, ce n'est pas le cas du d\u00e9ficit de l'Assurance Maladie, puisque le gouvernement, en plus de prioriser les tests, va mettre en place des centres de d\u00e9pistage et de diagnostic Covid pour accueillir encore plus de personnes et finalement augmenter encore la cadence des tests (<a rel=\"noreferrer noopener\" href=\"https:\/\/www.lequotidiendumedecin.fr\/actus-medicales\/politique-de-sante\/mantes-la-jolie-face-aux-critiques-veran-met-le-paquet-sur-la-priorisation-des-tests-rt-pcr\" target=\"_blank\">source<\/a>).<\/p>\n\n\n\n<p>Le r\u00e9sultat, encore plus de tests, encore plus de cas et toujours pas d'information sur le CT retenu pour un cas dit \"positif\".<br>Toujours pas de transparence sur la validit\u00e9 des tests donc...<\/p>\n\n\n\n<p>Cette augmentation brutale du nombre de cas ET du nombre de tests, sera la \"2e vague\" tant attendue.<\/p>\n\n\n\n<ul class=\"wp-block-list\"><li><strong>3 novembre<\/strong><\/li><\/ul>\n\n\n\n<p>Quelques jours apr\u00e8s l'entr\u00e9e en vigueur du confinement, les premiers effets semblent se faire sentir puisque le nombre de cas stagne enfin avant de s'effondrer. Bien entendu, c'est officiellement gr\u00e2ce au sacrifice de 70 millions de fran\u00e7ais (<a href=\"https:\/\/www.bfmtv.com\/politique\/emmanuel-macron-vos-efforts-ont-paye_VN-202011240331.html\" target=\"_blank\" rel=\"noreferrer noopener\">source<\/a>).<\/p>\n\n\n\n<p>Rien d'autre ? Vraiment ?<\/p>\n\n\n\n<p>On savait pourtant que la pr\u00e9sence du virus commen\u00e7ait d\u00e9j\u00e0 \u00e0 se rar\u00e9fier avant m\u00eame l'entr\u00e9e en vigueur du couvre-feu ! (<a rel=\"noreferrer noopener\" href=\"https:\/\/crudelis.fr\/site\/covid1984\/2020\/11\/20\/le-couvre-feu-et-le-confinement-sont-ils-responsables-de-la-baisse-de-lintensite-de-la-covid-19\/\" target=\"_blank\">source<\/a>)<br>De plus si on regarde bien, le taux de positivit\u00e9 des tests PCR avait atteint un plateau d\u00e8s le 28 octobre.<\/p>\n\n\n\n<p>Que s'est-il donc v\u00e9ritablement pass\u00e9 en ce d\u00e9but de mois de novembre ?<br>On ne peut que supposer, sans information fiable et d\u00e9taill\u00e9e sur les tests PCR...<\/p>\n\n\n\n<hr class=\"wp-block-separator has-css-opacity is-style-dots\"\/>\n\n\n\n<p>Ce que l'on sait, c'est que les tests ne sont plus fait seulement en laboratoire depuis le 5 octobre, date \u00e0 laquelle le nombre de cas, le nombre de tests et leur positivit\u00e9 augmentent en fl\u00e8che. Le tout dans une opacit\u00e9 totale.<\/p>\n\n\n\n<p>Pourtant, on sait que la circulation \u00e9tait en baisse av\u00e9r\u00e9e depuis le 17 octobre (<a rel=\"noreferrer noopener\" href=\"https:\/\/crudelis.fr\/site\/covid1984\/2020\/11\/20\/le-couvre-feu-et-le-confinement-sont-ils-responsables-de-la-baisse-de-lintensite-de-la-covid-19\/\" target=\"_blank\">source<\/a>).<br>Le risque \u00e9vident \u00e9tait donc de voir le nombre de cas d\u00e9tect\u00e9s chuter et donc la 2e vague pourrait alors ne pas avoir \u00e9t\u00e9 si grave qu'annonc\u00e9e.<\/p>\n\n\n\n<p>Puisque la circulation du virus \u00e9tait en baisse, nous devrions avoir vu le nombre de cas baisser, \u00e7a n'a pas \u00e9t\u00e9 le cas.<\/p>\n\n\n\n<p>Maintenant, posons nous la question simplement, si on avait voulu maintenir la population dans la peur et s'assurer que le vaccin serait le Graal qui nous sauverait tous, quel aurait \u00e9t\u00e9 le meilleur moyen \u00e0 la disposition du gouvernement ?<\/p>\n\n\n\n<p>Ce n'est, bien entendu, qu'une supposition, mais...<br><em>Face \u00e0 une d\u00e9croissance d\u00e9j\u00e0 connue du virus, en augmentant le nombre de tests PCR ainsi que le CT retenu on peut tout \u00e0 fait faire augmenter artificiellement le nombre de cas positifs et maintenir ainsi l'illusion d'une 2e vague, qui aboutira \u00e0 un confinement.<\/em><br><em>Le CT n'\u00e9tant de toute mani\u00e8re pas communiqu\u00e9, la population ne peut pas percevoir la supercherie.<\/em><br><em>Mais quid du 28 octobre alors ? L'augmentation du CT a certainement ses limites, on peut raisonnablement imaginer que le 28 octobre on avait atteint une amplification (CT) tellement \u00e9lev\u00e9e qu'on ne pouvait plus aller plus haut sans \u00e9veiller des soup\u00e7ons.<\/em><br><em>Cela expliquerait le plateau atteint, avant de prendre la d\u00e9cision de r\u00e9duire le nombre de tests ainsi que leur CT pour faire croire \u00e0 une d\u00e9croissance artificielle de la 2e vague.<\/em><\/p>\n\n\n\n<p>Si cela n'est que pure conjecture, cela expliquerait toutefois parfaitement la similitude des courbes de cas, de tests, et de positivit\u00e9 alors qu'on savait d\u00e9j\u00e0 que le virus reculait.<br>On peut le constater ais\u00e9ment sur ce graphique qui rassemble les 3 courbes<\/p>\n\n\n\n<figure class=\"wp-block-image size-large\"><a href=\"https:\/\/crudelis.fr\/site\/covid1984\/wp-content\/uploads\/sites\/8\/2020\/11\/Cas_et_tests.png\" target=\"_blank\" rel=\"noopener\"><img decoding=\"async\" src=\"https:\/\/crudelis.fr\/site\/covid1984\/wp-content\/uploads\/sites\/8\/2020\/11\/Cas_et_tests.png\" alt=\"\"\/><\/a><\/figure>\n\n\n\n<p>\u00c0 ce jour, <a href=\"https:\/\/ourworldindata.org\/explorers\/coronavirus-data-explorer?zoomToSelection=true&amp;time=2020-05-19..2020-12-06&amp;facet=none&amp;pickerSort=desc&amp;pickerMetric=total_cases&amp;hideControls=true&amp;Metric=Tests&amp;Interval=7-day+rolling+average&amp;Relative+to+Population=false&amp;Color+by+test+positivity=false&amp;country=~FRA\" data-type=\"URL\" data-id=\"https:\/\/ourworldindata.org\/explorers\/coronavirus-data-explorer?zoomToSelection=true&amp;time=2020-05-19..2020-12-06&amp;facet=none&amp;pickerSort=desc&amp;pickerMetric=total_cases&amp;hideControls=true&amp;Metric=Tests&amp;Interval=7-day+rolling+average&amp;Relative+to+Population=false&amp;Color+by+test+positivity=false&amp;country=~FRA\" target=\"_blank\" rel=\"noreferrer noopener\">les chiffres du 5 d\u00e9cembre sont disponibles<\/a> et on aper\u00e7oit une stagnation du nombre de cas positifs qui correspond l\u00e0 encore \u00e0 une stagnation du nombre de tests et de leur positivit\u00e9.<br><em>Si on voulait faire croire que le virus n'a pas tout \u00e0 fait disparu et qu'il faut \u00eatre prudent avant No\u00ebl et la 3e vague d\u00e9j\u00e0 proph\u00e9tis\u00e9e, on ne s'y prendrait pas autrement...<\/em><br><a rel=\"noreferrer noopener\" href=\"https:\/\/www.lefigaro.fr\/politique\/covid-19-il-y-a-un-risque-de-troisieme-vague-alerte-gabriel-attal-20201209\" target=\"_blank\">Covid-19&nbsp;: \u00abIl y a un risque de troisi\u00e8me vague\u00bb, alerte Gabriel Attal<\/a><\/p>\n\n\n\n<hr class=\"wp-block-separator has-css-opacity is-style-dots\"\/>\n\n\n\n<p>Cette d\u00e9monstration n'a pas pour objectif de dire que le covid n'existe pas ou qu'il n'est pas r\u00e9apparu cet automne, Raoult et d'autres scientifiques ont prouv\u00e9 la pr\u00e9sence du virus dans le pays.<\/p>\n\n\n\n<p>Mais consid\u00e9rant qu'avec des tests PCR avec des CT de 35 \u00e0 45 en France en septembre, on avait d\u00e9j\u00e0 pr\u00e8s de 90% de faux positif, et que ce CT n'est jamais communiqu\u00e9, il n'est pas difficile d'imaginer que le CT ait pu servir de variable d'ajustement pour nous faire croire \u00e0 une violente 2e vague de covid-19 l\u00e0 o\u00f9 le virus a sans doute simplement rejoint les autres coronavirus dans la cat\u00e9gorie des virus du rhume non dangereux.<br>Gageons que sans toutes ces manipulations, la seconde vague n'aurait sans doute \u00e9t\u00e9 qu'un remous insignifiant.<\/p>\n\n\n\n<p>Cela expliquerait du moins les courbes dont les variations sont calqu\u00e9es les unes sur les autres, \u00e0 contre courant de la circulation du virus effectivement constat\u00e9e (<a rel=\"noreferrer noopener\" href=\"https:\/\/crudelis.fr\/site\/covid1984\/2020\/11\/20\/le-couvre-feu-et-le-confinement-sont-ils-responsables-de-la-baisse-de-lintensite-de-la-covid-19\/\" target=\"_blank\">source<\/a>).<\/p>\n\n\n\n<p>Quand on sait \u00e9galement que les hospitalisations (<a rel=\"noreferrer noopener\" href=\"https:\/\/crudelis.fr\/site\/covid1984\/2020\/10\/30\/surveillance-des-cas-de-covid-19-hospitalises-en-reanimation\/\" target=\"_blank\">source<\/a>) et les morts (<a rel=\"noreferrer noopener\" href=\"https:\/\/crudelis.fr\/site\/covid1984\/2020\/12\/06\/mortalite-du-covid-19-les-chiffres-dans-leurs-contextes\/\" target=\"_blank\">source<\/a>) du covid sont \u00e9galement bas\u00e9s sur ces m\u00eames tests PCR fallacieux, difficile de mettre de c\u00f4t\u00e9 ces 90%, voir plus, de cas positifs qui ne l'\u00e9tait probablement pas...<\/p>\n\n\n\n<p>Concluons avec une citation du Dr Philippe Gorny:<\/p>\n\n\n\n<blockquote class=\"wp-block-quote is-layout-flow wp-block-quote-is-layout-flow\"><p><em>Certains experts s\u2019en inqui\u00e8tent : la PCR serait-elle intentionnellement utilis\u00e9e pour multiplier le nombre de cas ? Et si oui, dans quel but ?<\/em><\/p><cite><a href=\"https:\/\/www.parismatch.com\/Actu\/Sante\/Covid-19-les-tests-PCR-contestes-1713289\" target=\"_blank\" rel=\"noreferrer noopener\">Dr Philippe Gorny<\/a><\/cite><\/blockquote>\n","protected":false},"excerpt":{"rendered":"<p>Depuis le d\u00e9but de mois de septembre, nous entendons que le nombre de cas n'augmente pas en raison de l'augmentation du nombre de tests.Or une comparaison des courbes du nombre de cas et du nombre de tests pr\u00e9sentent des similitudes pour le moins curieuse...<\/p>\n","protected":false},"author":2,"featured_media":0,"comment_status":"open","ping_status":"open","sticky":false,"template":"","format":"standard","meta":{"footnotes":""},"categories":[4,77,18],"tags":[21,28,29,30],"class_list":["post-683","post","type-post","status-publish","format-standard","hentry","category-analyse","category-covid19","category-pcr","tag-confinement","tag-relativiser","tag-seuil-dalerte","tag-pcr"],"_links":{"self":[{"href":"https:\/\/crudelis.fr\/site\/covid1984\/wp-json\/wp\/v2\/posts\/683","targetHints":{"allow":["GET"]}}],"collection":[{"href":"https:\/\/crudelis.fr\/site\/covid1984\/wp-json\/wp\/v2\/posts"}],"about":[{"href":"https:\/\/crudelis.fr\/site\/covid1984\/wp-json\/wp\/v2\/types\/post"}],"author":[{"embeddable":true,"href":"https:\/\/crudelis.fr\/site\/covid1984\/wp-json\/wp\/v2\/users\/2"}],"replies":[{"embeddable":true,"href":"https:\/\/crudelis.fr\/site\/covid1984\/wp-json\/wp\/v2\/comments?post=683"}],"version-history":[{"count":2,"href":"https:\/\/crudelis.fr\/site\/covid1984\/wp-json\/wp\/v2\/posts\/683\/revisions"}],"predecessor-version":[{"id":2072,"href":"https:\/\/crudelis.fr\/site\/covid1984\/wp-json\/wp\/v2\/posts\/683\/revisions\/2072"}],"wp:attachment":[{"href":"https:\/\/crudelis.fr\/site\/covid1984\/wp-json\/wp\/v2\/media?parent=683"}],"wp:term":[{"taxonomy":"category","embeddable":true,"href":"https:\/\/crudelis.fr\/site\/covid1984\/wp-json\/wp\/v2\/categories?post=683"},{"taxonomy":"post_tag","embeddable":true,"href":"https:\/\/crudelis.fr\/site\/covid1984\/wp-json\/wp\/v2\/tags?post=683"}],"curies":[{"name":"wp","href":"https:\/\/api.w.org\/{rel}","templated":true}]}}