{"id":703,"date":"2020-12-09T23:50:52","date_gmt":"2020-12-09T23:50:52","guid":{"rendered":"https:\/\/covid1984.nohost.me\/blog\/?p=703"},"modified":"2022-08-20T11:09:18","modified_gmt":"2022-08-20T11:09:18","slug":"une-etude-compare-les-deces-en-suede-et-en-norvege-avant-et-apres-la-pandemie-de-covid","status":"publish","type":"post","link":"https:\/\/crudelis.fr\/site\/covid1984\/2020\/12\/09\/une-etude-compare-les-deces-en-suede-et-en-norvege-avant-et-apres-la-pandemie-de-covid\/","title":{"rendered":"Une \u00e9tude compare les d\u00e9c\u00e8s en Su\u00e8de et en Norv\u00e8ge avant et apr\u00e8s la pand\u00e9mie de COVID"},"content":{"rendered":"\n<p>Une \u00e9tude int\u00e9ressante sur la mortalit\u00e9, toutes causes confondues, montre finalement qu'il n'y a pas de surmortalit\u00e9 en Su\u00e8de en 2020.<br>Des r\u00e9sultats qui vont \u00e0 l'encontre des critiques habituelles.<\/p>\n\n\n\n<!--more-->\n\n\n\n<figure class=\"wp-block-table\"><table class=\"has-subtle-pale-pink-background-color has-background\"><tbody><tr><td><em>Pour les articles qui ne sont pas en fran\u00e7ais, vous pouvez utiliser <a rel=\"noreferrer noopener\" href=\"https:\/\/www.deepl.com\/translator\" target=\"_blank\">DeepL<\/a> pour traduire le texte en fran\u00e7ais.<\/em><\/td><\/tr><\/tbody><\/table><\/figure>\n\n\n\n<p><a rel=\"noreferrer noopener\" href=\"https:\/\/www.news-medical.net\/news\/20201116\/Study-compares-deaths-in-Sweden-and-Norway-before-and-after-COVID-pandemic.aspx\" data-type=\"URL\" data-id=\"https:\/\/www.news-medical.net\/news\/20201116\/Study-compares-deaths-in-Sweden-and-Norway-before-and-after-COVID-pandemic.aspx\" target=\"_blank\">News Medical - Study compares deaths in Sweden and Norway before and after COVID pandemic<\/a><br><em>Temps de lecture: 7-8 minutes.<\/em><\/p>\n\n\n\n<hr class=\"wp-block-separator has-css-opacity is-style-dots\"\/>\n\n\n\n<blockquote class=\"wp-block-quote is-layout-flow wp-block-quote-is-layout-flow\"><p><em>A recent epidemiological study, currently available on the medRxiv preprint server, demonstrates that all-cause mortality was mostly unchanged during the coronavirus disease (COVID-19) pandemic compared to the previous four years in Norway and Sweden \u2013 two countries which took very different routes in their battle against this disease.<\/em><br>---<br><em>Une \u00e9tude \u00e9pid\u00e9miologique r\u00e9cente, actuellement disponible sur le serveur de preprint medRxiv, d\u00e9montre que la mortalit\u00e9 toutes causes confondues est rest\u00e9e pratiquement inchang\u00e9e pendant la pand\u00e9mie de maladie \u00e0 coronavirus (COVID-19) par rapport aux quatre ann\u00e9es pr\u00e9c\u00e9dentes en Norv\u00e8ge et en Su\u00e8de - deux pays qui ont emprunt\u00e9 des voies tr\u00e8s diff\u00e9rentes dans leur lutte contre cette maladie.<\/em><\/p><cite>Dr. Tomislav Me\u0161trovi\u0107<\/cite><\/blockquote>\n\n\n\n<blockquote class=\"wp-block-quote is-layout-flow wp-block-quote-is-layout-flow\"><p><em><em>\"Our study shows that although Covid-19 associated mortality rate was almost 15-fold higher in Sweden than in Norway during the epidemic, all-cause mortality was not higher in Sweden compared with three of the four preceding years\"<\/em><\/em><br>---<br><em>\"Notre \u00e9tude montre que bien que le taux de mortalit\u00e9 associ\u00e9 au Covid-19 ait \u00e9t\u00e9 presque 15 fois plus \u00e9lev\u00e9 en Su\u00e8de qu'en Norv\u00e8ge pendant l'\u00e9pid\u00e9mie, la mortalit\u00e9 toutes causes confondues n'\u00e9tait pas plus \u00e9lev\u00e9e en Su\u00e8de par rapport \u00e0 trois des quatre ann\u00e9es pr\u00e9c\u00e9dentes\"<\/em><\/p><cite>Dr. Tomislav Me\u0161trovi\u0107<\/cite><\/blockquote>\n\n\n\n<blockquote class=\"wp-block-quote is-layout-flow wp-block-quote-is-layout-flow\"><p><em><em><em>excess mortality from COVID-19 may be less conspicuous than previously perceived in Sweden, while mortality displacement may be used to explain at least part of the observed findings.<\/em><\/em><\/em><br>---<br><em>la surmortalit\u00e9 due \u00e0 COVID-19 peut \u00eatre moins \u00e9vidente que ce qui \u00e9tait per\u00e7u auparavant en Su\u00e8de, tandis que le d\u00e9placement de la mortalit\u00e9 peut \u00eatre utilis\u00e9 pour expliquer au moins une partie des r\u00e9sultats observ\u00e9s.<\/em><\/p><cite>Dr. Tomislav Me\u0161trovi\u0107<\/cite><\/blockquote>\n\n\n\n<blockquote class=\"wp-block-quote is-layout-flow wp-block-quote-is-layout-flow\"><p><em><em><em>More specifically, mortality displacement implies temporarily increased mortality in a certain population as a result of external events, which likely arises because individuals in vulnerable groups die weeks or months earlier than they would otherwise \u2013 primarily due to the timing or severity of the unusual external event. The excess mortality is, thus, predated or followed by time periods of lower than expected mortality.<\/em><\/em><\/em><br>---<br><em>Plus pr\u00e9cis\u00e9ment, le d\u00e9placement de mortalit\u00e9 implique une augmentation temporaire de la mortalit\u00e9 dans une certaine population \u00e0 la suite d'\u00e9v\u00e9nements externes, qui survient probablement parce que les individus des groupes vuln\u00e9rables meurent des semaines ou des mois plus t\u00f4t qu'ils ne le feraient autrement - principalement en raison du moment ou de la gravit\u00e9 de l'\u00e9v\u00e9nement externe inhabituel. La surmortalit\u00e9 est donc pr\u00e9c\u00e9d\u00e9e ou suivie par des p\u00e9riodes de mortalit\u00e9 plus faible que pr\u00e9vu.<\/em><\/p><cite>Dr. Tomislav Me\u0161trovi\u0107<\/cite><\/blockquote>\n\n\n\n<hr class=\"wp-block-separator has-css-opacity is-style-dots\"\/>\n\n\n\n<p>Pour plus de lisibilit\u00e9, il est int\u00e9ressant de voir ce graphique issue de statista sur la mortalit\u00e9 annuelle en Su\u00e8de.<\/p>\n\n\n\n<figure class=\"wp-block-image size-full\"><a href=\"https:\/\/crudelis.fr\/site\/covid1984\/wp-content\/uploads\/sites\/8\/2020\/11\/Sweden-2010-2020.png\" target=\"_blank\" rel=\"noopener\"><img loading=\"lazy\" decoding=\"async\" width=\"787\" height=\"476\" src=\"https:\/\/crudelis.fr\/site\/covid1984\/wp-content\/uploads\/sites\/8\/2020\/11\/Sweden-2010-2020.png\" alt=\"\" class=\"wp-image-707\" srcset=\"https:\/\/crudelis.fr\/site\/covid1984\/wp-content\/uploads\/sites\/8\/2020\/11\/Sweden-2010-2020.png 787w, https:\/\/crudelis.fr\/site\/covid1984\/wp-content\/uploads\/sites\/8\/2020\/11\/Sweden-2010-2020-300x181.png 300w, https:\/\/crudelis.fr\/site\/covid1984\/wp-content\/uploads\/sites\/8\/2020\/11\/Sweden-2010-2020-768x465.png 768w\" sizes=\"auto, (max-width: 787px) 100vw, 787px\" \/><\/a><figcaption>Nombre de morts en Su\u00e8de de 2010 \u00e0 2020 (<a href=\"https:\/\/www.statista.com\/statistics\/525353\/sweden-number-of-deaths\/\" target=\"_blank\" rel=\"noreferrer noopener\">source<\/a>)<\/figcaption><\/figure>\n","protected":false},"excerpt":{"rendered":"<p>Une \u00e9tude int\u00e9ressante sur la mortalit\u00e9, toutes causes confondues, montre finalement qu'il n'y a pas de surmortalit\u00e9 en Su\u00e8de en 2020.Des r\u00e9sultats qui vont \u00e0 l'encontre des critiques habituelles.<\/p>\n","protected":false},"author":2,"featured_media":0,"comment_status":"open","ping_status":"open","sticky":false,"template":"","format":"standard","meta":{"footnotes":""},"categories":[77,12,17],"tags":[21],"class_list":["post-703","post","type-post","status-publish","format-standard","hentry","category-covid19","category-mortalite","category-ressources","tag-confinement"],"_links":{"self":[{"href":"https:\/\/crudelis.fr\/site\/covid1984\/wp-json\/wp\/v2\/posts\/703","targetHints":{"allow":["GET"]}}],"collection":[{"href":"https:\/\/crudelis.fr\/site\/covid1984\/wp-json\/wp\/v2\/posts"}],"about":[{"href":"https:\/\/crudelis.fr\/site\/covid1984\/wp-json\/wp\/v2\/types\/post"}],"author":[{"embeddable":true,"href":"https:\/\/crudelis.fr\/site\/covid1984\/wp-json\/wp\/v2\/users\/2"}],"replies":[{"embeddable":true,"href":"https:\/\/crudelis.fr\/site\/covid1984\/wp-json\/wp\/v2\/comments?post=703"}],"version-history":[{"count":2,"href":"https:\/\/crudelis.fr\/site\/covid1984\/wp-json\/wp\/v2\/posts\/703\/revisions"}],"predecessor-version":[{"id":2074,"href":"https:\/\/crudelis.fr\/site\/covid1984\/wp-json\/wp\/v2\/posts\/703\/revisions\/2074"}],"wp:attachment":[{"href":"https:\/\/crudelis.fr\/site\/covid1984\/wp-json\/wp\/v2\/media?parent=703"}],"wp:term":[{"taxonomy":"category","embeddable":true,"href":"https:\/\/crudelis.fr\/site\/covid1984\/wp-json\/wp\/v2\/categories?post=703"},{"taxonomy":"post_tag","embeddable":true,"href":"https:\/\/crudelis.fr\/site\/covid1984\/wp-json\/wp\/v2\/tags?post=703"}],"curies":[{"name":"wp","href":"https:\/\/api.w.org\/{rel}","templated":true}]}}