{"id":73,"date":"2020-10-29T13:00:55","date_gmt":"2020-10-29T13:00:55","guid":{"rendered":"https:\/\/covid1984.nohost.me\/?p=73"},"modified":"2022-08-20T11:11:18","modified_gmt":"2022-08-20T11:11:18","slug":"pr-toussaint-les-tests-se-retournent-contre-nous-a-lheure-actuelle","status":"publish","type":"post","link":"https:\/\/crudelis.fr\/site\/covid1984\/2020\/10\/29\/pr-toussaint-les-tests-se-retournent-contre-nous-a-lheure-actuelle\/","title":{"rendered":"Pr. Toussaint : \"Les tests se retournent contre nous \u00e0 l'heure actuelle!\""},"content":{"rendered":"\n<p>Le professeur Jean-Fran\u00e7ois Toussaint sur LCI, le 8 septembre 2020, explique la probl\u00e9matique des tests PCR, tel que soulev\u00e9 peu avant par <a rel=\"noreferrer noopener\" href=\"https:\/\/crudelis.fr\/site\/covid1984\/2020\/10\/26\/harvard-avertit-du-manque-de-fiabilite-du-test-pcr\/\" data-type=\"URL\" data-id=\"https:\/\/crudelis.fr\/site\/covid1984\/2020\/10\/26\/harvard-avertit-du-manque-de-fiabilite-du-test-pcr\/\" target=\"_blank\">Harvard<\/a>.<\/p>\n\n\n\n<!--more-->\n\n\n\n<p><a rel=\"noreferrer noopener\" href=\"https:\/\/www.youtube.com\/watch?v=KE1BGMidZME\" data-type=\"URL\" data-id=\"https:\/\/www.youtube.com\/watch?v=KE1BGMidZME\" target=\"_blank\">Youtube - Pr Toussaint sur LCI<\/a><br><em>11 minutes.<\/em><\/p>\n\n\n\n<blockquote class=\"wp-block-quote is-style-default is-layout-flow wp-block-quote-is-layout-flow\"><p><em>[\u2026] nous arrivons donc \u00e0 90% de formes de tests qui vont trouver positif des gens qui ne sont pas transmetteurs, qui ne sont pas contagieux et qui sont tout juste porteurs soit d'un virus qu'ils ont rencontr\u00e9 [\u2026], soit d'un virus contre lequel ils ont r\u00e9agit eux-m\u00eame en d\u00e9fendant leur organisme, soit simplement de traces virales [\u2026]<\/em><\/p><cite>Pr. Jean-Fran\u00e7ois Toussaint<\/cite><\/blockquote>\n\n\n\n<blockquote class=\"wp-block-quote is-style-default is-layout-flow wp-block-quote-is-layout-flow\"><p><em>[\u2026] aucun des tests rendu [\u2026] ne disent quel est le seuil avec lequel l'amplification a \u00e9t\u00e9 faite et qui change tout parce que au-del\u00e0 de 24 cycles d'amplification on sait que les personnes sont tr\u00e8s peu contagieuses. Au-del\u00e0 de 32, on va arriver dans des zones qui sont infinit\u00e9simales et au-del\u00e0 de 35 on ne peut m\u00eame plus avoir en culture un virus d\u00e9tect\u00e9 [\u2026]<\/em><\/p><cite>Pr. Jean-Fran\u00e7ois Toussaint<\/cite><\/blockquote>\n","protected":false},"excerpt":{"rendered":"<p>Le professeur Jean-Fran\u00e7ois Toussaint sur LCI, le 8 septembre 2020, explique la probl\u00e9matique des tests PCR, tel que soulev\u00e9 peu avant par Harvard.<\/p>\n","protected":false},"author":2,"featured_media":0,"comment_status":"open","ping_status":"open","sticky":false,"template":"","format":"standard","meta":{"footnotes":""},"categories":[2,77,18],"tags":[28,30,32],"class_list":["post-73","post","type-post","status-publish","format-standard","hentry","category-actualite","category-covid19","category-pcr","tag-relativiser","tag-pcr","tag-video"],"_links":{"self":[{"href":"https:\/\/crudelis.fr\/site\/covid1984\/wp-json\/wp\/v2\/posts\/73","targetHints":{"allow":["GET"]}}],"collection":[{"href":"https:\/\/crudelis.fr\/site\/covid1984\/wp-json\/wp\/v2\/posts"}],"about":[{"href":"https:\/\/crudelis.fr\/site\/covid1984\/wp-json\/wp\/v2\/types\/post"}],"author":[{"embeddable":true,"href":"https:\/\/crudelis.fr\/site\/covid1984\/wp-json\/wp\/v2\/users\/2"}],"replies":[{"embeddable":true,"href":"https:\/\/crudelis.fr\/site\/covid1984\/wp-json\/wp\/v2\/comments?post=73"}],"version-history":[{"count":1,"href":"https:\/\/crudelis.fr\/site\/covid1984\/wp-json\/wp\/v2\/posts\/73\/revisions"}],"predecessor-version":[{"id":2366,"href":"https:\/\/crudelis.fr\/site\/covid1984\/wp-json\/wp\/v2\/posts\/73\/revisions\/2366"}],"wp:attachment":[{"href":"https:\/\/crudelis.fr\/site\/covid1984\/wp-json\/wp\/v2\/media?parent=73"}],"wp:term":[{"taxonomy":"category","embeddable":true,"href":"https:\/\/crudelis.fr\/site\/covid1984\/wp-json\/wp\/v2\/categories?post=73"},{"taxonomy":"post_tag","embeddable":true,"href":"https:\/\/crudelis.fr\/site\/covid1984\/wp-json\/wp\/v2\/tags?post=73"}],"curies":[{"name":"wp","href":"https:\/\/api.w.org\/{rel}","templated":true}]}}