{"id":739,"date":"2020-12-22T09:10:10","date_gmt":"2020-12-22T09:10:10","guid":{"rendered":"https:\/\/covid1984.nohost.me\/blog\/?p=739"},"modified":"2022-08-20T11:09:04","modified_gmt":"2022-08-20T11:09:04","slug":"etat-durgence-permanent-et-vaccin-obligatoire","status":"publish","type":"post","link":"https:\/\/crudelis.fr\/site\/covid1984\/2020\/12\/22\/etat-durgence-permanent-et-vaccin-obligatoire\/","title":{"rendered":"\u00c9tat d'urgence permanent et vaccin obligatoire"},"content":{"rendered":"\n<p>Martine Wonner l'avait annonc\u00e9 d\u00e9but novembre, c'est en route, l'\u00e9tat d'urgence sanitaire va s'inscrire dans la loi. Et avec lui les restrictions sociales pour qui ne serait pas vaccin\u00e9s.<br>La devise ne notre pays pourra d\u00e9sormais \u00eatre <em>Servitude, \u00c9galit\u00e9, Fraternit\u00e9<\/em><\/p>\n\n\n\n<!--more-->\n\n\n\n<p>Le <a rel=\"noreferrer noopener\" href=\"https:\/\/crudelis.fr\/site\/covid1984\/2020\/11\/06\/le-gouvernement-ne-sen-cache-pas-et-on-sattend-en-janvier-a-discuter-un-texte-qui-sera-de-faire-rentrer-definitivement-letat-durgence-sanitaire-dans-le-droit-commun\/\" data-type=\"URL\" data-id=\"https:\/\/crudelis.fr\/site\/covid1984\/2020\/11\/06\/le-gouvernement-ne-sen-cache-pas-et-on-sattend-en-janvier-a-discuter-un-texte-qui-sera-de-faire-rentrer-definitivement-letat-durgence-sanitaire-dans-le-droit-commun\/\" target=\"_blank\">4 novembre 2020, Martine Wonner<\/a>, r\u00e9guli\u00e8rement qualifi\u00e9e de complotiste, nous expliquait que l'\u00e9tat d'urgence sanitaire serait inscrit dans la loi pour pouvoir \u00eatre utilis\u00e9 \u00e0 tout moment.<\/p>\n\n\n\n<p>Un \u00e9tat d'urgence <em>sanitaire<\/em> qui n'a pas sa place dans la loi puisqu'une <a rel=\"noreferrer noopener\" href=\"https:\/\/crudelis.fr\/site\/covid1984\/2020\/11\/14\/hold-up-le-documentaire-choc-informations-complementaires-4e-partie\/#3\" data-type=\"URL\" data-id=\"https:\/\/crudelis.fr\/site\/covid1984\/2020\/11\/14\/hold-up-le-documentaire-choc-informations-complementaires-4e-partie\/#3\" target=\"_blank\">loi d'\u00e9tat d'urgence<\/a> existe d\u00e9j\u00e0 dans la constitution et permet de couvrir cette situation depuis les origines de la 5e r\u00e9publique.<\/p>\n\n\n\n<p>Or cette nouvelle loi donne des pouvoirs quasi sans limites au pr\u00e9sident et ses ministres, avec les d\u00e9rives que nous avons tous subit depuis l'instauration de cet \u00e9tat d'urgence sanitaire au mois de mars.<\/p>\n\n\n\n<hr class=\"wp-block-separator is-style-dots\" \/>\n\n\n\n<p>FranceSoir nous alerte sur la gravit\u00e9 de la situation et r\u00e9v\u00e8le un projet de loi discr\u00e8tement pass\u00e9 \u00e0 l'assembl\u00e9e nationale par Jean Castex lui-m\u00eame.<\/p>\n\n\n\n<p><a href=\"https:\/\/www.francesoir.fr\/opinions-tribunes-politique-france\/prise-dotages-de-nos-libertes\" data-type=\"URL\" data-id=\"https:\/\/www.francesoir.fr\/opinions-tribunes-politique-france\/prise-dotages-de-nos-libertes\" target=\"_blank\" rel=\"noreferrer noopener\">FranceSoir - Prise d'otages de nos libert\u00e9s fondamentales<\/a><br><em>Temps de lecture: 4-5 minutes.<\/em><\/p>\n\n\n\n<hr class=\"wp-block-separator is-style-dots\" \/>\n\n\n\n<blockquote class=\"wp-block-quote is-layout-flow wp-block-quote-is-layout-flow\"><p><em>C\u2019est clairement une d\u00e9rive vers une dictature sanitaire instaurant la cr\u00e9ation de citoyens de seconde zone, \"les non vaccin\u00e9s\"<\/em><\/p><cite>Le Collectif Citoyen pour FranceSoir<\/cite><\/blockquote>\n\n\n\n<blockquote class=\"wp-block-quote is-layout-flow wp-block-quote-is-layout-flow\"><p><em><em><em>La loi d\u00e9pos\u00e9e ce soir par Jean Castex permettait de vous interdire si vous n'\u00eates pas vaccin\u00e9s Covid de :<\/em><\/em><\/em><br><br>- vous \u00ab d\u00e9placer \u00bb<br>- \u00ab d'acc\u00e9der \u00e0 des moyens de transport \u00bb<br>- \u00ab d\u2019acc\u00e9der \u00e0 certains lieux \u00bb<br>- \u00ab d\u2019exercer certaines activit\u00e9s \u00bb<\/p><cite>Le Collectif Citoyen pour FranceSoir<\/cite><\/blockquote>\n\n\n\n<hr class=\"wp-block-separator is-style-dots\" \/>\n\n\n\n<p>Le projet de loi est disponible sur le site de l'assembl\u00e9e nationale et permettra \u00e0 chacun de constater que le projet de \"<a rel=\"noreferrer noopener\" href=\"https:\/\/www.lefigaro.fr\/politique\/covid-19-le-groupe-udi-a-l-assemblee-propose-un-passeport-vert-pour-les-personnes-vaccinees-20201217\" target=\"_blank\">passeport vert<\/a>\" n'\u00e9tait pas qu'une id\u00e9e fugitive et la <a rel=\"noreferrer noopener\" href=\"https:\/\/www.leparisien.fr\/societe\/covid-19-la-vaccination-ne-sera-pas-rendue-obligatoire-assure-emmanuel-macron-24-11-2020-8410284.php\" target=\"_blank\">promesse de Macron d'un vaccin non obligatoire<\/a> qu'un onguent politicien pour d\u00e9tourner l'attention et imposer la vaccination d'une mani\u00e8re bien plus insidieuse.<\/p>\n\n\n\n<p>Car ne nous y trompons pas, il s'agit bien de contraindre \u00e0 la vaccination sous peine de perdre toute vie sociale.<\/p>\n\n\n\n<p><a rel=\"noreferrer noopener\" href=\"https:\/\/www.assemblee-nationale.fr\/dyn\/15\/textes\/l15b3714_projet-loi\" data-type=\"URL\" data-id=\"https:\/\/www.assemblee-nationale.fr\/dyn\/15\/textes\/l15b3714_projet-loi\" target=\"_blank\">Assembl\u00e9e Nationale - Projet de loi instituant un r\u00e9gime p\u00e9renne de gestion des urgences sanitaires<\/a><\/p>\n\n\n\n<blockquote class=\"wp-block-quote is-layout-flow wp-block-quote-is-layout-flow\"><p><em><em><em>\u00ab 6\u00b0 Le Premier ministre peut, le cas \u00e9ch\u00e9ant dans le cadre des mesures pr\u00e9vues aux 1\u00b0 \u00e0 5\u00b0, <strong>subordonner les d\u00e9placements des personnes, leur acc\u00e8s aux moyens de transports ou \u00e0 certains lieux, ainsi que l\u2019exercice de certaines activit\u00e9s<\/strong> \u00e0 la pr\u00e9sentation des r\u00e9sultats d\u2019un test de d\u00e9pistage \u00e9tablissant que la personne n\u2019est pas affect\u00e9e ou contamin\u00e9e, au suivi d\u2019un traitement pr\u00e9ventif, <strong>y compris \u00e0 l\u2019administration d\u2019un vaccin<\/strong>, ou d\u2019un traitement curatif.<\/em><\/em><\/em><\/p><cite><em>Art.\u00a0L.\u00a03131\u20119<\/em><\/cite><\/blockquote>\n\n\n\n<hr class=\"wp-block-separator is-style-dots\" \/>\n\n\n\n<p>FranceSoir propose une p\u00e9tition sur le site Mes Opinions pour s'opposer \u00e0 ce projet de loi:<\/p>\n\n\n\n<p><a href=\"https:\/\/www.mesopinions.com\/petition\/politique\/votez-contre-prise-otages-nos-libertes\/120370\" target=\"_blank\" rel=\"noreferrer noopener\">Votez contre la prise d'otages de nos libert\u00e9s fondamentales<\/a><\/p>\n","protected":false},"excerpt":{"rendered":"<p>Martine Wonner l'avait annonc\u00e9 d\u00e9but novembre, c'est en route, l'\u00e9tat d'urgence sanitaire va s'inscrire dans la loi. Et avec lui les restrictions sociales pour qui ne serait pas vaccin\u00e9s.La devise ne notre pays pourra d\u00e9sormais \u00eatre Servitude, \u00c9galit\u00e9, Fraternit\u00e9<\/p>\n","protected":false},"author":2,"featured_media":0,"comment_status":"open","ping_status":"open","sticky":false,"template":"","format":"standard","meta":{"footnotes":""},"categories":[2,77,6,19],"tags":[25,31],"class_list":["post-739","post","type-post","status-publish","format-standard","hentry","category-actualite","category-covid19","category-democratie","category-vaccin","tag-officiel","tag-vaccin"],"_links":{"self":[{"href":"https:\/\/crudelis.fr\/site\/covid1984\/wp-json\/wp\/v2\/posts\/739","targetHints":{"allow":["GET"]}}],"collection":[{"href":"https:\/\/crudelis.fr\/site\/covid1984\/wp-json\/wp\/v2\/posts"}],"about":[{"href":"https:\/\/crudelis.fr\/site\/covid1984\/wp-json\/wp\/v2\/types\/post"}],"author":[{"embeddable":true,"href":"https:\/\/crudelis.fr\/site\/covid1984\/wp-json\/wp\/v2\/users\/2"}],"replies":[{"embeddable":true,"href":"https:\/\/crudelis.fr\/site\/covid1984\/wp-json\/wp\/v2\/comments?post=739"}],"version-history":[{"count":1,"href":"https:\/\/crudelis.fr\/site\/covid1984\/wp-json\/wp\/v2\/posts\/739\/revisions"}],"predecessor-version":[{"id":2305,"href":"https:\/\/crudelis.fr\/site\/covid1984\/wp-json\/wp\/v2\/posts\/739\/revisions\/2305"}],"wp:attachment":[{"href":"https:\/\/crudelis.fr\/site\/covid1984\/wp-json\/wp\/v2\/media?parent=739"}],"wp:term":[{"taxonomy":"category","embeddable":true,"href":"https:\/\/crudelis.fr\/site\/covid1984\/wp-json\/wp\/v2\/categories?post=739"},{"taxonomy":"post_tag","embeddable":true,"href":"https:\/\/crudelis.fr\/site\/covid1984\/wp-json\/wp\/v2\/tags?post=739"}],"curies":[{"name":"wp","href":"https:\/\/api.w.org\/{rel}","templated":true}]}}