{"id":742,"date":"2020-12-22T22:47:04","date_gmt":"2020-12-22T22:47:04","guid":{"rendered":"https:\/\/covid1984.nohost.me\/blog\/?p=742"},"modified":"2022-09-08T12:18:21","modified_gmt":"2022-09-08T12:18:21","slug":"loms-admet-enfin-que-les-tests-pcr-creent-des-faux-positifs","status":"publish","type":"post","link":"https:\/\/crudelis.fr\/site\/covid1984\/2020\/12\/22\/loms-admet-enfin-que-les-tests-pcr-creent-des-faux-positifs\/","title":{"rendered":"L'OMS admet (enfin) que les tests PCR cr\u00e9ent des faux positifs"},"content":{"rendered":"\n<p>Il aura fallu 6 mois \u00e0 l'OMS pour reconna\u00eetre que <a href=\"https:\/\/crudelis.fr\/site\/covid1984\/2020\/10\/26\/harvard-avertit-du-manque-de-fiabilite-du-test-pcr\/\" data-type=\"URL\" data-id=\"https:\/\/crudelis.fr\/site\/covid1984\/2020\/10\/26\/harvard-avertit-du-manque-de-fiabilite-du-test-pcr\/\" target=\"_blank\" rel=\"noreferrer noopener\">Harvard<\/a> avait raison de dire que les tests PCR ne sont pas fiables. Entre temps, se poser la question relevait du complotisme...<\/p>\n\n\n\n<!--more-->\n\n\n\n<figure class=\"wp-block-table\"><table class=\"has-subtle-pale-pink-background-color has-background\"><tbody><tr><td><em>Pour les articles qui ne sont pas en fran\u00e7ais, vous pouvez utiliser <a rel=\"noreferrer noopener\" href=\"https:\/\/www.deepl.com\/translator\" target=\"_blank\">DeepL<\/a> pour traduire le texte en fran\u00e7ais.<\/em><\/td><\/tr><\/tbody><\/table><\/figure>\n\n\n\n<p><a rel=\"noreferrer noopener\" href=\"https:\/\/off-guardian.org\/2020\/12\/18\/who-finally-admits-pcr-tests-create-false-positives\/\" data-type=\"URL\" data-id=\"https:\/\/off-guardian.org\/2020\/12\/18\/who-finally-admits-pcr-tests-create-false-positives\/\" target=\"_blank\">OffGuardian - WHO (finally) admits PCR tests create false positives<\/a><br><em>Temps de lecture: 4-5 minutes.<\/em><\/p>\n\n\n\n<hr class=\"wp-block-separator has-css-opacity is-style-dots\"\/>\n\n\n\n<blockquote class=\"wp-block-quote is-layout-flow wp-block-quote-is-layout-flow\"><p><em>While this information is accurate, it has also been available for months, so we must ask: why are they reporting it now? Is it to make it appear the vaccine works?<\/em><br>---<br><em>Si ces informations sont exactes, elles sont \u00e9galement disponibles depuis des mois. Nous devons donc nous demander : pourquoi les communiquent-ils maintenant ? Est-ce pour faire croire que le vaccin fonctionne ?<\/em><\/p><cite>Kit Knightly<\/cite><\/blockquote>\n\n\n\n<blockquote class=\"wp-block-quote is-layout-flow wp-block-quote-is-layout-flow\"><p><em><em>This has all been public knowledge since the beginning of the lockdown. The Australian government\u2019s own website admitted the tests were flawed, and a court in Portugal ruled they were not fit for purpose.<\/em><\/em><br>---<br><em>Tout cela est de notori\u00e9t\u00e9 publique depuis le d\u00e9but du confinement. Le site web du gouvernement australien a admis que les tests \u00e9taient d\u00e9fectueux et un tribunal portugais a jug\u00e9 qu'ils n'\u00e9taient pas adapt\u00e9s \u00e0 leur objectif.<\/em><\/p><cite>Kit Knightly<\/cite><\/blockquote>\n\n\n\n<hr class=\"wp-block-separator has-css-opacity is-style-dots\"\/>\n\n\n\n<p>La notice d'information de l'OMS est disponible \u00e0 cette adresse:<\/p>\n\n\n\n<p><a rel=\"noreferrer noopener\" href=\"https:\/\/web.archive.org\/web\/20201222013649\/https:\/\/www.who.int\/news\/item\/14-12-2020-who-information-notice-for-ivd-users\" data-type=\"URL\" data-id=\"https:\/\/web.archive.org\/web\/20201222013649\/https:\/\/www.who.int\/news\/item\/14-12-2020-who-information-notice-for-ivd-users\" target=\"_blank\">OMS - Nucleic acid testing (NAT) technologies that use real-time polymerase chain reaction (RT-PCR) for detection of SARS-CoV-2<\/a><br><em>Temps de lecture: 4-5 minutes<em>.<\/em> (<a href=\"https:\/\/crudelis.fr\/site\/covid1984\/wp-content\/uploads\/sites\/8\/2022\/09\/WHO-Information-Notice-for-IVD-Users.pdf\" data-type=\"URL\" data-id=\"https:\/\/crudelis.fr\/site\/covid1984\/wp-content\/uploads\/sites\/8\/2022\/09\/WHO-Information-Notice-for-IVD-Users.pdf\">T\u00e9l\u00e9charger l'article original en pdf<\/a>)<\/em><\/p>\n\n\n\n<blockquote class=\"wp-block-quote is-layout-flow wp-block-quote-is-layout-flow\"><p><em><em><em>This means that the probability that a person who has a positive result (SARS-CoV-2 detected) is truly infected with SARS-CoV-2 decreases as positivity rate decreases, irrespective of the assay specificity. Therefore, healthcare providers are encouraged to take into consideration testing results along with clinical signs and symptoms, confirmed status of any contacts, etc.<\/em><\/em><\/em><br>---<br><em>Cela signifie que la probabilit\u00e9 qu'une personne qui a un r\u00e9sultat positif (SARS-CoV-2 d\u00e9tect\u00e9) soit r\u00e9ellement infect\u00e9e par le SARS-CoV-2 diminue \u00e0 mesure que le taux de positivit\u00e9 diminue, quelle que soit la sp\u00e9cificit\u00e9 du test. C'est pourquoi les prestataires de soins de sant\u00e9 sont encourag\u00e9s \u00e0 prendre en consid\u00e9ration les r\u00e9sultats des tests ainsi que les signes et sympt\u00f4mes cliniques, le statut confirm\u00e9 de tout contact, etc.<\/em><\/p><cite>OMS<\/cite><\/blockquote>\n\n\n\n<blockquote class=\"wp-block-quote is-layout-flow wp-block-quote-is-layout-flow\"><p><em><em><em>The design principle of RT-PCR means that for patients with high levels of circulating virus (viral load), relatively few cycles will be needed to detect virus and so the Ct value will be low.<\/em><\/em><\/em><br>---<br><em>Le principe de conception de la RT-PCR signifie que pour les patients pr\u00e9sentant des niveaux \u00e9lev\u00e9s de virus circulant (charge virale), relativement peu de cycles seront n\u00e9cessaires pour d\u00e9tecter le virus et donc la valeur Ct sera faible.<\/em><\/p><cite>OMS<\/cite><\/blockquote>\n\n\n\n<hr class=\"wp-block-separator has-css-opacity is-style-dots\"\/>\n\n\n\n<p>EDIT:<\/p>\n\n\n\n<p>Nouveau rebondissement, l'OMS admet d\u00e9sormais que le test PCR n'est pas suffisant pour d\u00e9clarer une personne malade.<\/p>\n\n\n\n<p><a href=\"https:\/\/crudelis.fr\/site\/covid1984\/2021\/01\/27\/loms-admet-enfin-que-le-test-pcr-est-potentiellement-defectueux\/\" target=\"_blank\" rel=\"noreferrer noopener\">L\u2019OMS admet (enfin) que le test PCR est potentiellement d\u00e9fectueux<\/a><\/p>\n","protected":false},"excerpt":{"rendered":"<p>Il aura fallu 6 mois \u00e0 l'OMS pour reconna\u00eetre que Harvard avait raison de dire que les tests PCR ne sont pas fiables. Entre temps, se poser la question relevait du complotisme...<\/p>\n","protected":false},"author":2,"featured_media":0,"comment_status":"open","ping_status":"open","sticky":false,"template":"","format":"standard","meta":{"footnotes":""},"categories":[2,77,18],"tags":[30],"class_list":["post-742","post","type-post","status-publish","format-standard","hentry","category-actualite","category-covid19","category-pcr","tag-pcr"],"_links":{"self":[{"href":"https:\/\/crudelis.fr\/site\/covid1984\/wp-json\/wp\/v2\/posts\/742","targetHints":{"allow":["GET"]}}],"collection":[{"href":"https:\/\/crudelis.fr\/site\/covid1984\/wp-json\/wp\/v2\/posts"}],"about":[{"href":"https:\/\/crudelis.fr\/site\/covid1984\/wp-json\/wp\/v2\/types\/post"}],"author":[{"embeddable":true,"href":"https:\/\/crudelis.fr\/site\/covid1984\/wp-json\/wp\/v2\/users\/2"}],"replies":[{"embeddable":true,"href":"https:\/\/crudelis.fr\/site\/covid1984\/wp-json\/wp\/v2\/comments?post=742"}],"version-history":[{"count":2,"href":"https:\/\/crudelis.fr\/site\/covid1984\/wp-json\/wp\/v2\/posts\/742\/revisions"}],"predecessor-version":[{"id":2494,"href":"https:\/\/crudelis.fr\/site\/covid1984\/wp-json\/wp\/v2\/posts\/742\/revisions\/2494"}],"wp:attachment":[{"href":"https:\/\/crudelis.fr\/site\/covid1984\/wp-json\/wp\/v2\/media?parent=742"}],"wp:term":[{"taxonomy":"category","embeddable":true,"href":"https:\/\/crudelis.fr\/site\/covid1984\/wp-json\/wp\/v2\/categories?post=742"},{"taxonomy":"post_tag","embeddable":true,"href":"https:\/\/crudelis.fr\/site\/covid1984\/wp-json\/wp\/v2\/tags?post=742"}],"curies":[{"name":"wp","href":"https:\/\/api.w.org\/{rel}","templated":true}]}}