{"id":765,"date":"2020-12-30T11:38:16","date_gmt":"2020-12-30T11:38:16","guid":{"rendered":"https:\/\/covid1984.nohost.me\/blog\/?p=765"},"modified":"2022-08-20T11:09:04","modified_gmt":"2022-08-20T11:09:04","slug":"dans-le-silence-des-vaccins","status":"publish","type":"post","link":"https:\/\/crudelis.fr\/site\/covid1984\/2020\/12\/30\/dans-le-silence-des-vaccins\/","title":{"rendered":"Dans le silence des vaccins"},"content":{"rendered":"\n<h2 class=\"has-medium-font-size wp-block-heading\">Notre sant\u00e9 en danger<\/h2>\n\n\n\n<p>Au nom des grands laboratoires qui s\u2019enrichissent sur notre \u201csant\u00e9\u201d, on s\u2019interroge, on soup\u00e7onne et on s\u2019inqui\u00e8te. En qu\u00eate de v\u00e9rit\u00e9, on fouille, on enqu\u00eate et on la d\u00e9c\u00e8le enfin dans l\u2019antre de la toile.<\/p>\n\n\n\n<!--more-->\n\n\n\n<p>2009. Une pand\u00e9mie grippale de <a href=\"https:\/\/www.parismatch.com\/Actu\/Economie\/La-grippe-H1N1-finit-en-couteuse-fumee-149412\" target=\"_blank\" rel=\"noreferrer noopener\">H1N1<\/a> s\u00e9vit sur notre plan\u00e8te. Tr\u00e8s vite, les gouvernements du monde entier adoptent des mesures vaccinales. Seulement 6 millions de fran\u00e7ais se feront vacciner, ce qui co\u00fbtera tr\u00e8s cher \u00e0 l\u2019\u00c9tat fran\u00e7ais. Tr\u00e8s vite, dans le silence de nos \u00e9lites, les premiers <a rel=\"noreferrer noopener\" href=\"https:\/\/www.medisite.fr\/les-vaccins-vaccin-h1n1-des-effets-secondaires-reconnus.2939807.524535.html\" target=\"_blank\">effets secondaires<\/a> font rage. Apr\u00e8s quelques fi\u00e8vres, courbatures, toux et maux de t\u00eate, ce sont des effets plus graves qui se font leurs apparitions, la scl\u00e9rose en plaque \u00e9tant la plus probl\u00e9matique apr\u00e8s du diab\u00e8te de type 1.<\/p>\n\n\n\n<p>Les vaccins ne seraient-ils pas aussi fiables que l\u2019on veut bien nous le faire croire ? D\u2019apr\u00e8s nos \u00e9lites, que nenni. Pourtant, sur le site SPLF (Soci\u00e9t\u00e9 de Pneumologie de Langue Fran\u00e7aise), on peut lire qu\u2019environ 650 cas on \u00e9t\u00e9 recens\u00e9 en Europe apr\u00e8s la vaccination H1N1 de 19 millions de personnes. L\u2019association de la <a rel=\"noreferrer noopener\" href=\"https:\/\/splf.fr\/narcolepsie-postvaccinale-de-type-1\/\" target=\"_blank\">narcolepsie<\/a> avec la vaccination NIH1 est solide et confirm\u00e9e dans plusieurs constats cit\u00e9s par le professeur <a rel=\"noreferrer noopener\" href=\"https:\/\/www.neurodiem.fr\/author\/Dauvilliers-13rxhYTKCCcHvNuE1ZImGJ\" target=\"_blank\">Dauvilliers<\/a> : <em>augmentation de l\u2019incidence de la narcolepsie signal\u00e9e en Su\u00e8de et en Finlande apr\u00e8s le d\u00e9but de la vaccination contre la grippe pand\u00e9mique de 2009 ; augmentation de 1 point du risque de d\u00e9velopper la maladie chez les enfants dans les mois suivant l\u2019utilisation du Pandemrix en Finlande (l\u2019association a \u00e9t\u00e9 confirm\u00e9e dans d\u2019autres pays comme l\u2019Irlande, le Royaume-Uni et la France).<\/em><\/p>\n\n\n\n<p>Malgr\u00e9 la virulence des effets n\u00e9fastes du vaccin H1N1, ce dernier sera malgr\u00e9 tout, m\u00eal\u00e9 \u00e0 celui de la <a rel=\"noreferrer noopener\" href=\"https:\/\/www.ladepeche.fr\/article\/2010\/09\/23\/912744-vaccin-la-grippe-saisonniere-se-mixe-avec-le-h1n1.html\" target=\"_blank\"><u>grippe saisonni\u00e8re<\/u><\/a> de 2010, \u00e0 la demande de l\u2019Organisation Mondiale de la Sant\u00e9, estimant que le virus H1N1 serait toujours en circulation \u00e0 l\u2019hiver suivant.<\/p>\n\n\n\n<hr class=\"wp-block-separator has-css-opacity is-style-default\"\/>\n\n\n\n<p>Depuis plusieurs d\u00e9cennies, on nous propose ou mieux encore, on nous impose toute une panoplie de vaccins qui ne stoppe pas sa course. Tous, para\u00eet-il, sont l\u00e0 pour nous prot\u00e9ger et nous maintenir en bonne sant\u00e9. En toute qui\u00e9tude et d\u2019une voix suave, une publicit\u00e9 vient nous vanter les bienfaits d\u2019un vaccin de Sanofi Pasteur qui nous prot\u00e9gerait des infections \u00e0 papillomavirus. Comment ne pas succomber \u00e0 ce traitement, nous dit on, nous \u00e9viterait un cancer de l\u2019ut\u00e9rus. Mais encore une fois, le couperet de la v\u00e9rit\u00e9 tombe inexorablement. Dans un silence mortif\u00e8re, des jeunes filles souffrent des <a rel=\"noreferrer noopener\" href=\"https:\/\/www.sciencesetavenir.fr\/sante\/vaccin-hpv-gardasil-des-effets-indesirables-neurologiques-connus-depuis-2009_19423\" target=\"_blank\">effets ind\u00e9sirables neurologiques<\/a> meurtriers du vaccin. Pourtant, des risques sont connus depuis 2009. En effet, des milliers de jeunes fille ont re\u00e7u le vaccin contre le papillomavirus. \u00c0 peine deux mois plus tard, plusieurs sont tomb\u00e9es malades, cinq d\u2019entre elles sont d\u00e9c\u00e9d\u00e9es puis d\u2019autres encore ont \u00e9t\u00e9 signal\u00e9s.<\/p>\n\n\n\n<hr class=\"wp-block-separator has-css-opacity is-style-default\"\/>\n\n\n\n<p>Des vaccins qui d\u00e9truisent des vies, m\u00eame celles qui ne font que commencer, depuis plusieurs d\u00e9cennies, on nous impose de faire vacciner nos enfants au nom de leur bien-\u00eatre. Dans la certitude de faire bien ou dans l\u2019inqui\u00e9tude d\u2019\u00eatre sanctionn\u00e9s par la loi, nous nous soumettons et nous obtemp\u00e9rons. Si certains enfants s\u2019en sortent sans trop de mal, d\u2019autres subissent les m\u00e9faits de ces vaccins dit \u201cinoffensifs\u201d. Malgr\u00e9 que nos autorit\u00e9s font tout pour nous rassurer, des parents s\u2019inqui\u00e8tent et subissent.<\/p>\n\n\n\n<p>2014. <a rel=\"noreferrer noopener\" href=\"https:\/\/www.parismatch.com\/Actu\/Sante\/Cinq-familles-devant-la-justice-547305\" target=\"_blank\">Cinq familles devant la justice<\/a> esp\u00e8rent une reconnaissance des effets secondaires de quelques vaccins GSK, Pfizer et Sanofi. Aujourd\u2019hui, handicap\u00e9s \u00e0 vie, leurs enfants ne pourront esp\u00e9rer une vie de bien-\u00eatre, tant assur\u00e9e par nos grands laboratoires pharmaceutiques.<\/p>\n\n\n\n<hr class=\"wp-block-separator has-css-opacity is-style-default\"\/>\n\n\n\n<p>Depuis de longues ann\u00e9es, des <a rel=\"noreferrer noopener\" href=\"https:\/\/www.11vaccinsobligatoires.com\/appel-montagnier-joyeux\/script\/\" target=\"_blank\">professionnels de sant\u00e9<\/a> tentent de nous avertir, en vain. Du <a href=\"https:\/\/odysee.com\/@EddyM:0\/vaccins-le-coup-de-gueule-d-un-pharmacien:0\" data-type=\"URL\" data-id=\"https:\/\/odysee.com\/@EddyM:0\/vaccins-le-coup-de-gueule-d-un-pharmacien:0\" target=\"_blank\" rel=\"noreferrer noopener\">pharmacien<\/a> qui conna\u00eet parfaitement les m\u00e9dicaments et leurs effets, au m\u00e9decin qui c\u00f4toie tous les jours des hommes, des femmes et des enfants qui souffrent dans un silence attristant, leurs cris d\u2019alarme deviennent trop souvent inaudibles. Depuis le 1er janvier 2018, le nombre de vaccins obligatoires pour les b\u00e9b\u00e9s \u00e2g\u00e9s de moins de deux ans est pass\u00e9 de trois \u00e0 onze. Le pharmacien <a rel=\"noreferrer noopener\" href=\"https:\/\/odysee.com\/@LaV%C3%A9rit%C3%A9VousAffranchira:2\/Serge-Rader-Alerte-sur-les-dangers-de-l'obligation-vaccinale-chez-les-nourrissons:a\" data-type=\"URL\" data-id=\"https:\/\/odysee.com\/@LaV%C3%A9rit%C3%A9VousAffranchira:2\/Serge-Rader-Alerte-sur-les-dangers-de-l'obligation-vaccinale-chez-les-nourrissons:a\" target=\"_blank\">Serge Rader alerte sur les dangers de l\u2019obligation vaccinale<\/a>. Des reproches, des avertissements et des sanctions sont instaur\u00e9s pour ne plus les entendre.<\/p>\n\n\n\n<hr class=\"wp-block-separator has-css-opacity is-style-default\"\/>\n\n\n\n<p>Un peu partout dans le monde, le m\u00eame sch\u00e9ma se reproduit. Des vaccins, des victimes et des silences pour ne pas d\u00e9ranger ceux qui veulent faire valoir cette m\u00e9dication si \u00ab merveilleuse \u00bb. En 2014, <a rel=\"noreferrer noopener\" href=\"https:\/\/www.francetvinfo.fr\/monde\/europe\/italie-treize-deces-suspects-apres-une-vaccination-anti-grippe_1707993.html\" target=\"_blank\">treize personnes<\/a> perdront la vie suite \u00e0 une vaccination contre la grippe. Malgr\u00e9 tout, la campagne de vaccination ne sera pas suspendue. En octobre 2020, <a rel=\"noreferrer noopener\" href=\"https:\/\/www.midilibre.fr\/2020\/10\/28\/morts-suspectes-de-59-personnes-vaccinees-contre-la-grippe-linquietude-en-coree-du-sud-grandit-9168714.php\" target=\"_blank\">59 personnes vaccin\u00e9es contre la grippe<\/a> prendront le m\u00eame chemin de leur destin\u00e9e pour le m\u00eame vaccin.<\/p>\n\n\n\n<hr class=\"wp-block-separator has-css-opacity is-style-default\"\/>\n\n\n\n<p>Pire encore dans des pays dits sous-d\u00e9velopp\u00e9s, certains laboratoires se permettent au nom de la science, de jouer aux apprentis sorciers.<\/p>\n\n\n\n<p>1996. Dans un \u00e9tat du nord du Nigeria, une \u00e9pid\u00e9mie de m\u00e9ningite s\u00e9vit avec une rare intensit\u00e9. Pr\u00e9tendant venir en aide aux centaines de patients qui affluent quotidiennement \u00e0 l\u2019Infection Diseases Hospital de Kano, <a rel=\"noreferrer noopener\" href=\"https:\/\/www.jeuneafrique.com\/79982\/archives-thematique\/vaccins-pfizer-le-scandale\/\" target=\"_blank\">Pfizer<\/a> r\u00e9alise sur deux cents enfants les tests d\u2019un antibiotique soignant notamment la m\u00e9ningite, le Trovan. Le m\u00e9dicament est alors dans sa \u00ab derni\u00e8re phase de d\u00e9veloppement clinique \u00bb, c\u2019est-\u00e0-dire juste avant que le laboratoire formule une demande aux autorit\u00e9s am\u00e9ricaines pour la commercialisation du m\u00e9dicament. <strong>Onze enfants meurent dans la foul\u00e9e de ces essais<\/strong>, effectu\u00e9s entre mars et avril.<\/p>\n\n\n\n<p>2009. Plusieurs \u00e9coles pour enfants tribaux en <a rel=\"noreferrer noopener\" href=\"https:\/\/economictimes.indiatimes.com\/industry\/healthcare\/biotech\/healthcare\/controversial-vaccine-studies-why-is-bill-melinda-gates-foundation-under-fire-from-critics-in-Inde\/articleshow\/41280050.cms\" target=\"_blank\"><u>Inde<\/u><\/a> sont devenues des sites d'\u00e9tudes d'observation pour un vaccin contre le cancer du col de l'ut\u00e9rus qui a \u00e9t\u00e9 administr\u00e9 \u00e0 des milliers de filles \u00e2g\u00e9es de 9 \u00e0 15 ans. Les filles ont re\u00e7u le vaccin contre le virus du papillome humain (VPH) en trois s\u00e9ries cette ann\u00e9e-l\u00e0, sous la supervision de fonctionnaires du d\u00e9partement de la sant\u00e9 de l'\u00c9tat. Les vaccins utilis\u00e9s \u00e9taient le Gardasil fabriqu\u00e9 par Merck et le Cervarix, fabriqu\u00e9 par GSK. Quelques mois plus tard, de nombreuses filles ont commenc\u00e9 \u00e0 tomber malades, plusieurs d\u2019entre elles sont mortes.<\/p>\n\n\n\n<p>Le comit\u00e9 a d\u00e9couvert que, dans de nombreux cas, le consentement \u00e0 la r\u00e9alisation de ces \u00e9tudes avait \u00e9t\u00e9 obtenu de fa\u00e7on plus que douteuse et sans un accord valable des parents ou des enfants qui n\u2019avaient aucune id\u00e9e de la nature de la maladie ou du vaccin. Pour certains, une simple empreinte du pouce de leurs parents pauvres et analphab\u00e8tes \u00e9tait d\u00fbment appos\u00e9e sur le formulaire de consentement.<\/p>\n\n\n\n<p>Des d\u00e9g\u00e2ts irr\u00e9versibles ont \u00e9t\u00e9 d\u00e9tect\u00e9s sur certaines jeunes filles qui ont eu des menstruations pr\u00e9coces apr\u00e8s le <a href=\"https:\/\/www.bladi.info\/threads\/vaccins-linde-poursuit-fondation.387851\/\" target=\"_blank\" rel=\"noreferrer noopener\">vaccin<\/a>, des saignements abondants et des crampes menstruelles graves. Selon un rapport r\u00e9dig\u00e9 par KP Narayana Kumar, on d\u00e9couvre que 120 filles \u00e9taient malades, souffrant d\u2019une vari\u00e9t\u00e9 de sympt\u00f4mes, y compris \u201cdes crises d\u2019\u00e9pilepsie, de graves maux d\u2019estomac, maux de t\u00eate et des sautes d\u2019humeur.\u201d Ce projet a \u00e9t\u00e9 organis\u00e9 par la fondation Bill et Melinda Gates qui se sont r\u00e9jouis de cette \u201cr\u00e9ussite totale\u201d<\/p>\n\n\n\n<hr class=\"wp-block-separator has-css-opacity is-style-default\"\/>\n\n\n\n<p>Sur nos ondes fran\u00e7aises, on nous vante sans rel\u00e2che la vaccination contre la dengue. Peut-\u00eatre, est-ce un oubli de leur part de nous r\u00e9v\u00e9ler certains faits ? En 2016, le laboratoire <a rel=\"noreferrer noopener\" href=\"https:\/\/www.nouvelobs.com\/monde\/20181127.OBS6092\/dengue-sanofi-au-c-ur-d-une-affaire-de-vaccin-mortel-aux-philippines.html\" data-type=\"URL\" data-id=\"https:\/\/www.nouvelobs.com\/monde\/20181127.OBS6092\/dengue-sanofi-au-c-ur-d-une-affaire-de-vaccin-mortel-aux-philippines.html\" target=\"_blank\">Sanofi<\/a> a lanc\u00e9 un programme de vaccination contre la dengue aux Philippines, ce qui a caus\u00e9 la mort de plusieurs centaines d\u2019enfants.<\/p>\n\n\n\n<p>Carol Isoux journaliste ind\u00e9pendante a fait son enqu\u00eate \u201cDengvaxia, le fiasco d\u2019un labo\u201d que l\u2019on \u00e9couter sur <a rel=\"noreferrer noopener\" href=\"https:\/\/www.franceculture.fr\/emissions\/la-fabrique-mediatique\/la-fabrique-mediatique-du-samedi-14-novembre-2020\" target=\"_blank\">France Culture<\/a>. Les dessous de l'enqu\u00eate d\u00e9voilent les pratiques du laboratoire pharmaceutique Sanofi, accus\u00e9 aux Philippines d'avoir mis au point un vaccin contre la dengue ayant entra\u00een\u00e9 la mort de 600 enfants. Depuis ce d\u00e9sastre, les Philippines ont interdit d\u00e9finitivement ce <a rel=\"noreferrer noopener\" href=\"https:\/\/www.lesechos.fr\/industrie-services\/pharmacie-sante\/dengvaxia-le-vaccin-mal-aime-de-sanofi-contre-la-dengue-992832\" target=\"_blank\">vaccin<\/a> alors qu\u2019au Br\u00e9sil, il est recommand\u00e9 de limiter son utilisation, encore un <a rel=\"noreferrer noopener\" href=\"https:\/\/www.lesechos.fr\/2017\/12\/coup-dur-pour-sanofi-et-son-vaccin-contre-la-dengue-188292\" target=\"_blank\">coup dur pour Sanofi<\/a>. En 2018, les autorit\u00e9s sanitaires europ\u00e9ennes l\u2019ont <a rel=\"noreferrer noopener\" href=\"https:\/\/www.lesechos.fr\/industrie-services\/pharmacie-sante\/sanofi-finalement-autorise-a-vendre-son-vaccin-contre-la-dengue-en-europe-240346\" target=\"_blank\">autori<u>s<\/u>\u00e9<\/a> en Europe.<\/p>\n\n\n\n<p>Bien d\u2019autres vaccins, dans bien d\u2019autres pays, ont fait des drames. Des vaccins pour tous, quoi qu\u2019il en soit, m\u00eame chez nos amis les animaux, naturellement sans leur demander leur avis. Dans le <a rel=\"noreferrer noopener\" href=\"https:\/\/www.sciencesetavenir.fr\/nature-environnement\/vaccination-contre-la-grippe-aviaire-pour-500-oiseaux-du-zoo-de-mulhouse_149004\" target=\"_blank\">zoo de Mulhouse<\/a>, 500 oiseaux ont \u00e9t\u00e9 vaccin\u00e9s contre la grippe aviaire. Est-ce bien raisonnable ?<\/p>\n\n\n\n<hr class=\"wp-block-separator has-css-opacity is-style-default\"\/>\n\n\n\n<p>En 2010, l\u2019institut allemand Robert Koch a fait une \u00e9tude (que l\u2019on peut traduire sur le site <a rel=\"noreferrer noopener\" href=\"https:\/\/www.deepl.com\/translator\" target=\"_blank\">deepl.com<\/a>), 18 000 enfants \u00e2g\u00e9s de 0 \u00e0 17 ans et compar\u00e9 une population d\u2019enfants vaccin\u00e9s et non vaccin\u00e9s. Le r\u00e9sultat a d\u00e9montr\u00e9 que <a rel=\"noreferrer noopener\" href=\"https:\/\/efi-online.de\/kiggs-studie\/\" target=\"_blank\">les enfants non vaccin\u00e9s sont en meilleure sant\u00e9<\/a> que ceux vaccin\u00e9s. Moins <a rel=\"noreferrer noopener\" href=\"https:\/\/www.dailymotion.com\/video\/xh13ao\" target=\"_blank\">malade<\/a>, moins d\u2019allergies, moins de probl\u00e8mes de langage et meilleure vue. Que faut-il en conclure ?<\/p>\n\n\n\n<hr class=\"wp-block-separator has-css-opacity is-style-default\"\/>\n\n\n\n<p>Le 25 ao\u00fbt 2020, l\u2019OMS se f\u00e9licitait de l'\u00e9radication de la poliomy\u00e9lite sauvage en Afrique. Mais cet \u00e9tat de fait n\u2019est pas tout \u00e0 fait juste. En effet, le poliovirus d\u2019origine vaccinale poursuit sa course effr\u00e9n\u00e9e. De nombreux enfants sont se retrouv\u00e9s paralys\u00e9s par une souche de ce vaccin. Ce d\u00e9sastre vaccinal a provoqu\u00e9 le retour en force de la <a rel=\"noreferrer noopener\" href=\"https:\/\/www.aa.com.tr\/fr\/afrique\/des-cas-de-poliomy%C3%A9lite%C3%A9lite-recens%C3%A9s-au-soudan-onu\/1957114\" target=\"_blank\"><u>poliomy\u00e9lite<\/u><\/a> dans certains pays o\u00f9 plusieurs enfants ont \u00e9t\u00e9 vaccin\u00e9s. Quelques jours plus tard, le 6 septembre 2020, <a rel=\"noreferrer noopener\" href=\"https:\/\/www.wikistrike.com\/2020\/09\/l-onu-obligee-d-admettre-que-le-vaccin-finance-par-les-gates-est-a-l-origine-d-une-epidemie-de-polio-en-afrique.html\" target=\"_blank\">l'ONU est oblig\u00e9e d\u2019admettre que le vaccin financ\u00e9 par les Gates est \u00e0 l\u2019origine d\u2019une \u00e9pid\u00e9mie de polio en Afrique<\/a>.<\/p>\n\n\n\n<p>D\u00e9j\u00e0 \u00e0 ses d\u00e9but, la vaccination contre la poliomy\u00e9lite avait fait parler d\u2019elle. Remontons le temps :<\/p>\n\n\n\n<p><em>Le 12 avril 1955, le professeur Jonas Salk d\u00e9clare \u00e0 la presse que le vaccin <a rel=\"noreferrer noopener\" href=\"https:\/\/www.lefigaro.fr\/histoire\/archives\/2015\/04\/10\/26010-20150410ARTFIG00303-l-innocuite-du-vaccin-contre-la-polio-mise-a-mal-un-mois-apres-son-lancement.php\" target=\"_blank\">contre la polio<\/a> qu'il a mis au point dans son laboratoire de l'universit\u00e9 de Pittsburg est efficace. L'annonce bien qu'attendue est fracassante et enthousiasme l'opinion am\u00e9ricaine en attente d'un espoir face \u00e0 la terrible maladie mortelle ou invalidante qui menace les jeunes enfants et dans une moindre mesure les adultes. Une campagne massive de vaccination est lanc\u00e9e dans la foul\u00e9e. C'est une v\u00e9ritable douche froide quand \u00e0 la fin du mois des cas de polio sont d\u00e9couverts chez des enfants tout juste vaccin\u00e9s. Onze d'entre eux meurent et les trois quarts sont paralys\u00e9s. La campagne de vaccination est suspendue jusqu'\u00e0 ce que l'on identifie le laboratoire \u00e0 l'origine des lots de vaccin dans lesquels le virus n'avait pas \u00e9t\u00e9 suffisamment inactiv\u00e9.<\/em><\/p>\n\n\n\n<p>Le 13 janvier 2014, l\u2019OMS annon\u00e7ait l\u2019\u00e9radication de la <a href=\"https:\/\/www.courrierinternational.com\/article\/2014\/01\/14\/la-polio-est-elle-vraiment-eradiquee\" data-type=\"URL\" data-id=\"https:\/\/www.courrierinternational.com\/article\/2014\/01\/14\/la-polio-est-elle-vraiment-eradiquee\" target=\"_blank\" rel=\"noreferrer noopener\">poliomy\u00e9lite<\/a> en Inde. Mais tr\u00e8s vite, le doute est \u00e9mis. L\u2019\u00e9radication ne cacherait-elle pas la propagation d\u2019une autre maladie, li\u00e9e aux campagnes de vaccination ? Celle de la paralysie flasque aigu\u00eb (PFA). En effet l\u2019Inde, qui a certes \u00e9limin\u00e9 la polio, est le pays o\u00f9 l\u2019on d\u00e9tecte le plus de cas de PFA au monde. Cela peut \u00eatre d\u00fb soit \u00e0 des r\u00e9actions au vaccin soit, comme l\u2019affirme le gouvernement, \u00e0 une meilleure d\u00e9tection sanitaire li\u00e9e aux campagnes antipolio.<\/p>\n\n\n\n<p>Encore en 2016, au Guin\u00e9e, 14 cas <a rel=\"noreferrer noopener\" href=\"https:\/\/www.mesvaccins.net\/web\/news\/8527-cas-groupes-de-paralysie-flasque-lies-au-poliovirus-derive-d-une-souche-vaccinale-au-benin\" target=\"_blank\">de paralysie flasque<\/a> due \u00e0 un poliovirus d\u00e9riv\u00e9s d'une souche vaccinale ont \u00e9t\u00e9 notifi\u00e9s par les structures sanitaire de la r\u00e9gion de Kankan.<\/p>\n\n\n\n<p>Le miracle de la gu\u00e9rison de la poliomy\u00e9lite se fait toujours attendre. Pourtant, dans les ann\u00e9es 30, <a rel=\"noreferrer noopener\" href=\"https:\/\/www.chlorure-de-magnesium.fr\/les-grandes-figures-historiques-du-chlorure-de-magnesium-pierre-delbet-auguste-neveu-m-l-robinet-et-martin-du-theil\/\" target=\"_blank\">Pierre Delbet, Auguste Neveu, M.L. Robinet et Martin Du Theil<\/a> ont contribu\u00e9 \u00e0 \u00e9tablir l\u2019int\u00e9r\u00eat du chlorure de magn\u00e9sium pour la sant\u00e9, avec beaucoup de succ\u00e8s. Panac\u00e9e miraculeuse dans le cas des maladies entra\u00eenant des paralysies comme la poliomy\u00e9lite mais tr\u00e8s tomb\u00e9e dans l\u2019oubli avec le d\u00e9but de la vaccination.<\/p>\n\n\n\n<hr class=\"wp-block-separator has-css-opacity is-style-default\"\/>\n\n\n\n<p><a rel=\"noreferrer noopener\" href=\"https:\/\/www.medisite.fr\/les-vaccins-covid-grippe-ror-bcg-quels-sont-les-effets-secondaires-des-vaccins.5595144.524535.html\" target=\"_blank\">Les effets secondaires des vaccins<\/a> sont connus depuis de longues ann\u00e9es. Malgr\u00e9 tout, tout est toujours fait pour contrecarrer ces id\u00e9es. Toujours rassurer et tout faire pour nous faire oublier les risques encourus. Toujours vouloir minimiser les risques pour mieux nous faire accepter l\u2019inacceptable.<\/p>\n\n\n\n<p>Alors que certains m\u00e9decins nous vantent les m\u00e9rites des vaccins et sont toujours pr\u00eats \u00e0 nous inoculer ces fameux s\u00e9rums, beaucoup d\u2019entre eux sont tr\u00e8s frileux. D\u00e9j\u00e0 en 2019 en France, on se d\u00e9solait de voir que nos soignants n\u2019\u00e9taient pas <a rel=\"noreferrer noopener\" href=\"https:\/\/www.francetvinfo.fr\/sante\/maladie\/grippe\/grippe-le-personnel-soignant-n-est-pas-vaccine_3669549.html\" target=\"_blank\">assez vaccin\u00e9<\/a> contre la grippe. Sur l'ensemble du territoire, les personnels soignants des Ehpad n\u2019\u00e9taient que 32% \u00e0 se faire vacciner, \u00e0 l'h\u00f4pital, 68% des m\u00e9decins, 36% des infirmiers et 21% des aides-soignants ont accept\u00e9 le vaccin. En 2013, 80 % des <a rel=\"noreferrer noopener\" href=\"https:\/\/www.letemps.ch\/suisse\/personnel-soignant-se-mefie-vaccins\" target=\"_blank\">soignants<\/a> suisses refusaient la vaccination. En mars 2021, <a rel=\"noreferrer noopener\" href=\"https:\/\/www.lindependant.fr\/2021\/03\/24\/covid-19-malgre-lappel-de-jean-castex-et-dolivier-veran-moins-de-50-des-soignants-ont-recu-une-dose-du-vaccin-9447340.php\" target=\"_blank\">malgr\u00e9 l'appel de Jean Castex et d'Olivier V\u00e9ran moins de 50% des soignants ont re\u00e7u une dose du vaccin<\/a>.<\/p>\n\n\n\n<p>En Italie, <a href=\"https:\/\/www.ladepeche.fr\/2021\/04\/14\/pres-de-50-des-soignants-de-lhopital-sont-vaccines-9486694.php\" target=\"_blank\" rel=\"noreferrer noopener\">soignants<\/a> et pharmaciens ont l\u2019obligation de se faire vacciner contre le Covid-19 lorsqu\u2019ils sont en contact avec le public. Une obligation formalis\u00e9e qui pourrait aller jusqu\u2019\u00e0 la perte d\u2019emploi en cas de refus. Si en France le gouvernement laisse le choix aux soignants de se faire vacciner ou non, il les incite fortement \u00e0 le faire, mais se heurte \u00e0 certaines r\u00e9ticences. Si je pousse mes recherches, je trouverais s\u00fbrement le m\u00eame sch\u00e9ma sur toute la plan\u00e8te.<\/p>\n\n\n\n<hr class=\"wp-block-separator has-css-opacity is-style-default\"\/>\n\n\n\n<p>Depuis le d\u00e9but de l\u2019ann\u00e9e 2020, une \u00e9pid\u00e9mie s\u00e9vit sur toute la plan\u00e8te. Le coupable, notre syst\u00e8me immunitaire trop faible. <a rel=\"noreferrer noopener\" href=\"https:\/\/www.quebec.ca\/sante\/problemes-de-sante\/a-z\/coronavirus-2019\/malades-chroniques-ou-personnes-avec-systeme-immunitaire-affaibli-covid-19\/\" target=\"_blank\">Maladies chroniques<\/a>, ob\u00e9sit\u00e9, diab\u00e8te, VIH\u2026 la liste est longue. Tr\u00e8s vite, certains m\u00e9decins se sont ru\u00e9s sur des propositions de soins qui tous, une par une, ont \u00e9t\u00e9 exclus par nos autorit\u00e9s qui ont pr\u00e9f\u00e9r\u00e9 opter sur un vaccin. D\u00e9cembre 2020, ce dernier fait enfin son apparition, <a rel=\"noreferrer noopener\" href=\"https:\/\/www.lefigaro.fr\/flash-actu\/covid-19-le-vaccin-pfizer-biontech-deconseille-au-royaume-uni-en-cas-d-importantes-allergies-20201209\" target=\"_blank\">le vaccin de Pfizer et BioNTech<\/a> contre le Covid-19. \u00c0 peine arriv\u00e9 et d\u00e9j\u00e0 accus\u00e9, 24 heures apr\u00e8s les premi\u00e8res inoculations. Apr\u00e8s avoir annonc\u00e9 quelques effets secondaires tels que, maux de t\u00eate, fi\u00e8vre, douleurs au niveau du site d\u2019injection, fatigue, on nous annonce du bout des l\u00e8vres quelques r\u00e9actions allergiques.<\/p>\n\n\n\n<p>Tout est toujours fait pour nous rassurer mais peut-on vraiment faire confiance \u00e0 ses drogues que l\u2019on nous encourage \u00e0 accepter comme des rem\u00e8des inoffensifs ? Je vous invite \u00e0 relire mes quelques propos ci-dessus et les liens qui les confirment. Pour certains vaccins, un peu de fi\u00e8vre, quelques courbatures, de la toux et des maux de t\u00eate, puis on arrive \u00e0 des effets plus graves comme la scl\u00e9rose en plaque, le diab\u00e8te de type 1, la narcolepsie et quelques autres affections pour en arriver jusqu\u2019\u00e0 la mort.<\/p>\n\n\n\n<hr class=\"wp-block-separator has-css-opacity is-style-default\"\/>\n\n\n\n<p>Des vaccins qu\u2019on nous dit inoffensifs, qu\u2019en pensent vraiment tous ces hommes et ces femmes qui entretiennent notre sant\u00e9 au quotidien ? Dans son livre sorti en 2014, \u00ab L'apport des vaccinations \u00e0 la sant\u00e9 publique \u00bb, <a rel=\"noreferrer noopener\" href=\"https:\/\/www.agirsantenaturelle.fr\/pr-Michel-Georget\" target=\"_blank\">Michel Georget<\/a>, Agr\u00e9g\u00e9 en Sciences naturelles, nous parle de ce qu\u2019il conna\u00eet tr\u00e8s bien :<\/p>\n\n\n\n<p><em>\u00ab Les vaccinations font tellement partie int\u00e9grante de la vie moderne qu'il para\u00eet ind\u00e9cent de se poser la moindre question \u00e0 leur sujet. En d\u00e9pit d'un calendrier vaccinal d\u00e9mesur\u00e9, seules trois vaccinations sont obligatoires <\/em>(maintenant 11)<em>, mais beaucoup d'entre nous se laissent influencer par la pression sociale et m\u00e9diatique. Il reste bien peu de place pour une information objective. Ces derni\u00e8res ann\u00e9es ont connu plusieurs scandales retentissants : le sang contamin\u00e9, la vache folle, l'hormone de croissance, le Mediator,\u2026 toutes les catastrophes que l'on a voulu longtemps ignorer. \u00c0 chaque fois, promis, jur\u00e9, cela ne se reproduira plus. Il y aura pourtant bient\u00f4t un scandale vaccinal si nous continuons \u00e0 nous soumettre au diktat de l'industrie pharmaceutique, si les autorit\u00e9s sanitaires persistent \u00e0 ignorer les victimes et \u00e0 ne pas vouloir mettre en place une vaccinovigilance digne de ce nom. La sant\u00e9 publique s'est progressivement am\u00e9lior\u00e9e avec les progr\u00e8s de l'hygi\u00e8ne et de l'\u00e9l\u00e9vation du niveau de vie. Le r\u00f4le majeur attribu\u00e9 aux vaccinations dans la r\u00e9gression des maladies infectieuses est tout \u00e0 fait contestable. De plus, les vaccins ont entra\u00een\u00e9 un cort\u00e8ge de souffrances en raison de leurs effets ind\u00e9sirables parfois graves. Le rapport b\u00e9n\u00e9fices\/risques para\u00eet bien mince. Enfin, ces campagnes de vaccinations ont un co\u00fbt pour la collectivit\u00e9, et le rapport co\u00fbt\/b\u00e9n\u00e9fice est loin du niveau escompt\u00e9. \u00bb<\/em><\/p>\n\n\n\n<p>Dans cette vid\u00e9o d\u2019environ 11 minutes, Michel Georget remet en cause cette qualit\u00e9 de vie gr\u00e2ce aux <a rel=\"noreferrer noopener\" href=\"https:\/\/www.youtube.com\/watch?v=LMkW_7XIwug\" target=\"_blank\">vaccins<\/a> que l\u2019on nous vend depuis plusieurs d\u00e9cennies. D\u2019apr\u00e8s les dires officiels, gr\u00e2ce aux vaccins, les maladies ont recul\u00e9. Mais qu\u2019en est-il r\u00e9ellement ?<\/p>\n\n\n\n<hr class=\"wp-block-separator has-css-opacity is-style-default\"\/>\n\n\n\n<p>Des <a href=\"https:\/\/www.youtube.com\/watch?v=j3_6_ZpqFKo\" target=\"_blank\" rel=\"noreferrer noopener\">silences<\/a>, des victimes, des mensonges et des vies bouscul\u00e9es, la v\u00e9rit\u00e9 est toujours difficile \u00e0 accepter. Des t\u00e9moignages bouleversants, des r\u00e9v\u00e9lations inqui\u00e9tantes sur des mensonges tenaces, cette vid\u00e9o d\u20191h26, datant de 2020 est vraiment \u00e0 visionner pour mieux comprendre o\u00f9 en est notre monde sanitaire actuel. Des victimes, des m\u00e9decins et chercheurs d\u00e9noncent. Des mamans racontent le calvaire qu\u2019elle ont v\u00e9cu avec leurs enfants. Toujours le m\u00eame discours, l\u2019enfant a chang\u00e9 peu apr\u00e8s la vaccination. Des doigts se pointent sur le mercure et l\u2019aluminium dans un m\u00e9lange d\u00e9j\u00e0 bien toxique que des m\u00e9decins inoculent en toute impunit\u00e9 \u00e0 des nourrissons \u00e0 peine sortis de l\u2019antre protecteur de leur m\u00e8re. 1 enfant sur 6 est diagnostiqu\u00e9 d\u2019un trouble du d\u00e9veloppement ou un probl\u00e8me de comportement. 1 enfant sur 166 est diagnostiqu\u00e9 avec un trouble du spectre autistique. Des hommes des femmes et des enfants subissent tous les jours les effets n\u00e9fastes des vaccins.<\/p>\n\n\n\n<p>Quand saurons-nous enfin la v\u00e9rit\u00e9&nbsp;?<\/p>\n","protected":false},"excerpt":{"rendered":"<p>Notre sant\u00e9 en danger Au nom des grands laboratoires qui s\u2019enrichissent sur notre \u201csant\u00e9\u201d, on s\u2019interroge, on soup\u00e7onne et on s\u2019inqui\u00e8te. En qu\u00eate de v\u00e9rit\u00e9, on fouille, on enqu\u00eate et on la d\u00e9c\u00e8le enfin dans l\u2019antre de la toile.<\/p>\n","protected":false},"author":3,"featured_media":0,"comment_status":"open","ping_status":"open","sticky":false,"template":"","format":"standard","meta":{"footnotes":""},"categories":[77,17,19],"tags":[31,32],"class_list":["post-765","post","type-post","status-publish","format-standard","hentry","category-covid19","category-ressources","category-vaccin","tag-vaccin","tag-video"],"_links":{"self":[{"href":"https:\/\/crudelis.fr\/site\/covid1984\/wp-json\/wp\/v2\/posts\/765","targetHints":{"allow":["GET"]}}],"collection":[{"href":"https:\/\/crudelis.fr\/site\/covid1984\/wp-json\/wp\/v2\/posts"}],"about":[{"href":"https:\/\/crudelis.fr\/site\/covid1984\/wp-json\/wp\/v2\/types\/post"}],"author":[{"embeddable":true,"href":"https:\/\/crudelis.fr\/site\/covid1984\/wp-json\/wp\/v2\/users\/3"}],"replies":[{"embeddable":true,"href":"https:\/\/crudelis.fr\/site\/covid1984\/wp-json\/wp\/v2\/comments?post=765"}],"version-history":[{"count":1,"href":"https:\/\/crudelis.fr\/site\/covid1984\/wp-json\/wp\/v2\/posts\/765\/revisions"}],"predecessor-version":[{"id":2108,"href":"https:\/\/crudelis.fr\/site\/covid1984\/wp-json\/wp\/v2\/posts\/765\/revisions\/2108"}],"wp:attachment":[{"href":"https:\/\/crudelis.fr\/site\/covid1984\/wp-json\/wp\/v2\/media?parent=765"}],"wp:term":[{"taxonomy":"category","embeddable":true,"href":"https:\/\/crudelis.fr\/site\/covid1984\/wp-json\/wp\/v2\/categories?post=765"},{"taxonomy":"post_tag","embeddable":true,"href":"https:\/\/crudelis.fr\/site\/covid1984\/wp-json\/wp\/v2\/tags?post=765"}],"curies":[{"name":"wp","href":"https:\/\/api.w.org\/{rel}","templated":true}]}}